{"id":11589,"date":"2023-12-16T17:34:47","date_gmt":"2023-12-16T20:34:47","guid":{"rendered":"https:\/\/vimagazine.com.br\/?p=11589"},"modified":"2023-12-16T17:34:50","modified_gmt":"2023-12-16T20:34:50","slug":"shoppings-catuai-e-maringa-park-se-unem-para-arrecadacao-conjunta-de-brinquedos-no-natal","status":"publish","type":"post","link":"https:\/\/vimagazine.com.br\/?p=11589","title":{"rendered":"Shoppings Catua\u00ed e Maring\u00e1 Park se unem para arrecada\u00e7\u00e3o conjunta de brinquedos no Natal"},"content":{"rendered":"\n<p class=\"has-text-align-center\"><em>Itens ser\u00e3o destinados \u00e0s crian\u00e7as atendidas pelo\u00a0Projeto Estrela M\u00e3e e Instituto Lins de Vasconcellos;\u00a0<\/em><\/p>\n\n\n\n<p class=\"has-text-align-center\"><em>a\u00e7\u00e3o solid\u00e1ria vai at\u00e9 dia 20<\/em><\/p>\n\n\n\n<p class=\"has-text-align-center\">Os shoppings Catua\u00ed Maring\u00e1 e Maring\u00e1 Park firmam alian\u00e7a em prol de um objetivo nobre: arrecadar o m\u00e1ximo de brinquedos para tornar m\u00e1gico o Natal de crian\u00e7as carentes da cidade.<\/p>\n\n\n\n<p class=\"has-text-align-center\"> A campanha conjunta entre os shoppings aceita brinquedos novos e usados em bom estado de conserva\u00e7\u00e3o, e deve ser feita presencialmente no Catua\u00ed at\u00e9 o dia 18 de dezembro, e no Maring\u00e1 Park at\u00e9 o dia 20.\u00a0<\/p>\n\n\n\n<p class=\"has-text-align-center\">As caixas de coleta est\u00e3o posicionadas na pra\u00e7a central ao lado do Espa\u00e7o Cliente (Catua\u00ed) e no 1\u00ba piso na estrela central (Maring\u00e1 Park). <\/p>\n\n\n\n<p class=\"has-text-align-center\">Todos os itens arrecadados ser\u00e3o entregues para duas institui\u00e7\u00f5es de caridade: o Projeto Estrela M\u00e3e, que atua em benef\u00edcio \u00e0s crian\u00e7as em situa\u00e7\u00e3o de vulnerabilidade social de Pai\u00e7andu e ao Instituto Lins de Vasconcellos, entidade beneficente com atua\u00e7\u00e3o h\u00e1 mais de 15 anos em Maring\u00e1 no atendimento de fam\u00edlias e jovens em situa\u00e7\u00e3o de risco.\u00a0<\/p>\n\n\n\n<p class=\"has-text-align-center\">\u201cEssa \u00e9 uma a\u00e7\u00e3o muito sens\u00edvel e importante. Todas as m\u00eddias da cidade fazem alus\u00e3o ao brinquedo e ao momento de felicidade nesta \u00e9poca do ano. <\/p>\n\n\n\n<p class=\"has-text-align-center\">O Natal na Lins \u00e9 sin\u00f4nimo de amor, uni\u00e3o, solidariedade e carinho, mas \u00e9 tamb\u00e9m muito importante para as crian\u00e7as receberem, al\u00e9m de toda a nossa dedica\u00e7\u00e3o, os brinquedos que s\u00e3o sonhados durante todo o ano\u201d, declara Ana Carolina Tiene Andrade, gestora institucional da Lins de Vasconcelos.\u00a0<\/p>\n\n\n\n<p class=\"has-text-align-center\">\u201cO Natal \u00e9 tempo de solidariedade, \u00e9poca em que o esp\u00edrito acolhedor, de paz e de confraterniza\u00e7\u00e3o se aflora. Com base nestes valores, nos unimos ao Catua\u00ed para fazer o bem ao pr\u00f3ximo e promover a alegria de centenas de crian\u00e7as por meio de uma campanha de arrecada\u00e7\u00e3o de brinquedos\u201d, comenta o superintendente do Maring\u00e1 Park, Leandro Demardi.<\/p>\n\n\n\n<p class=\"has-text-align-center\">O superintendente do Catua\u00ed, Glaydson Trov\u00e3o, afirma que o p\u00fablico de Maring\u00e1 e regi\u00e3o \u00e9 solid\u00e1rio com as causas sociais, e a uni\u00e3o dos dois shoppings pode render uma quantidade significativa de brinquedos doados.&nbsp;<\/p>\n\n\n\n<p class=\"has-text-align-center\">\u201cOs shoppings deram as m\u00e3os por uma causa maior. Tanto o Catua\u00ed quanto o Maring\u00e1 Park s\u00e3o empreendimentos comprometidos com a comunidade, frequentemente promovendo a\u00e7\u00f5es sociais que beneficiam grupos em situa\u00e7\u00e3o de vulnerabilidade. <\/p>\n\n\n\n<p class=\"has-text-align-center\">Ent\u00e3o, tivemos a ideia de juntar for\u00e7as e fazermos uma campanha para arrecadarmos o m\u00e1ximo poss\u00edvel de brinquedos para as crian\u00e7as terem momentos de alegria neste per\u00edodo natalino\u201d, diz.<\/p>\n\n\n\n<p class=\"has-text-align-center\"><strong>Elton Telles<\/strong><\/p>\n","protected":false},"excerpt":{"rendered":"<p>Itens ser\u00e3o destinados \u00e0s crian\u00e7as atendidas pelo\u00a0Projeto Estrela M\u00e3e e Instituto Lins de Vasconcellos;\u00a0 a\u00e7\u00e3o&#8230;<\/p>\n","protected":false},"author":3,"featured_media":11590,"comment_status":"closed","ping_status":"open","sticky":false,"template":"","format":"standard","meta":{"om_disable_all_campaigns":false,"_monsterinsights_skip_tracking":false,"_monsterinsights_sitenote_active":false,"_monsterinsights_sitenote_note":"","_monsterinsights_sitenote_category":0,"spay_email":""},"categories":[1],"tags":[],"jetpack_featured_media_url":"https:\/\/vimagazine.com.br\/wp-content\/uploads\/2023\/12\/doacao_brinquedo_catuai_mga-park.jpeg","_links":{"self":[{"href":"https:\/\/vimagazine.com.br\/index.php?rest_route=\/wp\/v2\/posts\/11589"}],"collection":[{"href":"https:\/\/vimagazine.com.br\/index.php?rest_route=\/wp\/v2\/posts"}],"about":[{"href":"https:\/\/vimagazine.com.br\/index.php?rest_route=\/wp\/v2\/types\/post"}],"author":[{"embeddable":true,"href":"https:\/\/vimagazine.com.br\/index.php?rest_route=\/wp\/v2\/users\/3"}],"replies":[{"embeddable":true,"href":"https:\/\/vimagazine.com.br\/index.php?rest_route=%2Fwp%2Fv2%2Fcomments&post=11589"}],"version-history":[{"count":1,"href":"https:\/\/vimagazine.com.br\/index.php?rest_route=\/wp\/v2\/posts\/11589\/revisions"}],"predecessor-version":[{"id":11591,"href":"https:\/\/vimagazine.com.br\/index.php?rest_route=\/wp\/v2\/posts\/11589\/revisions\/11591"}],"wp:featuredmedia":[{"embeddable":true,"href":"https:\/\/vimagazine.com.br\/index.php?rest_route=\/wp\/v2\/media\/11590"}],"wp:attachment":[{"href":"https:\/\/vimagazine.com.br\/index.php?rest_route=%2Fwp%2Fv2%2Fmedia&parent=11589"}],"wp:term":[{"taxonomy":"category","embeddable":true,"href":"https:\/\/vimagazine.com.br\/index.php?rest_route=%2Fwp%2Fv2%2Fcategories&post=11589"},{"taxonomy":"post_tag","embeddable":true,"href":"https:\/\/vimagazine.com.br\/index.php?rest_route=%2Fwp%2Fv2%2Ftags&post=11589"}],"curies":[{"name":"wp","href":"https:\/\/api.w.org\/{rel}","templated":true}]}}