{"id":11668,"date":"2023-12-18T21:00:35","date_gmt":"2023-12-19T00:00:35","guid":{"rendered":"https:\/\/vimagazine.com.br\/?p=11668"},"modified":"2023-12-18T21:01:50","modified_gmt":"2023-12-19T00:01:50","slug":"filme-brasileiro-a-casa-da-arvore-vence-festival-do-cine-fantasy","status":"publish","type":"post","link":"https:\/\/vimagazine.com.br\/?p=11668","title":{"rendered":"Filme brasileiro A Casa da \u00e1rvore vence festival do Cine Fantasy"},"content":{"rendered":"\n<p><\/p>\n\n\n\n<p class=\"has-medium-font-size\">Os atores Pedro Bosnich , Cris Werson e o diretor e Fl\u00e1vio Erm\u00edrio est\u00e3o radiantes com a vit\u00f3ria na premia\u00e7\u00e3o que ocorreu no \u00faltimo s\u00e1bado no MIS em S\u00e3o Paulo.<\/p>\n\n\n\n<p class=\"has-medium-font-size\">O filme &#8220;A Casa da \u00e1rvore&#8221; vai representar o Cine Fantasy festival para concorrer ao grande premio da Fantlatam, a rede de cinema fant\u00e1stico da Am\u00e9rica Latina, composta por 32 festivais espalhados por todo continente.<br>Atraindo a aten\u00e7\u00e3o dos cr\u00edticos, o filme apresenta a hist\u00f3ria de Dora ( Cris Werson) uma bi\u00f3loga que mora sozinha em uma casa isolada onde realiza uma pesquisa eticamente question\u00e1vel. Procurando um parceiro em quem possa confiar, ela contrata um novo caseiro, Mateus ( Pedro Bosnich) sem imaginar que eles tamb\u00e9m esconde seus pr\u00f3prios segredos. Aos poucos, os dois se aproximam e Mateus finalmente descobre mais sobre a pesquisa de Dora, for\u00e7ando- o a tomar uma decis\u00e3o.<\/p>\n\n\n\n<figure class=\"wp-block-image size-large\"><img width=\"1024\" height=\"1021\" src=\"https:\/\/vimagazine.com.br\/wp-content\/uploads\/2023\/12\/WhatsApp-Image-2023-12-18-at-16.25.32-1024x1021.jpeg\" alt=\"\" class=\"wp-image-11670\" srcset=\"https:\/\/vimagazine.com.br\/wp-content\/uploads\/2023\/12\/WhatsApp-Image-2023-12-18-at-16.25.32-1024x1021.jpeg 1024w, https:\/\/vimagazine.com.br\/wp-content\/uploads\/2023\/12\/WhatsApp-Image-2023-12-18-at-16.25.32-300x300.jpeg 300w, https:\/\/vimagazine.com.br\/wp-content\/uploads\/2023\/12\/WhatsApp-Image-2023-12-18-at-16.25.32-150x150.jpeg 150w, https:\/\/vimagazine.com.br\/wp-content\/uploads\/2023\/12\/WhatsApp-Image-2023-12-18-at-16.25.32-768x766.jpeg 768w, https:\/\/vimagazine.com.br\/wp-content\/uploads\/2023\/12\/WhatsApp-Image-2023-12-18-at-16.25.32.jpeg 1116w\" sizes=\"(max-width: 1024px) 100vw, 1024px\" \/><\/figure>\n","protected":false},"excerpt":{"rendered":"<p>Os atores Pedro Bosnich , Cris Werson e o diretor e Fl\u00e1vio Erm\u00edrio est\u00e3o radiantes&#8230;<\/p>\n","protected":false},"author":1,"featured_media":11672,"comment_status":"closed","ping_status":"open","sticky":false,"template":"","format":"standard","meta":{"om_disable_all_campaigns":false,"_monsterinsights_skip_tracking":false,"_monsterinsights_sitenote_active":false,"_monsterinsights_sitenote_note":"","_monsterinsights_sitenote_category":0,"spay_email":""},"categories":[26],"tags":[],"jetpack_featured_media_url":"https:\/\/vimagazine.com.br\/wp-content\/uploads\/2023\/12\/WhatsApp-Image-2023-12-18-at-16.25.29-1.jpeg","_links":{"self":[{"href":"https:\/\/vimagazine.com.br\/index.php?rest_route=\/wp\/v2\/posts\/11668"}],"collection":[{"href":"https:\/\/vimagazine.com.br\/index.php?rest_route=\/wp\/v2\/posts"}],"about":[{"href":"https:\/\/vimagazine.com.br\/index.php?rest_route=\/wp\/v2\/types\/post"}],"author":[{"embeddable":true,"href":"https:\/\/vimagazine.com.br\/index.php?rest_route=\/wp\/v2\/users\/1"}],"replies":[{"embeddable":true,"href":"https:\/\/vimagazine.com.br\/index.php?rest_route=%2Fwp%2Fv2%2Fcomments&post=11668"}],"version-history":[{"count":1,"href":"https:\/\/vimagazine.com.br\/index.php?rest_route=\/wp\/v2\/posts\/11668\/revisions"}],"predecessor-version":[{"id":11671,"href":"https:\/\/vimagazine.com.br\/index.php?rest_route=\/wp\/v2\/posts\/11668\/revisions\/11671"}],"wp:featuredmedia":[{"embeddable":true,"href":"https:\/\/vimagazine.com.br\/index.php?rest_route=\/wp\/v2\/media\/11672"}],"wp:attachment":[{"href":"https:\/\/vimagazine.com.br\/index.php?rest_route=%2Fwp%2Fv2%2Fmedia&parent=11668"}],"wp:term":[{"taxonomy":"category","embeddable":true,"href":"https:\/\/vimagazine.com.br\/index.php?rest_route=%2Fwp%2Fv2%2Fcategories&post=11668"},{"taxonomy":"post_tag","embeddable":true,"href":"https:\/\/vimagazine.com.br\/index.php?rest_route=%2Fwp%2Fv2%2Ftags&post=11668"}],"curies":[{"name":"wp","href":"https:\/\/api.w.org\/{rel}","templated":true}]}}