{"id":11701,"date":"2023-12-27T11:07:26","date_gmt":"2023-12-27T14:07:26","guid":{"rendered":"https:\/\/vimagazine.com.br\/?p=11701"},"modified":"2023-12-27T11:07:27","modified_gmt":"2023-12-27T14:07:27","slug":"ana-bittar-prestigia-show-de-mauricio-manieri","status":"publish","type":"post","link":"https:\/\/vimagazine.com.br\/?p=11701","title":{"rendered":"Ana Bittar prestigia show de Maur\u00edcio Manieri"},"content":{"rendered":"\n<p>A jornalista e artista pl\u00e1stica Ana Bittar prestigiou o Show de Maur\u00edcio Manieri na ultima sexta feira, dia 22 de dezembro.<\/p>\n\n\n\n<p>O Show Romantic Classics foi realizado no Espa\u00e7o Unimed e estava lotado.<\/p>\n\n\n\n<p>O show contou com a participa\u00e7\u00e3o especial do cantor Jon Secada.<\/p>\n\n\n\n<p>Maur\u00edcio tamb\u00e9m cantou uma m\u00fasica com seu filho Marco e dan\u00e7ou &#8220;Lady in red&#8221; com sua esposa Iza Stein.<\/p>\n\n\n\n<p>Maur\u00edcio canta sucessos dos anos 80 e o p\u00fablico canta e dan\u00e7a todas.&nbsp;<\/p>\n\n\n\n<p>&#8220;Foi maravilhoso, vale a pena&#8221; concluiu Ana<\/p>\n","protected":false},"excerpt":{"rendered":"<p>A jornalista e artista pl\u00e1stica Ana Bittar prestigiou o Show de Maur\u00edcio Manieri na ultima&#8230;<\/p>\n","protected":false},"author":19,"featured_media":11702,"comment_status":"closed","ping_status":"open","sticky":false,"template":"","format":"standard","meta":{"om_disable_all_campaigns":false,"_monsterinsights_skip_tracking":false,"_monsterinsights_sitenote_active":false,"_monsterinsights_sitenote_note":"","_monsterinsights_sitenote_category":0,"spay_email":""},"categories":[26],"tags":[],"jetpack_featured_media_url":"https:\/\/vimagazine.com.br\/wp-content\/uploads\/2023\/12\/IMG_20231222_235320.jpg","_links":{"self":[{"href":"https:\/\/vimagazine.com.br\/index.php?rest_route=\/wp\/v2\/posts\/11701"}],"collection":[{"href":"https:\/\/vimagazine.com.br\/index.php?rest_route=\/wp\/v2\/posts"}],"about":[{"href":"https:\/\/vimagazine.com.br\/index.php?rest_route=\/wp\/v2\/types\/post"}],"author":[{"embeddable":true,"href":"https:\/\/vimagazine.com.br\/index.php?rest_route=\/wp\/v2\/users\/19"}],"replies":[{"embeddable":true,"href":"https:\/\/vimagazine.com.br\/index.php?rest_route=%2Fwp%2Fv2%2Fcomments&post=11701"}],"version-history":[{"count":1,"href":"https:\/\/vimagazine.com.br\/index.php?rest_route=\/wp\/v2\/posts\/11701\/revisions"}],"predecessor-version":[{"id":11703,"href":"https:\/\/vimagazine.com.br\/index.php?rest_route=\/wp\/v2\/posts\/11701\/revisions\/11703"}],"wp:featuredmedia":[{"embeddable":true,"href":"https:\/\/vimagazine.com.br\/index.php?rest_route=\/wp\/v2\/media\/11702"}],"wp:attachment":[{"href":"https:\/\/vimagazine.com.br\/index.php?rest_route=%2Fwp%2Fv2%2Fmedia&parent=11701"}],"wp:term":[{"taxonomy":"category","embeddable":true,"href":"https:\/\/vimagazine.com.br\/index.php?rest_route=%2Fwp%2Fv2%2Fcategories&post=11701"},{"taxonomy":"post_tag","embeddable":true,"href":"https:\/\/vimagazine.com.br\/index.php?rest_route=%2Fwp%2Fv2%2Ftags&post=11701"}],"curies":[{"name":"wp","href":"https:\/\/api.w.org\/{rel}","templated":true}]}}