{"id":11725,"date":"2023-12-29T17:56:00","date_gmt":"2023-12-29T20:56:00","guid":{"rendered":"https:\/\/vimagazine.com.br\/?p=11725"},"modified":"2023-12-30T13:17:22","modified_gmt":"2023-12-30T16:17:22","slug":"sebrae-sc-escolhe-fabio-burigo-zanuzzi-como-diretor-tecnico","status":"publish","type":"post","link":"https:\/\/vimagazine.com.br\/?p=11725","title":{"rendered":"Sebrae-SC escolhe F\u00e1bio B\u00farigo Zanuzzi como diretor t\u00e9cnico"},"content":{"rendered":"\n<p>Pleito ocorreu nesta sexta-feira (29) e eleito \u00e9 funcion\u00e1rio da entidade h\u00e1 mais de 20 anos<\/p>\n\n\n\n<p>O Conselho Deliberativo do Sebrae\/SC elegeu nesta sexta-feira, 29 de dezembro, o novo diretor t\u00e9cnico da entidade. Quem assume \u00e9 o engenheiro agr\u00f4nomo F\u00e1bio B\u00farigo Zanuzzi, funcion\u00e1rio do Sebrae desde 2000. A posse est\u00e1 marcada para o dia 4 de janeiro.<\/p>\n\n\n\n<p>O presidente do Conselho Deliberativo do Sebrae\/SC, Renato Campos Carvalho, destaca a escolha t\u00e9cnica do Conselho. \u201cEntendemos a import\u00e2ncia dessa diretoria para o Sebrae e a escolha do Conselho foi por algu\u00e9m que conhece a institui\u00e7\u00e3o h\u00e1 anos e que sabe o que as micro e pequenas empresas catarinenses precisam. Esse movimento de escolha t\u00e9cnica para a diretoria do Sebrae \u00e9 un\u00e2nime entre o Conselho e dever\u00e1 seguir daqui para frente. Estamos otimistas e acreditamos que a diretoria executiva, agora com a chegada do F\u00e1bio, seguir\u00e1 fazendo um trabalho de excel\u00eancia at\u00e9 o fim dessa gest\u00e3o\u201d, comenta.<\/p>\n\n\n\n<p>Durante os mais de 20 anos trabalhando no Sebrae, F\u00e1bio j\u00e1 atuou como gerente em Santa Catarina, per\u00edodo em que liderou a idealiza\u00e7\u00e3o e estrutura\u00e7\u00e3o de importantes projetos, hoje reconhecidos nacionalmente, como o Programa Cidade Empreendedora, o Startup Summit e projetos de Indica\u00e7\u00e3o Geogr\u00e1fica do Estado. Desde agosto de 2021, a convite da diretoria executiva do Sebrae Nacional, estava em Bras\u00edlia como Gerente de Desenvolvimento Territorial, onde foi respons\u00e1vel por nacionalizar o Programa Cidade Empreendedora, atualmente presente em mais de 2.500 munic\u00edpios brasileiros.<\/p>\n","protected":false},"excerpt":{"rendered":"<p>Pleito ocorreu nesta sexta-feira (29) e eleito \u00e9 funcion\u00e1rio da entidade h\u00e1 mais de 20&#8230;<\/p>\n","protected":false},"author":20,"featured_media":11732,"comment_status":"closed","ping_status":"open","sticky":false,"template":"","format":"standard","meta":{"om_disable_all_campaigns":false,"_monsterinsights_skip_tracking":false,"_monsterinsights_sitenote_active":false,"_monsterinsights_sitenote_note":"","_monsterinsights_sitenote_category":0,"spay_email":""},"categories":[1],"tags":[],"jetpack_featured_media_url":"https:\/\/vimagazine.com.br\/wp-content\/uploads\/2023\/12\/WhatsApp-Image-2023-12-29-at-15.39.14-1.jpg","_links":{"self":[{"href":"https:\/\/vimagazine.com.br\/index.php?rest_route=\/wp\/v2\/posts\/11725"}],"collection":[{"href":"https:\/\/vimagazine.com.br\/index.php?rest_route=\/wp\/v2\/posts"}],"about":[{"href":"https:\/\/vimagazine.com.br\/index.php?rest_route=\/wp\/v2\/types\/post"}],"author":[{"embeddable":true,"href":"https:\/\/vimagazine.com.br\/index.php?rest_route=\/wp\/v2\/users\/20"}],"replies":[{"embeddable":true,"href":"https:\/\/vimagazine.com.br\/index.php?rest_route=%2Fwp%2Fv2%2Fcomments&post=11725"}],"version-history":[{"count":2,"href":"https:\/\/vimagazine.com.br\/index.php?rest_route=\/wp\/v2\/posts\/11725\/revisions"}],"predecessor-version":[{"id":11729,"href":"https:\/\/vimagazine.com.br\/index.php?rest_route=\/wp\/v2\/posts\/11725\/revisions\/11729"}],"wp:featuredmedia":[{"embeddable":true,"href":"https:\/\/vimagazine.com.br\/index.php?rest_route=\/wp\/v2\/media\/11732"}],"wp:attachment":[{"href":"https:\/\/vimagazine.com.br\/index.php?rest_route=%2Fwp%2Fv2%2Fmedia&parent=11725"}],"wp:term":[{"taxonomy":"category","embeddable":true,"href":"https:\/\/vimagazine.com.br\/index.php?rest_route=%2Fwp%2Fv2%2Fcategories&post=11725"},{"taxonomy":"post_tag","embeddable":true,"href":"https:\/\/vimagazine.com.br\/index.php?rest_route=%2Fwp%2Fv2%2Ftags&post=11725"}],"curies":[{"name":"wp","href":"https:\/\/api.w.org\/{rel}","templated":true}]}}