{"id":11736,"date":"2023-12-30T16:52:04","date_gmt":"2023-12-30T19:52:04","guid":{"rendered":"https:\/\/vimagazine.com.br\/?p=11736"},"modified":"2023-12-30T16:52:08","modified_gmt":"2023-12-30T19:52:08","slug":"mirage-circus-surpreende-com-show-de-globo-da-morte-a-beira-mar-em-balneario-camboriu","status":"publish","type":"post","link":"https:\/\/vimagazine.com.br\/?p=11736","title":{"rendered":"Mirage Circus surpreende com Show de Globo da Morte \u00e0 Beira-mar em Balne\u00e1rio Cambori\u00fa"},"content":{"rendered":"\n<p><\/p>\n\n\n\n<p><\/p>\n\n\n\n<p>Um espet\u00e1culo que surpreendeu do in\u00edcio ao fim e marcou a chegada do Mirage Circus a Balne\u00e1rio Cambori\u00fa. Aos p\u00e9s da imponente FG Big Wheel, o maior circo da Am\u00e9rica do Sul fez um lan\u00e7amento hist\u00f3rico de uma temporada. Centenas de pessoas acompanharam um show eletrizante do Globo da Morte, no Molhe do Pontal Norte.<\/p>\n\n\n\n<p>O anfitri\u00e3o, o ator Marcos Frota, comandou todo o Desafio Radical que come\u00e7ou com um p\u00f4r do sol espetacular, emoldurando o cen\u00e1rio montado \u00e0 beira-mar. A apresenta\u00e7\u00e3o iniciou com um motociclista, e a todo o momento o p\u00fablico parecia entrar em \u00eaxtase, ao vibrar com as manobras radicais.<\/p>\n\n\n\n<p>Com celulares na m\u00e3o, turistas e moradores que tomaram conta da faixa de areia, registraram cada detalhe da apresenta\u00e7\u00e3o ousada e impressionante. Crian\u00e7as e adultos chegaram a se emocionar com a experi\u00eancia que estavam vivendo. &#8220;Foi radical demais, eu amei&#8221;, falou a pequena Laura Maria, que veio de Florian\u00f3polis para acompanhar a apresenta\u00e7\u00e3o in\u00e9dita na Barra Norte.<\/p>\n\n\n\n<p>Durante toda a apresenta\u00e7\u00e3o, que durou cerca de 40 minutos, a FG Big Wheel estava iluminada de vermelho e exibiu o nome do Mirage Circus nos estaios, trazendo ainda mais a magia do circo para a orla de Balne\u00e1rio Cambori\u00fa.<\/p>\n\n\n\n<p>Rose Castro acompanhou o show bem de perto e disse que est\u00e1 ansiosa para estar na plateia do Mirage Circus. &#8220;Que apresenta\u00e7\u00e3o maravilhosa, espetacular, emocionante, agregou muito para a cidade de Balne\u00e1rio Cambori\u00fa. Agora quero ver o show completo&#8221;, comentou a moradora da cidade.<\/p>\n\n\n\n<p><\/p>\n\n\n\n<figure class=\"wp-block-video\"><video controls src=\"https:\/\/vimagazine.com.br\/wp-content\/uploads\/2023\/12\/InShot_20231229_221555459.mp4\"><\/video><\/figure>\n\n\n\n<p><strong>Saltos ao ar-livre<\/strong><\/p>\n\n\n\n<p>Enquanto os motores roncavam dentro do Globo da Morte, outros motociclistas exibiam um show de habilidade e coragem do lado de fora. Foram realizados quatro saltos sobre a esfera met\u00e1lica, impressionando o p\u00fablico. Por duas vezes, a ousadia de um dos motociclistas foi al\u00e9m, dando um salto mortal, elevando ainda mais o n\u00edvel de adrenalina do espet\u00e1culo.<\/p>\n\n\n\n<p>&#8220;Que salto lindo. Que show incr\u00edvel o Mirage Circus trouxe para Balne\u00e1rio Cambori\u00fa e ainda aos p\u00e9s da Roda Gigante. Eu ainda n\u00e3o tinha visto nada igual&#8221;, contou Kleber Anjos, de Curitiba.<\/p>\n\n\n\n<p>Com uma simpatia sem igual, Marcos Frota interagiu a todo instante com o p\u00fablico, chegou a emitir o Tonho da Lua, seu papel mais marcante na televis\u00e3o e por diversas vezes elogiou a cidade que recebe a temporada do Mirage Circus.<\/p>\n\n\n\n<p>&#8220;Balne\u00e1rio Cambori\u00fa tem o ver\u00e3o mais badalado do Brasil, e o que acontece aqui repercute no pa\u00eds inteiro. Poder trazer o Mirage Circus para c\u00e1, \u00e9 algo grandioso. N\u00f3s queremos proporcionar uma experi\u00eancia inesquec\u00edvel ao p\u00fablico que visita a cidade, vindo de todos os cantos do Brasil. Quem esteve nesta noite m\u00e1gica com o Globo da Morte \u00e0 beira-mar, viveu um pedacinho da magia que \u00e9 estar no picadeiro&#8221;, relatou Marcos Frota ainda euf\u00f3rico com a apresenta\u00e7\u00e3o ao ar-livre, que teve cinco motos rodando ao mesmo tempo, dentro do Globo da Morte.<\/p>\n\n\n\n<p><strong>Toque Feminino no Desafio Radical<\/strong><\/p>\n\n\n\n<p>Quando o ator anunciou a chegada da quinta moto, revelando mais uma surpresa ao p\u00fablico, a aten\u00e7\u00e3o se voltou para Ludmila, que tornaria o espet\u00e1culo ainda mais incr\u00edvel e radical. Totalmente trajada de branco, com maquiagem marcante e cabelos longos, Frota apresentou com entusiasmo a corajosa motociclista.<\/p>\n\n\n\n<p>&#8220;Hoje existem poucas mulheres no mundo com coragem de entrar num Globo da Morte, e n\u00f3s temos a honra de ter a Ludmila no Mirage Circus&#8221;, frisou o ator Marcos Frota.<\/p>\n\n\n\n<p>Ludmila Robatini, de fam\u00edlia circense, herdou do pai a paix\u00e3o radical. Ela tinha apenas 7 anos quando entrou a primeira vez num Globo da Morte, e conta que cada vez que se apresenta a emo\u00e7\u00e3o \u00e9 \u00fanica.<\/p>\n\n\n\n<p>&#8220;Eu tive hoje uma experi\u00eancia inesquec\u00edvel, numa cidade maravilhosa que \u00e9 Balne\u00e1rio Cambori\u00fa. Foi uma adrenalina que eu vou guardar para o resto da minha vida&#8221;, falou emocionada a motociclista que se apresentou ao lado do irm\u00e3o Rodrigo e do primo Diego Robatini, e de Hermes Brascuper e Santiago.<\/p>\n\n\n\n<p><\/p>\n\n\n\n<figure class=\"wp-container-2 wp-block-gallery-1 wp-block-gallery has-nested-images columns-2 is-cropped\">\n<figure class=\"wp-block-image size-large\"><img width=\"1600\" height=\"900\" data-id=\"11737\"  src=\"https:\/\/vimagazine.com.br\/wp-content\/uploads\/2023\/12\/@drone.cyrillo-5.jpeg\" alt=\"\" class=\"wp-image-11737\" srcset=\"https:\/\/vimagazine.com.br\/wp-content\/uploads\/2023\/12\/@drone.cyrillo-5.jpeg 1600w, https:\/\/vimagazine.com.br\/wp-content\/uploads\/2023\/12\/@drone.cyrillo-5-300x169.jpeg 300w, https:\/\/vimagazine.com.br\/wp-content\/uploads\/2023\/12\/@drone.cyrillo-5-1024x576.jpeg 1024w, https:\/\/vimagazine.com.br\/wp-content\/uploads\/2023\/12\/@drone.cyrillo-5-768x432.jpeg 768w, https:\/\/vimagazine.com.br\/wp-content\/uploads\/2023\/12\/@drone.cyrillo-5-1536x864.jpeg 1536w\" sizes=\"(max-width: 1600px) 100vw, 1600px\" \/><\/figure>\n\n\n\n<figure class=\"wp-block-image size-large\"><img width=\"1600\" height=\"1066\" data-id=\"11738\"  src=\"https:\/\/vimagazine.com.br\/wp-content\/uploads\/2023\/12\/@drone.cyrillo-4.jpeg\" alt=\"\" class=\"wp-image-11738\" srcset=\"https:\/\/vimagazine.com.br\/wp-content\/uploads\/2023\/12\/@drone.cyrillo-4.jpeg 1600w, https:\/\/vimagazine.com.br\/wp-content\/uploads\/2023\/12\/@drone.cyrillo-4-300x200.jpeg 300w, https:\/\/vimagazine.com.br\/wp-content\/uploads\/2023\/12\/@drone.cyrillo-4-1024x682.jpeg 1024w, https:\/\/vimagazine.com.br\/wp-content\/uploads\/2023\/12\/@drone.cyrillo-4-768x512.jpeg 768w, https:\/\/vimagazine.com.br\/wp-content\/uploads\/2023\/12\/@drone.cyrillo-4-1536x1023.jpeg 1536w\" sizes=\"(max-width: 1600px) 100vw, 1600px\" \/><\/figure>\n\n\n\n<figure class=\"wp-block-image size-large\"><img width=\"1600\" height=\"900\" data-id=\"11739\"  src=\"https:\/\/vimagazine.com.br\/wp-content\/uploads\/2023\/12\/@drone.cyrillo-2.jpeg\" alt=\"\" class=\"wp-image-11739\" srcset=\"https:\/\/vimagazine.com.br\/wp-content\/uploads\/2023\/12\/@drone.cyrillo-2.jpeg 1600w, https:\/\/vimagazine.com.br\/wp-content\/uploads\/2023\/12\/@drone.cyrillo-2-300x169.jpeg 300w, https:\/\/vimagazine.com.br\/wp-content\/uploads\/2023\/12\/@drone.cyrillo-2-1024x576.jpeg 1024w, https:\/\/vimagazine.com.br\/wp-content\/uploads\/2023\/12\/@drone.cyrillo-2-768x432.jpeg 768w, https:\/\/vimagazine.com.br\/wp-content\/uploads\/2023\/12\/@drone.cyrillo-2-1536x864.jpeg 1536w\" sizes=\"(max-width: 1600px) 100vw, 1600px\" \/><\/figure>\n\n\n\n<figure class=\"wp-block-image size-large\"><img width=\"1600\" height=\"900\" data-id=\"11740\"  src=\"https:\/\/vimagazine.com.br\/wp-content\/uploads\/2023\/12\/@drone.cyrillo-1.jpeg\" alt=\"\" class=\"wp-image-11740\" srcset=\"https:\/\/vimagazine.com.br\/wp-content\/uploads\/2023\/12\/@drone.cyrillo-1.jpeg 1600w, https:\/\/vimagazine.com.br\/wp-content\/uploads\/2023\/12\/@drone.cyrillo-1-300x169.jpeg 300w, https:\/\/vimagazine.com.br\/wp-content\/uploads\/2023\/12\/@drone.cyrillo-1-1024x576.jpeg 1024w, https:\/\/vimagazine.com.br\/wp-content\/uploads\/2023\/12\/@drone.cyrillo-1-768x432.jpeg 768w, https:\/\/vimagazine.com.br\/wp-content\/uploads\/2023\/12\/@drone.cyrillo-1-1536x864.jpeg 1536w\" sizes=\"(max-width: 1600px) 100vw, 1600px\" \/><\/figure>\n<\/figure>\n\n\n\n<p><strong>Mirage Circus em Balne\u00e1rio Cambori\u00fa<\/strong><\/p>\n\n\n\n<p>O Mirage Circus j\u00e1 est\u00e1 com tudo pronto para receber o p\u00fablico a partir do dia 01\u00ba de Janeiro, em Balne\u00e1rio Cambori\u00fa. A Cidade do Circo est\u00e1 montada ao lado do Expocentro, \u00e0s margens da BR 101.<\/p>\n\n\n\n<p>S\u00e3o 40 mil metros com uma estrutura que surpreende. Na parte interna, logo na entrada, um enorme carrossel brilha os olhos das crian\u00e7as. Uma pra\u00e7a de alimenta\u00e7\u00e3o diversificada, ambientes projetados para proporcionar acessibilidade e conforto, e sistemas de climatiza\u00e7\u00e3o, fazem a experi\u00eancia do visitante ficar ainda mais completa no Mirage Circus.<\/p>\n\n\n\n<p>Com capacidade para 1.300 pessoas por sess\u00e3o, o Gigante Brasileiro, como \u00e9 conhecido, traz ao litoral norte catarinense, apresenta\u00e7\u00f5es m\u00e1gicas, e um elenco surpreendente de malabaristas, acrobatas, trapezistas, ilusionistas, contorcionistas, motociclistas e palha\u00e7os.<\/p>\n\n\n\n<p>Os ingressos para a temporada em Balne\u00e1rio Cambori\u00fa est\u00e3o \u00e0 venda no site&nbsp;<a href=\"http:\/\/www.miragecircus.com.br\/\" target=\"_blank\" rel=\"noreferrer noopener\">www.miragecircus.com.br<\/a>&nbsp;e custam a partir de R$ 25,00. S\u00e3o quase duas horas de uma experi\u00eancia incr\u00edvel e marcante para toda a fam\u00edlia.<\/p>\n\n\n\n<p>Circo do ator Marcos Frota estreia dia 01\u00ba de Janeiro na cidade<\/p>\n\n\n\n<p><br><strong>Mirage Circus em Balne\u00e1rio Cambori\u00fa<\/strong><br>Data: A partir de 01\u00ba de janeiro de 2024<br>Mais informa\u00e7\u00f5es, hor\u00e1rios dos espet\u00e1culos, e valores no site\u00a0<a href=\"http:\/\/www.miragecircus.com.br\/\" target=\"_blank\" rel=\"noreferrer noopener\">www.miragecircus.com.br<\/a><br>Instagram: @miragecircusbrasil<\/p>\n\n\n\n<p><\/p>\n\n\n\n<p>V\u00eddeos verticais: @drone.cyrillo<\/p>\n\n\n\n<p><\/p>\n","protected":false},"excerpt":{"rendered":"<p>Um espet\u00e1culo que surpreendeu do in\u00edcio ao fim e marcou a chegada do Mirage Circus&#8230;<\/p>\n","protected":false},"author":1,"featured_media":11737,"comment_status":"closed","ping_status":"open","sticky":false,"template":"","format":"standard","meta":{"om_disable_all_campaigns":false,"_monsterinsights_skip_tracking":false,"_monsterinsights_sitenote_active":false,"_monsterinsights_sitenote_note":"","_monsterinsights_sitenote_category":0,"spay_email":""},"categories":[26],"tags":[],"jetpack_featured_media_url":"https:\/\/vimagazine.com.br\/wp-content\/uploads\/2023\/12\/@drone.cyrillo-5.jpeg","_links":{"self":[{"href":"https:\/\/vimagazine.com.br\/index.php?rest_route=\/wp\/v2\/posts\/11736"}],"collection":[{"href":"https:\/\/vimagazine.com.br\/index.php?rest_route=\/wp\/v2\/posts"}],"about":[{"href":"https:\/\/vimagazine.com.br\/index.php?rest_route=\/wp\/v2\/types\/post"}],"author":[{"embeddable":true,"href":"https:\/\/vimagazine.com.br\/index.php?rest_route=\/wp\/v2\/users\/1"}],"replies":[{"embeddable":true,"href":"https:\/\/vimagazine.com.br\/index.php?rest_route=%2Fwp%2Fv2%2Fcomments&post=11736"}],"version-history":[{"count":1,"href":"https:\/\/vimagazine.com.br\/index.php?rest_route=\/wp\/v2\/posts\/11736\/revisions"}],"predecessor-version":[{"id":11743,"href":"https:\/\/vimagazine.com.br\/index.php?rest_route=\/wp\/v2\/posts\/11736\/revisions\/11743"}],"wp:featuredmedia":[{"embeddable":true,"href":"https:\/\/vimagazine.com.br\/index.php?rest_route=\/wp\/v2\/media\/11737"}],"wp:attachment":[{"href":"https:\/\/vimagazine.com.br\/index.php?rest_route=%2Fwp%2Fv2%2Fmedia&parent=11736"}],"wp:term":[{"taxonomy":"category","embeddable":true,"href":"https:\/\/vimagazine.com.br\/index.php?rest_route=%2Fwp%2Fv2%2Fcategories&post=11736"},{"taxonomy":"post_tag","embeddable":true,"href":"https:\/\/vimagazine.com.br\/index.php?rest_route=%2Fwp%2Fv2%2Ftags&post=11736"}],"curies":[{"name":"wp","href":"https:\/\/api.w.org\/{rel}","templated":true}]}}