{"id":11798,"date":"2024-01-09T16:27:58","date_gmt":"2024-01-09T19:27:58","guid":{"rendered":"https:\/\/vimagazine.com.br\/?p=11798"},"modified":"2024-01-09T16:27:59","modified_gmt":"2024-01-09T19:27:59","slug":"dani-danilo-paciencia-comigo-com-participacao-especial-de-matogrosso-dois-amigos-e-uma-historia-de-sucesso","status":"publish","type":"post","link":"https:\/\/vimagazine.com.br\/?p=11798","title":{"rendered":"Dani &amp; Danilo: &#8216;Paci\u00eancia Comigo&#8217;, com Participa\u00e7\u00e3o Especial de Matogrosso, Dois Amigos e Uma Hist\u00f3ria de Sucesso"},"content":{"rendered":"\n<p><strong>&nbsp;<\/strong>A Dupla sertaneja&nbsp;<strong><em>DANI &nbsp;&amp; DANILO,&nbsp;<\/em><\/strong>resgata e faz uma releitura da m\u00fasica&nbsp;<strong><em>\u201cPACI\u00caNCIA COMIGO\u201d<\/em><\/strong>, lan\u00e7ada originalmente no seu terceiro \u00e1lbum&nbsp;<strong><em>(N\u00d3IS CAPOTA MAIS NUM BRECA)<\/em><\/strong>&nbsp;em 2004. Com uma nova roupagem, a m\u00fasica, de autoria de&nbsp;<strong><em>DANI \/ DANILO<\/em><\/strong>, tem participa\u00e7\u00e3o de&nbsp;<strong><em>MATOGROSSO<\/em><\/strong>, da Dupla&nbsp;<strong><em>MATOGROSSO E MATHIAS.<\/em><\/strong><\/p>\n\n\n\n<p>ASSISTA O CLIPE \u201c<strong>PACI\u00caNCIA COMIGO<\/strong>\u201d,\u00a0\u00a0<a href=\"https:\/\/www.youtube.com\/watch?v=rjPUEBnVFno\" target=\"_blank\" rel=\"noreferrer noopener\">https:\/\/www.youtube.com\/watch?v=rjPUEBnVFno<\/a><\/p>\n\n\n\n<p>A m\u00fasica &#8220;Paci\u00eancia Comigo&#8221; fala sobre um amor mal resolvido. O protagonista reconhece seus erros, lamenta n\u00e3o ter amado como deveria, e pede paci\u00eancia \u00e0 pessoa amada enquanto enfrenta as consequ\u00eancias desse amor bandido. Mesmo estando machucado, ele expressa o desejo de amar novamente, mas pede compreens\u00e3o e tempo para superar as feridas do passado.<\/p>\n\n\n\n<p><strong><em>&nbsp;&nbsp;&nbsp;&nbsp;&nbsp;&nbsp;&nbsp;&nbsp;&nbsp;&nbsp;&nbsp;&nbsp;<\/em><\/strong>N\u00e3o \u00e9 novidade pra ningu\u00e9m<strong>&nbsp;<\/strong>que o publico sertanejo vem sentindo muita falta de m\u00fasicas com mais conte\u00fado, cansado que est\u00e1 de ouvir muita coisa igual ultimamente. Mais e mais Duplas sertanejas, com estilo mais cl\u00e1ssico, est\u00e3o aproveitando o momento e lan\u00e7ando ou relan\u00e7ando m\u00fasicas novas, e t\u00eam encontrado cada vez mais espa\u00e7o no cen\u00e1rio atual.<\/p>\n\n\n\n<p><strong><em>\u201cResolvemos relan\u00e7ar essa can\u00e7\u00e3o porque na \u00e9poca em que foi lan\u00e7ada n\u00e3o foi muito bem divulgada, e nos shows o p\u00fablico sempre pede essa m\u00fasica. Agora, com essa nova roupagem, com novos arranjos, ela ficou mais moderna e atual\u201d<\/em><\/strong>&nbsp;diz&nbsp;<strong><em>DANILO,&nbsp;<\/em><\/strong>primeira voz da Dupla \u2013 e continua \u2013&nbsp;<strong><em>\u201cEm todas as \u00e9pocas conhecemos tend\u00eancias musicais diferentes, com novos estilos, mas todas elas acabam passando e o que fica no final \u00e9 a verdadeira m\u00fasica sertaneja, que nunca tem prazo de validade. O mercado musical hoje est\u00e1 muito bom, pra quem trabalha s\u00e9rio, como \u00e9 o nosso caso, com 35 anos de trabalho, dez discos gravados, DVDs&#8230; Ent\u00e3o, pra gente, que acredita na boa m\u00fasica, com letras bem elaboradas e com melodias e arranjos caprichados, \u00e9 um momento muito bom porque estamos mais valorizados. Nosso pr\u00f3ximo projeto \u00e9 um DVD comemorativo de 35 anos, e o p\u00fablico pode esperar que vem coisa boa por a\u00ed, com muita m\u00fasica boa, na pegada que os nossos f\u00e3s est\u00e3o pedindo. Com isso esperamos n\u00e3o s\u00f3 matar a saudade deles como tamb\u00e9m conquistar novos f\u00e3s\u201d.<\/em><\/strong><\/p>\n\n\n\n<p><strong>SOBRE DANI &amp; DANILO &#8211; DOIS AMIGOS E UMA HIST\u00d3RIA DE SUCESSO!!!<\/strong><\/p>\n\n\n\n<p>A Dupla sertaneja<strong><em>&nbsp;DANI &amp; DANILO<\/em><\/strong>, formada em 1989, h\u00e1 muito tempo faz parte do cen\u00e1rio musical brasileiro, pois gravaram o primeiro disco (ainda em vinil) em 1991 e n\u00e3o pararam mais.&nbsp;<strong><em>DANI<\/em>&nbsp;(Daniel Mendon\u00e7a Soares),<\/strong>&nbsp;de S\u00e3o Paulo \u2013 SP e&nbsp;<strong><em>DANILO<\/em>&nbsp;(Aparecido Pereira),&nbsp;<\/strong>de Iacanga &#8211; SP, logo cedo vieram residir em Araraquara &#8211; SP<strong>.<\/strong>&nbsp;Ao longo da carreira j\u00e1 gravaram com v\u00e1rios nomes consagrados da m\u00fasica brasileira, tais como:&nbsp;<strong><em>MATOGROSSO E MATHIAS, GIAN E GIOVANI, MARCIANO, SILVIO BRITO<\/em>, AS GALV\u00c3O, TEODORO E SAMPAIO<\/strong>, entre tantos outros.<\/p>\n\n\n\n<p>Em 1998 lan\u00e7aram o \u00e1lbum&nbsp;<strong><em>NOSSA CAN\u00c7\u00c3O,&nbsp;<\/em><\/strong>e em 2002&nbsp;<strong><em>SONHO DE AMOR,&nbsp;<\/em><\/strong>seguido em 2004 por&nbsp;<strong><em>N\u00d3IS CAPOTA MAIS NUM BRECA.<\/em><\/strong><\/p>\n\n\n\n<p>Em 2005&nbsp;foram vencedores, em Po\u00e7os de Caldas &#8211; MG, do festival&nbsp;<strong><em>\u201cVIOLA DE TODOS OS CANTOS\u201d<\/em><\/strong>&nbsp;da&nbsp;<strong><em>REDE GLOBO<\/em><\/strong>, como melhores int\u00e9rpretes, com a m\u00fasica&nbsp;<strong><em>\u201cSAUDOSA INF\u00c2NCIA \u201c.<\/em><\/strong><\/p>\n\n\n\n<p>Em 2006 veio o \u00e1lbum&nbsp;<strong><em>MAIS VOC\u00ca DO QUE EU,&nbsp;<\/em><\/strong>logo seguido em 2008<strong>&nbsp;<\/strong>pelo&nbsp;<strong><em>CD\/DVD&nbsp;<\/em><\/strong>ao vivo<strong><em>&nbsp;\u201cALMA CAIPIRA\u201d,<\/em><\/strong>&nbsp;com grandes cl\u00e1ssicos da m\u00fasica sertaneja. Nesse mesmo ano participaram do DVD do cantor&nbsp;<strong><em>MARCIANO<\/em><\/strong>, ao lado de&nbsp;<strong><em>MILION\u00c1RIO E JOS\u00c9 RICO, RICK E RENNER<\/em><\/strong>, entre outros.<\/p>\n\n\n\n<p>Em 2009,&nbsp;<strong><em>DANI E DANILO<\/em><\/strong>, participaram do&nbsp;<strong><em>CD\/DVD&nbsp;<\/em><\/strong>da Dupla<strong><em>&nbsp;DURVAL E DAVI<\/em><\/strong>, ao lado de&nbsp;<strong><em>C\u00c9SAR MENOTTI E FABIANO, JO\u00c3O BOSCO E VINICIUS, JULIANO CEZAR, MARCO BRASIL<\/em><\/strong><em>, e outros.<\/em><\/p>\n\n\n\n<p>Em 2010,no CD<strong><em>&nbsp;\u201cVITRAIS\u201d,&nbsp;<\/em><\/strong>a Dupla viaja pela MPB regravando nomes consagrados como&nbsp;<strong><em>Z\u00c9LIA DUNCAN \u201cENQUANTO DURMO\u201d, F\u00c1BIO JR \u201cRIO E CANOA\u201d, BELCHIOR \u201cIP\u00ca\u201d<\/em><\/strong>, e ainda regravaram os sucessos sertanejos:&nbsp;<strong><em>\u201cAINDA TE AMO\u201d<\/em><\/strong>&nbsp;de&nbsp;<strong><em>JO\u00c3O PAULO E DANIEL<\/em><\/strong>,&nbsp;<strong><em>\u201cPRISIONEIRO\u201d<\/em><\/strong>&nbsp;de&nbsp;<strong><em>RONALDO VIOLA E JO\u00c3OCARVALHO<\/em><\/strong>, e a vers\u00e3o da m\u00fasica&nbsp;<strong><em>\u201cCRY\u201d<\/em><\/strong>&nbsp;que virou&nbsp;<strong><em>\u201cS\u00d3 DEPENDE DE VOC\u00ca\u201d.<\/em><\/strong><\/p>\n\n\n\n<p>Em 2013<strong>&nbsp;<\/strong>foram convidados a participar do segundo DVD do Cantor&nbsp;<strong><em>MARCIANO<\/em><\/strong>, gravado no Teatro Municipal de S\u00e3o Caetano do Sul &#8211; SP, ao lado de&nbsp;<strong><em>RIO NEGRO E SOLIM\u00d5ES, CEZAR E PAULINHO, GUILHERME E SANTIAGO, BRUNO E MARRONE e FRANK AGUIAR<\/em><\/strong>.<\/p>\n\n\n\n<p>Em 2015&nbsp;lan\u00e7aram o 8\u00ba \u00e1lbum da carreira<strong><em>, \u201cCD RUMO NORTE\u201d,<\/em><\/strong>&nbsp;com m\u00fasicas autorais e uma m\u00fasica do cantor&nbsp;<strong><em>Z\u00c9 HENRIQUE<\/em><\/strong>, da Dupla&nbsp;<strong><em>Z\u00c9 HENRIQUE E GABRIEL<\/em><\/strong>.<\/p>\n\n\n\n<p>Em 2016&nbsp;participaram como convidados, e o&nbsp;<strong><em>DANILO<\/em><\/strong>&nbsp;como produtor musical, do DVD&nbsp;<strong><em>\u201cSOBERANAS\u201d&nbsp;<\/em><\/strong>de&nbsp;<strong><em>AS GALV\u00c3O.<\/em><\/strong>&nbsp;Ao lado de grandes artistas com&nbsp;<strong><em>CHIT\u00c3OZINHO E XOROR\u00d3, DANIEL, GUILHERME E SANTIAGO, MARCIANO E S\u00c9RGIO REIS<\/em><\/strong>. Esse DVD foi lan\u00e7ado em 2018 e concorreu ao&nbsp;<strong><em>GRAMMY LATINO<\/em><\/strong>&nbsp;em&nbsp;<strong><em>LAS VEGAS<\/em><\/strong>. Nesse ano lan\u00e7aram o CD&nbsp;<strong>\u201cS\u00d3 MOD\u00c3O\u201d,<\/strong>&nbsp;o nono da carreira, onde gravaram alguns cl\u00e1ssicos da m\u00fasica sertaneja, tais como:&nbsp;<strong><em>\u201cEU A VIOLA E ELA\u201d, \u201cRANCHO DOS YP\u00caS\u201d, \u201cMEU SITIO MEU PARAISO\u201d, \u201cCABELO LOIRO\u201d, \u201cRIO DE L\u00c1GRIMAS\u201d<\/em><\/strong>, entre outros.<\/p>\n\n\n\n<p>Em 2018 foram indicados para o&nbsp;<strong>2\u00ba Pr\u00eamio&nbsp;<em>INEZITA BARROSO<\/em>,&nbsp;<\/strong>pela Assembleia Legislativa de S\u00e3o Paulo.<\/p>\n\n\n\n<p>Em 2019&nbsp;comemoraram 32 anos de carreira lan\u00e7ando o 10\u00ba CD, o \u00e1lbum&nbsp;<strong><em>PAIX\u00c3O SERTANEJA,&nbsp;<\/em><\/strong>com v\u00e1rias participa\u00e7\u00f5es como&nbsp;<strong><em>TEODORO E SAMPAIO, AS GALV\u00c3O, MATOGROSSO E MATHIAS<\/em><\/strong>&nbsp;e o cantor&nbsp;<strong><em>GIOVANI<\/em><\/strong>, que participa da m\u00fasica&nbsp;<strong><em>\u201cSOFRER, BEBER E CHORAR\u201d.<\/em><\/strong>&nbsp; Lan\u00e7aram tamb\u00e9m em 2019 a m\u00fasica e o clip&nbsp;<strong><em>\u201cOMBRO AMIGO\u201d<\/em><\/strong>&nbsp;feat&nbsp;<strong><em>CARLINHOS AX\u00c9.<\/em><\/strong><\/p>\n\n\n\n<p>Em 2022, aproveitando o programa<strong>&nbsp;<em>\u201cALMA CAIPIRA\u201d<\/em>&nbsp;<\/strong>pela<strong>&nbsp;<em>TV CULTURA PAULISTA E TV CIDADE DE IBITINGA SP<\/em>,&nbsp;<\/strong>do qual eram apresentadores<strong>,&nbsp;<\/strong>lan\u00e7aram o&nbsp;<strong><em>PODCAST \u201cDANI E DANILO, ALMA CAIPIRA\u201d<\/em><\/strong>&nbsp;pelas redes sociais da Dupla (YouTube e Facebook), todas as Segundas feiras \u00e0s 19:00 h. Nesse mesmo ano lan\u00e7aram tamb\u00e9m o&nbsp;<strong><em>SHOW<\/em><\/strong><em>&nbsp;<strong>\u201cELES E ELAS\u201d<\/strong><\/em>, com uma banda formada por 05 (cinco) m\u00fasicos e a participa\u00e7\u00e3o de duas cantoras convidadas. Esse show agrada tanto o p\u00fablico adulto, como tamb\u00e9m os mais jovens, pois tem um repert\u00f3rio ecl\u00e9tico onde os artistas viajam por v\u00e1rios ritmos. O show tem dura\u00e7\u00e3o de 03 horas de muita m\u00fasica boa e alegria.<\/p>\n\n\n\n<p><strong>Siga nas Redes @daniedanilooficial<\/strong><\/p>\n\n\n\n<p>Contato Shows:<\/p>\n\n\n\n<p>Sandra Muniz Produ\u00e7\u00f5es<\/p>\n\n\n\n<p>(16) 9 9783-6918<\/p>\n\n\n\n<p>M\u00e1rcia&nbsp;Ara\u00fajo| Assessoria Giro das Estrelas<\/p>\n","protected":false},"excerpt":{"rendered":"<p>&nbsp;A Dupla sertaneja&nbsp;DANI &nbsp;&amp; DANILO,&nbsp;resgata e faz uma releitura da m\u00fasica&nbsp;\u201cPACI\u00caNCIA COMIGO\u201d, lan\u00e7ada originalmente no&#8230;<\/p>\n","protected":false},"author":19,"featured_media":11799,"comment_status":"closed","ping_status":"open","sticky":false,"template":"","format":"standard","meta":{"om_disable_all_campaigns":false,"_monsterinsights_skip_tracking":false,"_monsterinsights_sitenote_active":false,"_monsterinsights_sitenote_note":"","_monsterinsights_sitenote_category":0,"spay_email":""},"categories":[26],"tags":[],"jetpack_featured_media_url":"https:\/\/vimagazine.com.br\/wp-content\/uploads\/2024\/01\/DANIDANILO_foto-divulgacao.jpg","_links":{"self":[{"href":"https:\/\/vimagazine.com.br\/index.php?rest_route=\/wp\/v2\/posts\/11798"}],"collection":[{"href":"https:\/\/vimagazine.com.br\/index.php?rest_route=\/wp\/v2\/posts"}],"about":[{"href":"https:\/\/vimagazine.com.br\/index.php?rest_route=\/wp\/v2\/types\/post"}],"author":[{"embeddable":true,"href":"https:\/\/vimagazine.com.br\/index.php?rest_route=\/wp\/v2\/users\/19"}],"replies":[{"embeddable":true,"href":"https:\/\/vimagazine.com.br\/index.php?rest_route=%2Fwp%2Fv2%2Fcomments&post=11798"}],"version-history":[{"count":1,"href":"https:\/\/vimagazine.com.br\/index.php?rest_route=\/wp\/v2\/posts\/11798\/revisions"}],"predecessor-version":[{"id":11800,"href":"https:\/\/vimagazine.com.br\/index.php?rest_route=\/wp\/v2\/posts\/11798\/revisions\/11800"}],"wp:featuredmedia":[{"embeddable":true,"href":"https:\/\/vimagazine.com.br\/index.php?rest_route=\/wp\/v2\/media\/11799"}],"wp:attachment":[{"href":"https:\/\/vimagazine.com.br\/index.php?rest_route=%2Fwp%2Fv2%2Fmedia&parent=11798"}],"wp:term":[{"taxonomy":"category","embeddable":true,"href":"https:\/\/vimagazine.com.br\/index.php?rest_route=%2Fwp%2Fv2%2Fcategories&post=11798"},{"taxonomy":"post_tag","embeddable":true,"href":"https:\/\/vimagazine.com.br\/index.php?rest_route=%2Fwp%2Fv2%2Ftags&post=11798"}],"curies":[{"name":"wp","href":"https:\/\/api.w.org\/{rel}","templated":true}]}}