{"id":11813,"date":"2024-01-10T12:44:57","date_gmt":"2024-01-10T15:44:57","guid":{"rendered":"https:\/\/vimagazine.com.br\/?p=11813"},"modified":"2024-01-10T12:45:02","modified_gmt":"2024-01-10T15:45:02","slug":"valorizacao-da-cultura-salvador-recebe-o-maior-evento-de-capoeira-do-pais","status":"publish","type":"post","link":"https:\/\/vimagazine.com.br\/?p=11813","title":{"rendered":"<strong>Valoriza\u00e7\u00e3o da cultura: Salvador recebe o maior evento de capoeira do pa\u00eds<\/strong>"},"content":{"rendered":"\n<p>O 5\u00ba Rede Capoeira tem como objetivo discutir as necessidades e o futuro dessa ferramenta de transforma\u00e7\u00e3o social com a presen\u00e7a de grandes mestres octogen\u00e1rios<\/p>\n\n\n\n<p>Com o objetivo de fortalecer os saberes tradicionais, promover o direito \u00e0 cultura e reconhecer os grandes mestres da capoeira, a cidade de Salvador receber\u00e1, de 24 at\u00e9 27 de janeiro, o maior evento nacional para a discuss\u00e3o do futuro da capoeira no Brasil e no mundo. Com a participa\u00e7\u00e3o especial de 14 mestres octogen\u00e1rios, o evento vai debater publicamente um novo olhar para a capoeira, suas representatividades e necessidades. O 5\u00ba Rede Capoeira vai acontecer no Espa\u00e7o Cultural da Barroquinha, Pra\u00e7a da S\u00e9 e na Pra\u00e7a da Cruz Ca\u00edda, regi\u00e3o do Centro Hist\u00f3rico da cidade, com entrada gratuita. A programa\u00e7\u00e3o completa pode ser conferida na rede social: @redecapoeira.<\/p>\n\n\n\n<p>Junto a mestres, ativistas e artistas, o evento conta com a participa\u00e7\u00e3o da ministra da Cultura, Margareth Menezes, do neurocientista e bi\u00f3logo Sidarta Ribeiro, do professor de Hist\u00f3ria da Universidade Federal do Rec\u00f4ncavo da Bahia (UFRB), Antonio Liberac, de M\u00f4nica Beltr\u00e3o, pedagoga e autora e autora do livro \u201cA Capoeira enquanto constru\u00e7\u00e3o da identidade e de uma educa\u00e7\u00e3o problematizadora\u201d, de Jorge Colum\u00e1, autor de livros como \u201cA F\u00e1bula do Berimbau\u201d e \u201cLutas e Artes Marciais\u201d, e de representantes do IPHAN \/IPAC, al\u00e9m de shows tradicionais. Ser\u00e3o homenageados: Mestre Jo\u00e3o Grande, Mestre Acordeon, Mestre Boca Rica, Mestre Brand\u00e3o, Mestre Felipe de Santo Amaro, Mestre Olavo, Mestre Pel\u00e9 da Bomba, Mestre Bras\u00edlia, Mestre Virg\u00edlio, Mestre Cafun\u00e9, Mestre Carcar\u00e1, Mestre Curi\u00f3, o carioca Mestre Celso e Mestre Sombra.<\/p>\n\n\n\n<p>Mesmo presente em muitos territ\u00f3rios e comunidades por todo o pa\u00eds, a capoeira ainda precisa de mais reconhecimento e a\u00e7\u00f5es para a salvaguarda, manuten\u00e7\u00e3o e sustentabilidade dessa manifesta\u00e7\u00e3o cultural. Com o intuito de fomentar esse debate essencial, o 5\u00ba Rede Capoeira tamb\u00e9m convida o poder p\u00fablico para debater as necessidades e demandas do setor.<\/p>\n\n\n\n<p>\u201cOs nossos mestres de capoeira octogen\u00e1rios s\u00e3o detentores de um conhecimento que \u00e9 s\u00f3 deles, s\u00e3o hist\u00f3ria viva, donos da viv\u00eancia e sabedoria de quem divulgou no mundo a cultura afro-brasileira, abrindo arduamente, a partir dos anos 60, caminhos para os capoeiristas que vieram depois. Respons\u00e1veis pela internacionaliza\u00e7\u00e3o da capoeira, vivem sem o amparo social do seu pa\u00eds, que \u00e9 um reflexo do olhar preconceituoso da capoeira e de toda cultura preta no Brasil\u201d, explica Mestre Sabi\u00e1, idealizador e coordenador do Rede Capoeira desde a sua primeira edi\u00e7\u00e3o, que h\u00e1 40 anos atua em projetos sociais de capoeira, tendo formado mais de 6 mil alunos.<\/p>\n\n\n\n<p>Refer\u00eancia pedag\u00f3gica, de inclus\u00e3o social e um dos maiores s\u00edmbolos da cultura afro-brasileira, a capoeira abrange as tr\u00eas dimens\u00f5es da cultura: simb\u00f3lica, econ\u00f4mica e cidad\u00e3, mantendo viva suas tradi\u00e7\u00f5es por meio de seus mestres, que estar\u00e3o, junto \u00e0s outras autoridades, debatendo as necessidades e projetos para o digno reconhecimento do setor. Com f\u00f3runs, palestras, atividades culturais, oficinas e a realiza\u00e7\u00e3o da etapa final dos jogos internacionais de capoeira &#8211; o Esta\u00e7\u00e3o Paranau\u00ea -, o evento destinar\u00e1 tamb\u00e9m uma premia\u00e7\u00e3o para os 14 mestres com mais de 80 anos, que continuam exercendo a profiss\u00e3o. Eles ser\u00e3o homenageados em cerim\u00f4nia de reconhecimento pelos servi\u00e7os prestados \u00e0 cultura brasileira. O evento \u00e9 realizado pelo Projeto Mandinga, com patroc\u00ednio do Instituto Cultural Vale, por meio da Lei Federal de Incentivo \u00e0 Cultura.<\/p>\n\n\n\n<p>Aos 85 anos de idade, Mestre Cafun\u00e9 \u00e9 um dos mais antigos disc\u00edpulos do Mestre Bimba ainda em atividade. Ele ressaltou a relev\u00e2ncia do encontro: \u201cEu me sinto honrado, a capoeira enquanto resist\u00eancia ser\u00e1 sempre elemento de afirma\u00e7\u00e3o ancestral.&nbsp; \u00c9 merecida e mais do que necess\u00e1ria essa homenagem.\u201d<\/p>\n\n\n\n<p>PROGRAMA\u00c7\u00c3O &#8211; O 5\u00ba Rede Capoeira abra\u00e7a temas e personagens que fundamentam a trajet\u00f3ria da capoeira e representam sua grandiosidade n\u00e3o s\u00f3 como uma luta que chegou no Brasil com os escravos africanos e ganhou adeptos no mundo todo, mas tamb\u00e9m, como refer\u00eancia pedag\u00f3gica, de inclus\u00e3o social, ferramenta agregadora de cultura e arte, s\u00edmbolo nacional e maior ferramenta de divulga\u00e7\u00e3o da l\u00edngua portuguesa no mundo.<\/p>\n\n\n\n<p>Destaque do primeiro dia do evento, a Mesa de Abertura ter\u00e1 como tema \u201cHer\u00f3is populares \u2013 Os Mestres\u201d, que conta com a presen\u00e7a do neurocientista e tamb\u00e9m capoeirista, Sidarta Ribeiro, ao lado de James Martins e Mestre Sabi\u00e1. A atividade come\u00e7a \u00e0s 16h e segue com as homenagens aos octogen\u00e1rios e cortejo com Filhos de Gandhy.<\/p>\n\n\n\n<p>Jo\u00e3o Grande e Jo\u00e3o Pequeno &#8211; Uma das presen\u00e7as mais esperadas no evento \u00e9 a do Mestre Jo\u00e3o Grande, dono de uma hist\u00f3ria grandiosa na capoeira. Ele conduz, na quinta-feira (25), \u00e0s 18h30, na Pra\u00e7a da S\u00e9, a \u201cOficina Mestre Jo\u00e3o Grande\u201d, que ser\u00e1 acompanhada de uma Roda de Viola. \u00c0s 17h30, a \u201cOficina e Roda Capoeira Angola\u201d ser\u00e1 ministrada pelo Mestre Jogo de Dentro, que resgatar\u00e1 o Legado do Mestre Jo\u00e3o Pequeno. No mesmo dia, \u00e0s 9h30, no Espa\u00e7o Cultural da Barroquinha, acontece o painel \u201cAbre alas capoeira &#8211; Redutos da Capoeira: Bahia, Pernambuco e Rio de Janeiro\u201d, com os historiadores M\u00f4nica Beltr\u00e3o, Ant\u00f4nio Liberac e Jorge Colum\u00e1. A programa\u00e7\u00e3o segue com uma roda de capoeira e um terceiro painel \u00e0s 16h, o \u201cRede Capoeira &#8211; Economia Criativa\u201d, com representantes do MINC, IPHAN e IPAC.<\/p>\n\n\n\n<p>Internacionaliza\u00e7\u00e3o da Capoeira &#8211; A sexta-feira (26) vai dar lugar para a roda de conversa \u201cProcesso de Internacionaliza\u00e7\u00e3o da Capoeira\u201d com Mestre Jelon, Mestre Jo\u00e3o Grande, Mestre Amen e Mestre Acordeon, no Espa\u00e7o Cultural da Barroquinha, \u00e0s 15h. J\u00e1 \u00e0s 18h, mais um grande encontro, desta vez entre os Mestres Felipe, Brand\u00e3o, Carcar\u00e1, Ad\u00f3, Ivan e G\u00f3es, acontece na Pra\u00e7a da S\u00e9 para falar dos \u201cLegados do Rec\u00f4ncavo\u201d. \u00c0s 16h30, come\u00e7a uma nova oficina e roda de capoeira, s\u00f3 que desta vez com os Mestres Lob\u00e3o e Acordeon. De l\u00e1, \u00e0s 20h30, sai um Cortejo at\u00e9 o Terreiro de Jesus (Pelourinho) comandado por Mestre Lua Rasta (precursor da capoeira na Su\u00ed\u00e7a) e seus convidados.<\/p>\n\n\n\n<p>Oficina de Berimbau e Pandeiro &#8211; Ainda na sexta-feira (26), 9h30, na Pra\u00e7a da S\u00e9, acontecem \u201cOficina de Berimbau e Pandeiro\u201d, quando representantes da Funda\u00e7\u00e3o Mestre Bimba ensinar\u00e3o os principais toques da Capoeira Regional em torno desses instrumentos t\u00e3o simb\u00f3licos. J\u00e1 \u00e0s 19h30, as Ganhadeiras de Itapu\u00e3 ganham espa\u00e7o para um show.<\/p>\n\n\n\n<p>Mestre Bimba vive &#8211; Com a miss\u00e3o de honrar o legado do grande Mestre Bimba, Mestre Nenel, seu filho, abre a programa\u00e7\u00e3o do \u00faltimo dia do Rede Capoeira, s\u00e1bado (27), com a oficina \u201c\u00c9 Region\u00e1\u201d. Ao seu lado, Mestre Cafun\u00e9 forma com ele uma dupla de peso quando o assunto \u00e9: princ\u00edpios da capoeira regional. A atividade ser\u00e1 \u00e0s 10h, no Espa\u00e7o Cultural da Barroquinha, onde \u00e0s 11h30 tem in\u00edcio a \u201cOficina de Samba de Roda\u201d com Mestra Nalvinha. Filha de Mestre Bimba, ela ir\u00e1 transmitir sua arte e experi\u00eancia de quem \u00e9 sambadeira desde os sete anos de idade.<\/p>\n\n\n\n<p>No mesmo dia (27), ocorre a realiza\u00e7\u00e3o da grande final do campeonato mundial Esta\u00e7\u00e3o Paranau\u00ea, \u00e0s 16h, na Pra\u00e7a da Cruz Ca\u00edda. O encerramento ser\u00e1 com dois grandes shows na Pra\u00e7a da S\u00e9. O primeiro \u00e9 o show do Ger\u00f4nimo, \u00e0s 19h. J\u00e1 a partir das 20h30, a Banda \u201cViola de Doze\u201d conclui os quatro dias de Rede Capoeira.<\/p>\n\n\n\n<p>SERVI\u00c7O<\/p>\n\n\n\n<p>24 DE JANEIRO (Quarta-feira)<\/p>\n\n\n\n<p>Espa\u00e7o Cultural da Barroquinha<\/p>\n\n\n\n<p>16h \u00e0s 17h: \u201cHer\u00f3is Populares &#8211; Os Mestres\u201d, com a presen\u00e7a de Sidarta Ribeiro, James Martins e Mestre Sabi\u00e1<\/p>\n\n\n\n<p>17h \u00e0s 20h30: \u201cAbertura Oficial &#8211; Homenagens aos Mestres\u201d, com a participa\u00e7\u00e3o do cortejo Filhos de Gandhy<\/p>\n\n\n\n<p>20h30 \u00e0s 21h30: \u201cRoda de Mestres homenageados\u201d<\/p>\n\n\n\n<p>25 DE JANEIRO (Quinta-feira)<\/p>\n\n\n\n<p>Espa\u00e7o Cultural Barroquinha<\/p>\n\n\n\n<p>9h30 \u00e0s 10h30: \u201cAbre Alas aos Capoeiras\u201d, com Ant\u00f4nio Liberac, M\u00f4nica Beltr\u00e3o e Jorge Colum\u00e1<\/p>\n\n\n\n<p>10h30 \u00e0s 11h: Roda de Capoeira<\/p>\n\n\n\n<p>16h \u00e0s 17h30: \u201cRede Capoeira &#8211; Economia Criativa (Mestres dos Saberes)\u201d, com participa\u00e7\u00e3o de representantes do MINC, IPHAN e IPAC &#8211; Leis dos Mestres<\/p>\n\n\n\n<p>Pra\u00e7a da S\u00e9<\/p>\n\n\n\n<p>17h30 \u00e0s 18h30: \u201cLegados do Mestre Jo\u00e3o Pequeno\u201d, conta com a Oficina e Roda de Capoeira Angola do Mestre Jogo de Dentro<\/p>\n\n\n\n<p>18h30 \u00e0s 20h: \u201cOficina Mestre Jo\u00e3o Grande\u201d, com uma Roda de Viola<\/p>\n\n\n\n<p>20h \u00e0s 20h40: \u201cFesta de Jo\u00e3o\u201d, com o Samba de Chula<\/p>\n\n\n\n<p>21h \u00e0s 22h30: \u201cShow de Tonho Mat\u00e9ria\u201d<\/p>\n\n\n\n<p>26 DE JANEIRO (Sexta-feira)<\/p>\n\n\n\n<p>Espa\u00e7o Cultural Barroquinha<\/p>\n\n\n\n<p>9h \u00e0s 13h: \u201cSeletivas Esta\u00e7\u00e3o Paranau\u00ea &#8211; Bahia e Mundo\u201d<\/p>\n\n\n\n<p>15h \u00e0s 16h30: \u201cRoda de Conversa &#8211; Processo de Internacionaliza\u00e7\u00e3o da Capoeira\u201d, com Mestre Jo\u00e3o Grande, Mestre Acordeon, Mestre Jelon e Mestre Amen.<\/p>\n\n\n\n<p>Pra\u00e7a da S\u00e9<\/p>\n\n\n\n<p>9h30 \u00e0s 11h: \u201cOficina de Berimbau e Pandeiro\u201d, com a Funda\u00e7\u00e3o Mestre Bimba<\/p>\n\n\n\n<p>16h30 \u00e0s 18h: \u201cOficina e Roda de Capoeira\u201d, com Mestre Lob\u00e3o e Acordeon<\/p>\n\n\n\n<p>18h \u00e0s 19h30: \u201cLegados do Rec\u00f4ncavo\u201d, com a presen\u00e7a dos Mestres Felipe, Brand\u00e3o, Ad\u00f3, Ivan, Goes e Carcar\u00e1<\/p>\n\n\n\n<p>19h30 \u00e0s 20h30: \u201cShow Ganhadeiras de Itapu\u00e3\u201d<\/p>\n\n\n\n<p>20h30 \u00e0s 22h: \u201cMestre Lua Rasta e Convidados\u201d, com cortejo e roda no Terreiro de Jesus.<\/p>\n\n\n\n<p>27 DE JANEIRO (S\u00e1bado)<\/p>\n\n\n\n<p>Espa\u00e7o Cultural Barroquinha<\/p>\n\n\n\n<p>10h \u00e0s 11h30: \u201cOficina \u00c9 Region\u00e1\u201d, com Mestre Nenel e Cafun\u00e9<\/p>\n\n\n\n<p>11h30 \u00e0s 12h30: \u201cSamba de Roda\u201d, com Mestra Nalvinha<\/p>\n\n\n\n<p>Pra\u00e7a da Cruz Ca\u00edda<\/p>\n\n\n\n<p>16h \u00e0s 19h: \u201cEsta\u00e7\u00e3o Paranau\u00ea &#8211; Competi\u00e7\u00e3o\u201d<\/p>\n\n\n\n<p>Pra\u00e7a da S\u00e9<\/p>\n\n\n\n<p>19h \u00e0s 20h30: \u201cValeu Rede Capoeira!\u201d, com Show Ger\u00f4nimo<\/p>\n\n\n\n<p>20h30 \u00e0s 22h: \u201cShow da banda Viola de Doze\u201d<\/p>\n","protected":false},"excerpt":{"rendered":"<p>O 5\u00ba Rede Capoeira tem como objetivo discutir as necessidades e o futuro dessa ferramenta&#8230;<\/p>\n","protected":false},"author":2,"featured_media":11814,"comment_status":"closed","ping_status":"open","sticky":false,"template":"","format":"standard","meta":{"om_disable_all_campaigns":false,"_monsterinsights_skip_tracking":false,"_monsterinsights_sitenote_active":false,"_monsterinsights_sitenote_note":"","_monsterinsights_sitenote_category":0,"spay_email":""},"categories":[26],"tags":[94,780,95],"jetpack_featured_media_url":"https:\/\/vimagazine.com.br\/wp-content\/uploads\/2024\/01\/redecapoeira.jpg","_links":{"self":[{"href":"https:\/\/vimagazine.com.br\/index.php?rest_route=\/wp\/v2\/posts\/11813"}],"collection":[{"href":"https:\/\/vimagazine.com.br\/index.php?rest_route=\/wp\/v2\/posts"}],"about":[{"href":"https:\/\/vimagazine.com.br\/index.php?rest_route=\/wp\/v2\/types\/post"}],"author":[{"embeddable":true,"href":"https:\/\/vimagazine.com.br\/index.php?rest_route=\/wp\/v2\/users\/2"}],"replies":[{"embeddable":true,"href":"https:\/\/vimagazine.com.br\/index.php?rest_route=%2Fwp%2Fv2%2Fcomments&post=11813"}],"version-history":[{"count":1,"href":"https:\/\/vimagazine.com.br\/index.php?rest_route=\/wp\/v2\/posts\/11813\/revisions"}],"predecessor-version":[{"id":11815,"href":"https:\/\/vimagazine.com.br\/index.php?rest_route=\/wp\/v2\/posts\/11813\/revisions\/11815"}],"wp:featuredmedia":[{"embeddable":true,"href":"https:\/\/vimagazine.com.br\/index.php?rest_route=\/wp\/v2\/media\/11814"}],"wp:attachment":[{"href":"https:\/\/vimagazine.com.br\/index.php?rest_route=%2Fwp%2Fv2%2Fmedia&parent=11813"}],"wp:term":[{"taxonomy":"category","embeddable":true,"href":"https:\/\/vimagazine.com.br\/index.php?rest_route=%2Fwp%2Fv2%2Fcategories&post=11813"},{"taxonomy":"post_tag","embeddable":true,"href":"https:\/\/vimagazine.com.br\/index.php?rest_route=%2Fwp%2Fv2%2Ftags&post=11813"}],"curies":[{"name":"wp","href":"https:\/\/api.w.org\/{rel}","templated":true}]}}