{"id":11898,"date":"2024-01-18T13:43:26","date_gmt":"2024-01-18T16:43:26","guid":{"rendered":"https:\/\/vimagazine.com.br\/?p=11898"},"modified":"2024-01-18T13:43:45","modified_gmt":"2024-01-18T16:43:45","slug":"unisociesc-traz-debora-aladim-como-embaixadora-em-campanha-assinada-pela-garage","status":"publish","type":"post","link":"https:\/\/vimagazine.com.br\/?p=11898","title":{"rendered":"UniSociesc\u00a0traz D\u00e9bora Aladim como embaixadora em campanha assinada pela Garage"},"content":{"rendered":"\n<p class=\"has-text-align-center\">Come\u00e7a a rodar nesta semana a nova campanha da UniSociesc. <\/p>\n\n\n\n<p class=\"has-text-align-center\">Assinada pela Garage, conta com a presen\u00e7a de D\u00e9bora Aladim como embaixadora. <\/p>\n\n\n\n<p class=\"has-text-align-center\">Movida pela educa\u00e7\u00e3o, a influenciadora enfatiza os diferenciais da IES, que inclui: ensino inovador e que une a sala de aula \u00e0 pr\u00e1tica do mercado de trabalho, certifica\u00e7\u00e3o resultante de participa\u00e7\u00e3o em projetos reais e planejamento de vida e carreira, finalizando com a oportunidade para o estudantes utilizarem suas melhores notas do Enem da \u00faltima d\u00e9cada para ingressarem no ensino superior.<\/p>\n\n\n\n<p class=\"has-text-align-center\">&#8220;D\u00e9bora Aladim \u00e9 uma grande incentivadora da educa\u00e7\u00e3o. <\/p>\n\n\n\n<p class=\"has-text-align-center\">\u00c9 professora de hist\u00f3ria e conhecida por avaliar provas do Enem. <\/p>\n\n\n\n<p class=\"has-text-align-center\">Ela, assim como a UniSociesc, acredita no poder transformador da educa\u00e7\u00e3o na vida das pessoas e para o pa\u00eds. <\/p>\n\n\n\n<p class=\"has-text-align-center\">\u00c9 uma parceria perfeita&#8221;, destaca Cinthia Tamara, Diretora da UniSociesc.<\/p>\n\n\n\n<p class=\"has-text-align-center\">Segundo Marina Guedes, Diretora de Marketing da \u00c2nima, a a\u00e7\u00e3o faz parte da estrat\u00e9gia institucional que a \u00c2nima j\u00e1 vem desenvolvendo nos \u00faltimos meses com estudantes reais do ecossistema.<\/p>\n\n\n\n<p class=\"has-text-align-center\"> Com veicula\u00e7\u00e3o nacional, as pe\u00e7as abrangem diversos formatos de m\u00eddia online, entre eles Reels, Stories e v\u00eddeos nos canais dos influenciadores, que s\u00e3o conhecidos por seus engajamentos na difus\u00e3o da educa\u00e7\u00e3o e na cren\u00e7a do seu poder transformador.<\/p>\n\n\n\n<p class=\"has-text-align-center\">\u201cNossas campanhas buscam uma conex\u00e3o com o jovem que quer iniciar sua jornada no ensino superior, com pessoas verdadeiras, hist\u00f3rias reais com a educa\u00e7\u00e3o e que podem estabelecer esse v\u00ednculo\u201d, diz.<\/p>\n\n\n\n<figure class=\"wp-block-image size-large\"><img width=\"1024\" height=\"398\" src=\"https:\/\/vimagazine.com.br\/wp-content\/uploads\/2024\/01\/unnamed-2-1024x398.jpg\" alt=\"\" class=\"wp-image-11900\" srcset=\"https:\/\/vimagazine.com.br\/wp-content\/uploads\/2024\/01\/unnamed-2-1024x398.jpg 1024w, https:\/\/vimagazine.com.br\/wp-content\/uploads\/2024\/01\/unnamed-2-300x117.jpg 300w, https:\/\/vimagazine.com.br\/wp-content\/uploads\/2024\/01\/unnamed-2-768x298.jpg 768w, https:\/\/vimagazine.com.br\/wp-content\/uploads\/2024\/01\/unnamed-2-1536x597.jpg 1536w, https:\/\/vimagazine.com.br\/wp-content\/uploads\/2024\/01\/unnamed-2.jpg 1917w\" sizes=\"(max-width: 1024px) 100vw, 1024px\" \/><\/figure>\n\n\n\n<p class=\"has-text-align-center\"><strong>Ficha T\u00e9cnica<\/strong><\/p>\n\n\n\n<p class=\"has-text-align-center\">Ag\u00eancia: Garage<\/p>\n\n\n\n<p class=\"has-text-align-center\">Anunciante: Ecossistema \u00c2nima&nbsp;<\/p>\n\n\n\n<p class=\"has-text-align-center\">Dire\u00e7\u00e3o de Cria\u00e7\u00e3o: Marcio Morgade&nbsp;<\/p>\n\n\n\n<p class=\"has-text-align-center\">Supervis\u00e3o de Cria\u00e7\u00e3o: Alexandre Brito&nbsp;<\/p>\n\n\n\n<p class=\"has-text-align-center\">Cria\u00e7\u00e3o: Vladimir Raineri, Andson Gama, Pierre Soares, Marjory Catharino e<\/p>\n\n\n\n<p class=\"has-text-align-center\">Marcella Nunes<\/p>\n\n\n\n<p class=\"has-text-align-center\">Planejamento: Betho Alves<\/p>\n\n\n\n<p class=\"has-text-align-center\">Head Atendimento: Sarah Mello<\/p>\n\n\n\n<p class=\"has-text-align-center\">Atendimento: Raquel Glese, Cinthya Spencer<\/p>\n\n\n\n<p class=\"has-text-align-center\">VP M\u00eddia: Allan Panza<\/p>\n\n\n\n<p class=\"has-text-align-center\">M\u00eddia: T\u00e2nia D\u00b4\u00c1villa, Vanessa Carota<\/p>\n\n\n\n<p class=\"has-text-align-center\">Projetos: James Caluta<\/p>\n\n\n\n<p class=\"has-text-align-center\">Produtora filme: Boutique de Imagens<\/p>\n\n\n\n<p class=\"has-text-align-center\">Dire\u00e7\u00e3o filme: Roberta Recoder<\/p>\n\n\n\n<p class=\"has-text-align-center\">Produtora de som: Boutique de Imagens<\/p>\n\n\n\n<p class=\"has-text-align-center\">P\u00f3s-produ\u00e7\u00e3o: Boutique de Imagens<\/p>\n\n\n\n<p class=\"has-text-align-center\">Marketing cliente: Camila Melo Castilho, Rafael de Albuquerque Fernandes,<\/p>\n\n\n\n<p class=\"has-text-align-center\">Marina Guedes e Daniel Bulgueroni<\/p>\n\n\n\n<figure class=\"wp-block-image size-large\"><img width=\"1024\" height=\"676\" src=\"https:\/\/vimagazine.com.br\/wp-content\/uploads\/2024\/01\/unnamed-1-1024x676.jpg\" alt=\"\" class=\"wp-image-11901\" srcset=\"https:\/\/vimagazine.com.br\/wp-content\/uploads\/2024\/01\/unnamed-1-1024x676.jpg 1024w, https:\/\/vimagazine.com.br\/wp-content\/uploads\/2024\/01\/unnamed-1-300x198.jpg 300w, https:\/\/vimagazine.com.br\/wp-content\/uploads\/2024\/01\/unnamed-1-768x507.jpg 768w, https:\/\/vimagazine.com.br\/wp-content\/uploads\/2024\/01\/unnamed-1.jpg 1129w\" sizes=\"(max-width: 1024px) 100vw, 1024px\" \/><\/figure>\n\n\n\n<figure class=\"wp-block-table\"><table><tbody><tr><td class=\"has-text-align-center\" data-align=\"center\"><strong>Sobre a UniSociesc<\/strong><br><em>Com voca\u00e7\u00e3o para inova\u00e7\u00e3o, ambientes maker, coworkings e espa\u00e7os que estimulam a troca de conhecimentos e experi\u00eancias, a UniSociesc \u00e9 reconhecida pelo MEC como a melhor institui\u00e7\u00e3o privada de ensino superior de Santa Catarina. Integrante do maior e mais inovador ecossistema de qualidade do Brasil, o Ecossistema \u00c2nima, h\u00e1 mais de 60 anos dedica-se a formar profissionais e transformar pessoas, desenvolvendo compet\u00eancias, talentos e carreiras.<\/em><br><em>Com unidades acad\u00eamicas nas cidades de Blumenau, Jaragu\u00e1 do Sul, Joinville (duas unidades) e S\u00e3o Bento do Sul, conta com ampla diversidade de cursos, s\u00e3o mais de 70 op\u00e7\u00f5es em seu portf\u00f3lio, e uma estrutura de laborat\u00f3rios diferenciada, sendo os mais completos e modernos entre as institui\u00e7\u00f5es de ensino da regi\u00e3o. A UniSociesc tamb\u00e9m contribui para democratiza\u00e7\u00e3o do Ensino Superior ao disponibilizar uma oferta de cursos digitais com diversos p\u00f3los dentro e fora do Estado de Santa Catarina.<\/em><\/td><\/tr><\/tbody><\/table><\/figure>\n\n\n\n<figure class=\"wp-block-table\"><table><tbody><tr><td class=\"has-text-align-center\" data-align=\"center\"><strong>Relacionamento com a imprensa UniSociesc &#8211;&nbsp;<\/strong><a href=\"http:\/\/www.unisociesc.com.br\/\" rel=\"noreferrer noopener\" target=\"_blank\"><strong>www.unisociesc.com.br<\/strong><\/a><strong>Mem Comunica\u00e7\u00e3o &#8211;&nbsp;<\/strong><a href=\"http:\/\/www.memcomunicacao.com.br\/\" rel=\"noreferrer noopener\" target=\"_blank\"><strong>www.memcomunicacao.com.br<\/strong><\/a><strong>&nbsp;<\/strong><strong>&nbsp;<\/strong>&nbsp;Genara Rigotti \u2013 (47) 9 9102-5223&nbsp;&#8211;&nbsp;<a href=\"mailto:redacao03memcomunicacao@gmail.com\" target=\"_blank\" rel=\"noreferrer noopener\">redacao03memcomunicacao@gmail.com<\/a>&nbsp;Marlise Groth Mem &#8211; (41) 9 9908-0511 \u2013&nbsp;<a href=\"mailto:marliseassessoria@gmail.com\" target=\"_blank\" rel=\"noreferrer noopener\">marliseassessoria@gmail.com<\/a>Jo\u00e3o Al\u00e9cio Mem \u2013 (41) 9 9124-9748 \u2013&nbsp;<a href=\"mailto:joaoalecioassessoria@gmail.com\" target=\"_blank\" rel=\"noreferrer noopener\">joaoalecioassessoria@gmail.com<\/a>Graziela Lindner \u2013 (47) 9 9176-0080 &#8211;&nbsp;<a href=\"mailto:grazielalindner@gmail.com\" target=\"_blank\" rel=\"noreferrer noopener\">grazielalindner@gmail.com<\/a><em>Jornalismo\/ Assessoria de Imprensa \/ Consultoria em Comunica\u00e7\u00e3o e Eventos<\/em><em>@mem_e_mem_agencia_de_noticias<\/em><\/td><\/tr><\/tbody><\/table><\/figure>\n","protected":false},"excerpt":{"rendered":"<p>Come\u00e7a a rodar nesta semana a nova campanha da UniSociesc. Assinada pela Garage, conta com&#8230;<\/p>\n","protected":false},"author":3,"featured_media":11899,"comment_status":"closed","ping_status":"open","sticky":false,"template":"","format":"standard","meta":{"om_disable_all_campaigns":false,"_monsterinsights_skip_tracking":false,"_monsterinsights_sitenote_active":false,"_monsterinsights_sitenote_note":"","_monsterinsights_sitenote_category":0,"spay_email":""},"categories":[1],"tags":[],"jetpack_featured_media_url":"https:\/\/vimagazine.com.br\/wp-content\/uploads\/2024\/01\/unnamed.jpg","_links":{"self":[{"href":"https:\/\/vimagazine.com.br\/index.php?rest_route=\/wp\/v2\/posts\/11898"}],"collection":[{"href":"https:\/\/vimagazine.com.br\/index.php?rest_route=\/wp\/v2\/posts"}],"about":[{"href":"https:\/\/vimagazine.com.br\/index.php?rest_route=\/wp\/v2\/types\/post"}],"author":[{"embeddable":true,"href":"https:\/\/vimagazine.com.br\/index.php?rest_route=\/wp\/v2\/users\/3"}],"replies":[{"embeddable":true,"href":"https:\/\/vimagazine.com.br\/index.php?rest_route=%2Fwp%2Fv2%2Fcomments&post=11898"}],"version-history":[{"count":2,"href":"https:\/\/vimagazine.com.br\/index.php?rest_route=\/wp\/v2\/posts\/11898\/revisions"}],"predecessor-version":[{"id":11903,"href":"https:\/\/vimagazine.com.br\/index.php?rest_route=\/wp\/v2\/posts\/11898\/revisions\/11903"}],"wp:featuredmedia":[{"embeddable":true,"href":"https:\/\/vimagazine.com.br\/index.php?rest_route=\/wp\/v2\/media\/11899"}],"wp:attachment":[{"href":"https:\/\/vimagazine.com.br\/index.php?rest_route=%2Fwp%2Fv2%2Fmedia&parent=11898"}],"wp:term":[{"taxonomy":"category","embeddable":true,"href":"https:\/\/vimagazine.com.br\/index.php?rest_route=%2Fwp%2Fv2%2Fcategories&post=11898"},{"taxonomy":"post_tag","embeddable":true,"href":"https:\/\/vimagazine.com.br\/index.php?rest_route=%2Fwp%2Fv2%2Ftags&post=11898"}],"curies":[{"name":"wp","href":"https:\/\/api.w.org\/{rel}","templated":true}]}}