{"id":11916,"date":"2024-01-18T18:18:26","date_gmt":"2024-01-18T21:18:26","guid":{"rendered":"https:\/\/vimagazine.com.br\/?p=11916"},"modified":"2024-01-18T18:24:50","modified_gmt":"2024-01-18T21:24:50","slug":"aeroporto-de-maringa-comeca-operar-com-tecnologia-que-facilitara-pouso-e-decolagem","status":"publish","type":"post","link":"https:\/\/vimagazine.com.br\/?p=11916","title":{"rendered":"Aeroporto de Maring\u00e1 come\u00e7a operar com tecnologia que facilitar\u00e1 pouso."},"content":{"rendered":"\n<p class=\"has-text-align-center\">Em 16 de Janeiro de 2024, o Aeroporto Regional de Maring\u00e1, Silvio Name Junior, alcan\u00e7ou proemin\u00eancia nacional com a inaugura\u00e7\u00e3o do ILS CAT I. <\/p>\n\n\n\n<p class=\"has-text-align-center\">Este avan\u00e7ado equipamento chega em um momento oportuno, coincidindo com o r\u00e1pido crescimento e desenvolvimento da cidade.<\/p>\n\n\n\n<p class=\"has-text-align-center\">A administra\u00e7\u00e3o municipal de Maring\u00e1, liderada pelo prefeito Ulisses Maia, pelo vice-prefeito Professor Scabora, e ainda, o diretor presidente  Fernando Rezende, tem desempenhado um papel crucial no aprimoramento cont\u00ednuo do aeroporto.<\/p>\n\n\n\n<figure class=\"wp-block-image size-large\"><img width=\"819\" height=\"1024\" src=\"https:\/\/vimagazine.com.br\/wp-content\/uploads\/2024\/01\/WhatsApp-Image-2024-01-18-at-17.42.21-819x1024.jpeg\" alt=\"\" class=\"wp-image-11919\" srcset=\"https:\/\/vimagazine.com.br\/wp-content\/uploads\/2024\/01\/WhatsApp-Image-2024-01-18-at-17.42.21-819x1024.jpeg 819w, https:\/\/vimagazine.com.br\/wp-content\/uploads\/2024\/01\/WhatsApp-Image-2024-01-18-at-17.42.21-240x300.jpeg 240w, https:\/\/vimagazine.com.br\/wp-content\/uploads\/2024\/01\/WhatsApp-Image-2024-01-18-at-17.42.21-768x960.jpeg 768w, https:\/\/vimagazine.com.br\/wp-content\/uploads\/2024\/01\/WhatsApp-Image-2024-01-18-at-17.42.21-1024x1280.jpeg 1024w, https:\/\/vimagazine.com.br\/wp-content\/uploads\/2024\/01\/WhatsApp-Image-2024-01-18-at-17.42.21.jpeg 1080w\" sizes=\"(max-width: 819px) 100vw, 819px\" \/><\/figure>\n\n\n\n<p class=\"has-text-align-center\"> As constantes melhorias realizadas refletem o compromisso inabal\u00e1vel em proporcionar conforto e seguran\u00e7a aos passageiros, contribuindo para uma experi\u00eancia de viagem mais agrad\u00e1vel.<\/p>\n\n\n\n<p class=\"has-text-align-center\">O investimento no ILS CAT I n\u00e3o apenas destaca a moderniza\u00e7\u00e3o da infraestrutura aeroportu\u00e1ria, mas tamb\u00e9m evidencia a vis\u00e3o progressista da gest\u00e3o municipal. <\/p>\n\n\n\n<p class=\"has-text-align-center\">Essas iniciativas n\u00e3o s\u00f3 impulsionam a efici\u00eancia da operacionalidade do aeroporto, bem como permite aproxima\u00e7\u00f5es e pouso mais precisos em condi\u00e7\u00f5es clim\u00e1ticas adversas, mas tamb\u00e9m solidificam a posi\u00e7\u00e3o do Aeroporto Regional de Maring\u00e1 como um elemento vital no panorama nacional da avia\u00e7\u00e3o.<\/p>\n\n\n\n<p class=\"has-text-align-center\"><strong>Foto: Divulga\u00e7\u00e3o<\/strong><\/p>\n\n\n\n<p class=\"has-text-align-center\"><strong>Jornalista: Rosilene Bejarano<\/strong><\/p>\n\n\n\n<p class=\"has-text-align-center\"><strong>(reg. prof. 6925\/SC)<\/strong><\/p>\n\n\n\n<figure class=\"wp-block-image size-large\"><img width=\"840\" height=\"1024\" src=\"https:\/\/vimagazine.com.br\/wp-content\/uploads\/2024\/01\/WhatsApp-Image-2024-01-18-at-18.15.41-840x1024.jpeg\" alt=\"\" class=\"wp-image-11920\" srcset=\"https:\/\/vimagazine.com.br\/wp-content\/uploads\/2024\/01\/WhatsApp-Image-2024-01-18-at-18.15.41-840x1024.jpeg 840w, https:\/\/vimagazine.com.br\/wp-content\/uploads\/2024\/01\/WhatsApp-Image-2024-01-18-at-18.15.41-246x300.jpeg 246w, https:\/\/vimagazine.com.br\/wp-content\/uploads\/2024\/01\/WhatsApp-Image-2024-01-18-at-18.15.41-768x937.jpeg 768w, https:\/\/vimagazine.com.br\/wp-content\/uploads\/2024\/01\/WhatsApp-Image-2024-01-18-at-18.15.41-1024x1249.jpeg 1024w, https:\/\/vimagazine.com.br\/wp-content\/uploads\/2024\/01\/WhatsApp-Image-2024-01-18-at-18.15.41.jpeg 1080w\" sizes=\"(max-width: 840px) 100vw, 840px\" \/><figcaption><strong>Equipe de controladores de trafego a\u00e9re<\/strong>o <\/figcaption><\/figure>\n\n\n\n<figure class=\"wp-block-image\"><img alt=\"\" \/><\/figure>\n","protected":false},"excerpt":{"rendered":"<p>Em 16 de Janeiro de 2024, o Aeroporto Regional de Maring\u00e1, Silvio Name Junior, alcan\u00e7ou&#8230;<\/p>\n","protected":false},"author":3,"featured_media":11917,"comment_status":"closed","ping_status":"open","sticky":false,"template":"","format":"standard","meta":{"om_disable_all_campaigns":false,"_monsterinsights_skip_tracking":false,"_monsterinsights_sitenote_active":false,"_monsterinsights_sitenote_note":"","_monsterinsights_sitenote_category":0,"spay_email":""},"categories":[1],"tags":[],"jetpack_featured_media_url":"https:\/\/vimagazine.com.br\/wp-content\/uploads\/2024\/01\/WhatsApp-Image-2024-01-18-at-17.41.54.jpeg","_links":{"self":[{"href":"https:\/\/vimagazine.com.br\/index.php?rest_route=\/wp\/v2\/posts\/11916"}],"collection":[{"href":"https:\/\/vimagazine.com.br\/index.php?rest_route=\/wp\/v2\/posts"}],"about":[{"href":"https:\/\/vimagazine.com.br\/index.php?rest_route=\/wp\/v2\/types\/post"}],"author":[{"embeddable":true,"href":"https:\/\/vimagazine.com.br\/index.php?rest_route=\/wp\/v2\/users\/3"}],"replies":[{"embeddable":true,"href":"https:\/\/vimagazine.com.br\/index.php?rest_route=%2Fwp%2Fv2%2Fcomments&post=11916"}],"version-history":[{"count":3,"href":"https:\/\/vimagazine.com.br\/index.php?rest_route=\/wp\/v2\/posts\/11916\/revisions"}],"predecessor-version":[{"id":11923,"href":"https:\/\/vimagazine.com.br\/index.php?rest_route=\/wp\/v2\/posts\/11916\/revisions\/11923"}],"wp:featuredmedia":[{"embeddable":true,"href":"https:\/\/vimagazine.com.br\/index.php?rest_route=\/wp\/v2\/media\/11917"}],"wp:attachment":[{"href":"https:\/\/vimagazine.com.br\/index.php?rest_route=%2Fwp%2Fv2%2Fmedia&parent=11916"}],"wp:term":[{"taxonomy":"category","embeddable":true,"href":"https:\/\/vimagazine.com.br\/index.php?rest_route=%2Fwp%2Fv2%2Fcategories&post=11916"},{"taxonomy":"post_tag","embeddable":true,"href":"https:\/\/vimagazine.com.br\/index.php?rest_route=%2Fwp%2Fv2%2Ftags&post=11916"}],"curies":[{"name":"wp","href":"https:\/\/api.w.org\/{rel}","templated":true}]}}