{"id":11966,"date":"2024-01-23T13:49:19","date_gmt":"2024-01-23T16:49:19","guid":{"rendered":"https:\/\/vimagazine.com.br\/?p=11966"},"modified":"2024-01-23T13:49:22","modified_gmt":"2024-01-23T16:49:22","slug":"especialista-em-midias-sociais-silvana-vianna-participa-do-evento-imersao-feminina-em-niteroi","status":"publish","type":"post","link":"https:\/\/vimagazine.com.br\/?p=11966","title":{"rendered":"Especialista em m\u00eddias sociais Silvana Vianna participa do evento &#8216;Imers\u00e3o Feminina&#8217; em Niter\u00f3i"},"content":{"rendered":"\n<p><\/p>\n\n\n\n<p><\/p>\n\n\n\n<p class=\"has-medium-font-size\"><em><strong>Para todas as mulheres empreendedoras que desejam adquirir mais conhecimento e superar desafios<\/strong><\/em><\/p>\n\n\n\n<p>No dia 27 de janeiro, s\u00e1bado, a especialista em M\u00eddias sociais, Silvana Vianna participa do evento &#8216;Imers\u00e3o Feminina&#8217; do grupo Conex\u00f5es Feminina. Durante a a\u00e7\u00e3o, Silvana apresentar\u00e1 uma palestra com o tema &#8216;Como se apresentar nas Redes Sociais&#8217;, das 16h45 \u00e0s 17h45. O encontro ser\u00e1 realizado no Audit\u00f3rio do Edif\u00edcio Mahatam Business Icara\u00ed, Niter\u00f3i. Para se inscrever basta acessar a plataforma de eventos&nbsp;<a href=\"https:\/\/www.sympla.com.br\/evento\/imersao-forca-feminina-estrategias-para-superar-desafios-pessoais-e-profissionais\/2309665.\" target=\"_blank\" rel=\"noreferrer noopener\">Sympla.&nbsp;<\/a><\/p>\n\n\n\n<p>Na palestra haver\u00e1 diversos temas como &#8220;Bio Poderosa: Criando uma Descri\u00e7\u00e3o Impactante do seu Perfil&#8221;, onde abordar\u00e1 a import\u00e2ncia de uma descri\u00e7\u00e3o diferenciada nas redes sociais. Atrav\u00e9s de exerc\u00edcios pr\u00e1ticos, a palestrante mostrar\u00e1 como uma Bio bem elaborada pode atrair a aten\u00e7\u00e3o do p\u00fablico-alvo e ajudar a destacar-se em meio \u00e0 concorr\u00eancia.<\/p>\n\n\n\n<p>No mundo digital atual, onde a presen\u00e7a nas redes sociais \u00e9 essencial para o sucesso pessoal e profissional, \u00e9 fundamental manter-se ativa e consistente. Nesse sentido, Silvana Vianna tamb\u00e9m abordar\u00e1 o tema &#8220;Consist\u00eancia de Presen\u00e7a: Mantendo-se Ativa nas Redes Sociais&#8221;. Atrav\u00e9s de estrat\u00e9gias e dicas pr\u00e1ticas, os participantes da palestra aprender\u00e3o como manter uma presen\u00e7a constante e relevante nas redes sociais, fortalecendo sua imagem e alcan\u00e7ando seus objetivos.<\/p>\n\n\n\n<p>Outro ponto importante que ser\u00e1 discutido na palestra \u00e9 a import\u00e2ncia das fotos nas redes sociais. Sob o tema &#8220;Fotos que Contam Hist\u00f3rias: A Import\u00e2ncia da Imagem nas Redes Sociais&#8221;, Silvana mostrar\u00e1 como uma imagem bem escolhida e bem produzida pode transmitir uma mensagem poderosa e impactante. Atrav\u00e9s de exemplos de sucesso, os participantes ser\u00e3o incentivados a investir na qualidade das fotos que compartilham, atraindo assim mais seguidores e intera\u00e7\u00f5es.<\/p>\n\n\n\n<p>Por fim, a palestrante abordar\u00e1 o tema &#8220;Como Interagir com sua Audi\u00eancia&#8221;, mostrando a import\u00e2ncia de estabelecer uma conex\u00e3o genu\u00edna com o p\u00fablico. Atrav\u00e9s de estrat\u00e9gias de engajamento e intera\u00e7\u00e3o, a especialista ensinar\u00e1 como criar um di\u00e1logo efetivo com os seguidores, construindo relacionamentos duradouros e aumentando o alcance de suas mensagens.<\/p>\n\n\n\n<p>O evento traz uma oportunidade \u00fanica para aprender estrat\u00e9gias eficazes de marketing pessoal nas redes sociais. &#8220;Estou muito feliz e honrada em participar desse grupo de empreendedoras do Conex\u00e3o Feminina, pois \u00e9 uma chance de se conectar com pessoas, conhecer hist\u00f3rias e manter uma rede de relacionamento de mulheres empreendedoras com diversos perfis&#8221;, comenta Silvana.&nbsp;<\/p>\n\n\n\n<figure class=\"wp-block-image size-large is-resized\"><img src=\"https:\/\/vimagazine.com.br\/wp-content\/uploads\/2024\/01\/Silvana-Viana-684x1024.jpeg\" alt=\"\" class=\"wp-image-11967\" width=\"530\" height=\"793\" srcset=\"https:\/\/vimagazine.com.br\/wp-content\/uploads\/2024\/01\/Silvana-Viana-684x1024.jpeg 684w, https:\/\/vimagazine.com.br\/wp-content\/uploads\/2024\/01\/Silvana-Viana-200x300.jpeg 200w, https:\/\/vimagazine.com.br\/wp-content\/uploads\/2024\/01\/Silvana-Viana-768x1150.jpeg 768w, https:\/\/vimagazine.com.br\/wp-content\/uploads\/2024\/01\/Silvana-Viana.jpeg 828w\" sizes=\"(max-width: 530px) 100vw, 530px\" \/><\/figure>\n\n\n\n<p><\/p>\n\n\n\n<p><strong>Sobre o Conex\u00f5es Femininas<\/strong><\/p>\n\n\n\n<p>O Conex\u00f5es Femininas \u00e9 um grupo estruturado de networking empresarial que visa ajudar mulheres a divulgar seus neg\u00f3cios atrav\u00e9s de encontros e mentorias para o desenvolvimento de relacionamentos comerciais que gerem indica\u00e7\u00f5es de neg\u00f3cios m\u00fatuos.<\/p>\n\n\n\n<p>Para se inscrever, basta acessar o link do Sympla:&nbsp;<a href=\"https:\/\/www.sympla.com.br\/evento\/imersao-forca-feminina-estrategias-para-superar-desafios-pessoais-e-profissionais\/2309665\" target=\"_blank\" rel=\"noreferrer noopener\">https:\/\/www.sympla.com.br\/evento\/imersao-forca-feminina-estrategias-para-superar-desafios-pessoais-e-profissionais\/2309665<\/a>.&nbsp;<\/p>\n\n\n\n<p><strong>Servi\u00e7o: Imers\u00e3o &#8216;For\u00e7a Feminina&#8217; estrat\u00e9gias para superar desafios pessoais e profissionais<\/strong><\/p>\n\n\n\n<p><strong>Data:<\/strong>&nbsp;27 de janeiro (S\u00e1bado)<\/p>\n\n\n\n<p><strong>Hora:<\/strong>&nbsp;9h \u00e0s 18h<\/p>\n\n\n\n<p><strong>Inscri\u00e7\u00e3o:<\/strong>&nbsp;Sympla<\/p>\n\n\n\n<figure class=\"wp-block-embed\"><div class=\"wp-block-embed__wrapper\">\nhttps:\/\/www.sympla.com.br\/evento\/imersao-forca-feminina-estrategias-para-superar-desafios-pessoais-e-profissionais\/2309665.\n<\/div><\/figure>\n\n\n\n<p><strong><em>Local: Audit\u00f3rio do Ed. Mahatam Business Icara\u00ed, Niter\u00f3i &#8211; RJ<\/em><\/strong><\/p>\n\n\n\n<p><strong><em>Rua Gavi\u00e3o Peixoto, 124, Cobertura, Icara\u00ed<\/em><\/strong><\/p>\n","protected":false},"excerpt":{"rendered":"<p>Para todas as mulheres empreendedoras que desejam adquirir mais conhecimento e superar desafios No dia&#8230;<\/p>\n","protected":false},"author":1,"featured_media":11968,"comment_status":"closed","ping_status":"open","sticky":false,"template":"","format":"standard","meta":{"om_disable_all_campaigns":false,"_monsterinsights_skip_tracking":false,"_monsterinsights_sitenote_active":false,"_monsterinsights_sitenote_note":"","_monsterinsights_sitenote_category":0,"spay_email":""},"categories":[1],"tags":[],"jetpack_featured_media_url":"https:\/\/vimagazine.com.br\/wp-content\/uploads\/2024\/01\/Silvana-Viana-especialista-em-Midias-sociais.jpeg","_links":{"self":[{"href":"https:\/\/vimagazine.com.br\/index.php?rest_route=\/wp\/v2\/posts\/11966"}],"collection":[{"href":"https:\/\/vimagazine.com.br\/index.php?rest_route=\/wp\/v2\/posts"}],"about":[{"href":"https:\/\/vimagazine.com.br\/index.php?rest_route=\/wp\/v2\/types\/post"}],"author":[{"embeddable":true,"href":"https:\/\/vimagazine.com.br\/index.php?rest_route=\/wp\/v2\/users\/1"}],"replies":[{"embeddable":true,"href":"https:\/\/vimagazine.com.br\/index.php?rest_route=%2Fwp%2Fv2%2Fcomments&post=11966"}],"version-history":[{"count":1,"href":"https:\/\/vimagazine.com.br\/index.php?rest_route=\/wp\/v2\/posts\/11966\/revisions"}],"predecessor-version":[{"id":11969,"href":"https:\/\/vimagazine.com.br\/index.php?rest_route=\/wp\/v2\/posts\/11966\/revisions\/11969"}],"wp:featuredmedia":[{"embeddable":true,"href":"https:\/\/vimagazine.com.br\/index.php?rest_route=\/wp\/v2\/media\/11968"}],"wp:attachment":[{"href":"https:\/\/vimagazine.com.br\/index.php?rest_route=%2Fwp%2Fv2%2Fmedia&parent=11966"}],"wp:term":[{"taxonomy":"category","embeddable":true,"href":"https:\/\/vimagazine.com.br\/index.php?rest_route=%2Fwp%2Fv2%2Fcategories&post=11966"},{"taxonomy":"post_tag","embeddable":true,"href":"https:\/\/vimagazine.com.br\/index.php?rest_route=%2Fwp%2Fv2%2Ftags&post=11966"}],"curies":[{"name":"wp","href":"https:\/\/api.w.org\/{rel}","templated":true}]}}