{"id":12220,"date":"2024-01-27T16:44:50","date_gmt":"2024-01-27T19:44:50","guid":{"rendered":"https:\/\/vimagazine.com.br\/?p=12220"},"modified":"2024-01-27T16:44:55","modified_gmt":"2024-01-27T19:44:55","slug":"apresentador-da-jovem-pan-joinville-vai-conduzir-concerto-em-sao-paulo","status":"publish","type":"post","link":"https:\/\/vimagazine.com.br\/?p=12220","title":{"rendered":"APRESENTADOR DA JOVEM PAN JOINVILLE VAI CONDUZIR CONCERTO EM S\u00c3O PAULO"},"content":{"rendered":"\n<p><\/p>\n\n\n\n<p><\/p>\n\n\n\n<p>O \u00e2ncora da Jovem Pan Joinville, Marcos Aurelio Pereira, ser\u00e1 o Mestre de Cerim\u00f4nias de uma apresenta\u00e7\u00e3o especial marcada para fevereiro, em S\u00e3o Paulo. O profissional vai conduzir o evento que ter\u00e1 um Concerto \u00fanico executado pelo Musicarium Orquestra Filarm\u00f4nica, com sede em Joinville, Santa Catarina.<\/p>\n\n\n\n<p>O encontro, fechado para empres\u00e1rios e convidados, ser\u00e1 realizado no concorrido teatro B32 \u2013 um dos mais importantes espa\u00e7os culturais do pa\u00eds. O teatro \u00e9 um pr\u00e9dio que encanta e atrai um p\u00fablico diversificado, com um fluxo consider\u00e1vel de turistas todos os meses.<\/p>\n\n\n\n<p>A cerim\u00f4nia est\u00e1 marcada para o dia 26 de fevereiro, \u00e0s 19h00.<\/p>\n\n\n\n<p style=\"font-size:12px\">Foto: Nilson Bastian<\/p>\n","protected":false},"excerpt":{"rendered":"<p>O \u00e2ncora da Jovem Pan Joinville, Marcos Aurelio Pereira, ser\u00e1 o Mestre de Cerim\u00f4nias de&#8230;<\/p>\n","protected":false},"author":1,"featured_media":12221,"comment_status":"closed","ping_status":"open","sticky":false,"template":"","format":"standard","meta":{"om_disable_all_campaigns":false,"_monsterinsights_skip_tracking":false,"_monsterinsights_sitenote_active":false,"_monsterinsights_sitenote_note":"","_monsterinsights_sitenote_category":0,"spay_email":""},"categories":[26],"tags":[],"jetpack_featured_media_url":"https:\/\/vimagazine.com.br\/wp-content\/uploads\/2024\/01\/4a791799-0d78-44e1-9903-d8c4097c3f94.jpeg","_links":{"self":[{"href":"https:\/\/vimagazine.com.br\/index.php?rest_route=\/wp\/v2\/posts\/12220"}],"collection":[{"href":"https:\/\/vimagazine.com.br\/index.php?rest_route=\/wp\/v2\/posts"}],"about":[{"href":"https:\/\/vimagazine.com.br\/index.php?rest_route=\/wp\/v2\/types\/post"}],"author":[{"embeddable":true,"href":"https:\/\/vimagazine.com.br\/index.php?rest_route=\/wp\/v2\/users\/1"}],"replies":[{"embeddable":true,"href":"https:\/\/vimagazine.com.br\/index.php?rest_route=%2Fwp%2Fv2%2Fcomments&post=12220"}],"version-history":[{"count":1,"href":"https:\/\/vimagazine.com.br\/index.php?rest_route=\/wp\/v2\/posts\/12220\/revisions"}],"predecessor-version":[{"id":12222,"href":"https:\/\/vimagazine.com.br\/index.php?rest_route=\/wp\/v2\/posts\/12220\/revisions\/12222"}],"wp:featuredmedia":[{"embeddable":true,"href":"https:\/\/vimagazine.com.br\/index.php?rest_route=\/wp\/v2\/media\/12221"}],"wp:attachment":[{"href":"https:\/\/vimagazine.com.br\/index.php?rest_route=%2Fwp%2Fv2%2Fmedia&parent=12220"}],"wp:term":[{"taxonomy":"category","embeddable":true,"href":"https:\/\/vimagazine.com.br\/index.php?rest_route=%2Fwp%2Fv2%2Fcategories&post=12220"},{"taxonomy":"post_tag","embeddable":true,"href":"https:\/\/vimagazine.com.br\/index.php?rest_route=%2Fwp%2Fv2%2Ftags&post=12220"}],"curies":[{"name":"wp","href":"https:\/\/api.w.org\/{rel}","templated":true}]}}