{"id":12248,"date":"2024-01-28T15:44:50","date_gmt":"2024-01-28T18:44:50","guid":{"rendered":"https:\/\/vimagazine.com.br\/?p=12248"},"modified":"2024-01-28T15:44:53","modified_gmt":"2024-01-28T18:44:53","slug":"car-talks-2024-inovacao-e-transformacao-digital-no-mercado-de-veiculos-seminovos","status":"publish","type":"post","link":"https:\/\/vimagazine.com.br\/?p=12248","title":{"rendered":"Car Talks 2024: Inova\u00e7\u00e3o e Transforma\u00e7\u00e3o Digital no Mercado de Ve\u00edculos Seminovos"},"content":{"rendered":"\n<p><\/p>\n\n\n\n<p>No din\u00e2mico mercado de autom\u00f3veis seminovos, a transforma\u00e7\u00e3o digital tem imposto desafios aos empres\u00e1rios, assim como oportunidades sem precedentes. \u00c0 medida que a tecnologia avan\u00e7a, os consumidores se tornam mais conectados e informados, exigindo modelos de neg\u00f3cio que n\u00e3o apenas acompanhem, mas antecipem necessidades e prefer\u00eancias.<\/p>\n\n\n\n<p>Com objetivo de capacitar lojistas e gestores para identificar, compreender e se adaptar \u00e0 atual forma como as pessoas se comunicam, interagem e consomem, a 1\u00aa Edi\u00e7\u00e3o do Car Talks em 2024 ir\u00e1 discutir inova\u00e7\u00f5es e transforma\u00e7\u00e3o digital no mercado de autom\u00f3veis seminovos.<\/p>\n\n\n\n<p>O evento ter\u00e1 como palestrantes Guga Gadelha, fundador e CEO do G30 Marketing Automotivo, e Valton Werner Junior, CEO do Floripa Square, idealizador do complexo que integra a maior Megatela de Led da Am\u00e9rica Latina, a 50m de altura, que fica em Florian\u00f3polis.<\/p>\n\n\n\n<p>O Car Talks tamb\u00e9m ter\u00e1 a participa\u00e7\u00e3o de Dener Barbosa, Head Comercial do S\u00f3 Carr\u00e3o, Andrey Delucca, Gestor Comercial da Gestauto e Andr\u00e9 Mendes, s\u00f3cio-diretor da THE LED. O evento ser\u00e1 no dia 06 de fevereiro, no Rooftop Floripa Square, e trar\u00e1 estrat\u00e9gias exclusivas para alavancar as vendas dos lojistas e inovar no atendimento ao cliente.<\/p>\n\n\n\n<p>Gabriela Gretter, COO do Floripa Square e idealizadora do evento, destaca que o Car Talks \u00e9 uma oportunidade \u00fanica para impulsionar os lojistas de ve\u00edculos a um pr\u00f3ximo n\u00edvel. &#8220;A proposta \u00e9 proporcionar o conhecimento de estrat\u00e9gias e ferramentas para capacitar e aprimorar as equipes existentes nas lojas, alinhando-as \u00e0 nova din\u00e2mica do mercado&#8221;.<\/p>\n\n\n\n<figure class=\"wp-container-2 wp-block-gallery-1 wp-block-gallery has-nested-images columns-2 is-cropped\">\n<figure class=\"wp-block-image size-large\"><img width=\"1600\" height=\"900\" data-id=\"12249\"  src=\"https:\/\/vimagazine.com.br\/wp-content\/uploads\/2024\/01\/Car-Talks-Floripa-Square2.jpeg\" alt=\"\" class=\"wp-image-12249\" srcset=\"https:\/\/vimagazine.com.br\/wp-content\/uploads\/2024\/01\/Car-Talks-Floripa-Square2.jpeg 1600w, https:\/\/vimagazine.com.br\/wp-content\/uploads\/2024\/01\/Car-Talks-Floripa-Square2-300x169.jpeg 300w, https:\/\/vimagazine.com.br\/wp-content\/uploads\/2024\/01\/Car-Talks-Floripa-Square2-1024x576.jpeg 1024w, https:\/\/vimagazine.com.br\/wp-content\/uploads\/2024\/01\/Car-Talks-Floripa-Square2-768x432.jpeg 768w, https:\/\/vimagazine.com.br\/wp-content\/uploads\/2024\/01\/Car-Talks-Floripa-Square2-1536x864.jpeg 1536w\" sizes=\"(max-width: 1600px) 100vw, 1600px\" \/><\/figure>\n\n\n\n<figure class=\"wp-block-image size-large\"><img width=\"1600\" height=\"900\" data-id=\"12250\"  src=\"https:\/\/vimagazine.com.br\/wp-content\/uploads\/2024\/01\/Car-Talks-Floripa-Square4.jpeg\" alt=\"\" class=\"wp-image-12250\" srcset=\"https:\/\/vimagazine.com.br\/wp-content\/uploads\/2024\/01\/Car-Talks-Floripa-Square4.jpeg 1600w, https:\/\/vimagazine.com.br\/wp-content\/uploads\/2024\/01\/Car-Talks-Floripa-Square4-300x169.jpeg 300w, https:\/\/vimagazine.com.br\/wp-content\/uploads\/2024\/01\/Car-Talks-Floripa-Square4-1024x576.jpeg 1024w, https:\/\/vimagazine.com.br\/wp-content\/uploads\/2024\/01\/Car-Talks-Floripa-Square4-768x432.jpeg 768w, https:\/\/vimagazine.com.br\/wp-content\/uploads\/2024\/01\/Car-Talks-Floripa-Square4-1536x864.jpeg 1536w\" sizes=\"(max-width: 1600px) 100vw, 1600px\" \/><\/figure>\n\n\n\n<figure class=\"wp-block-image size-large\"><img width=\"1600\" height=\"900\" data-id=\"12251\"  src=\"https:\/\/vimagazine.com.br\/wp-content\/uploads\/2024\/01\/Car-Talks-Floripa-Square5.jpeg\" alt=\"\" class=\"wp-image-12251\" srcset=\"https:\/\/vimagazine.com.br\/wp-content\/uploads\/2024\/01\/Car-Talks-Floripa-Square5.jpeg 1600w, https:\/\/vimagazine.com.br\/wp-content\/uploads\/2024\/01\/Car-Talks-Floripa-Square5-300x169.jpeg 300w, https:\/\/vimagazine.com.br\/wp-content\/uploads\/2024\/01\/Car-Talks-Floripa-Square5-1024x576.jpeg 1024w, https:\/\/vimagazine.com.br\/wp-content\/uploads\/2024\/01\/Car-Talks-Floripa-Square5-768x432.jpeg 768w, https:\/\/vimagazine.com.br\/wp-content\/uploads\/2024\/01\/Car-Talks-Floripa-Square5-1536x864.jpeg 1536w\" sizes=\"(max-width: 1600px) 100vw, 1600px\" \/><\/figure>\n\n\n\n<figure class=\"wp-block-image size-large\"><img width=\"1600\" height=\"900\" data-id=\"12252\"  src=\"https:\/\/vimagazine.com.br\/wp-content\/uploads\/2024\/01\/Car-Talks-Floripa-Square6.jpeg\" alt=\"\" class=\"wp-image-12252\" srcset=\"https:\/\/vimagazine.com.br\/wp-content\/uploads\/2024\/01\/Car-Talks-Floripa-Square6.jpeg 1600w, https:\/\/vimagazine.com.br\/wp-content\/uploads\/2024\/01\/Car-Talks-Floripa-Square6-300x169.jpeg 300w, https:\/\/vimagazine.com.br\/wp-content\/uploads\/2024\/01\/Car-Talks-Floripa-Square6-1024x576.jpeg 1024w, https:\/\/vimagazine.com.br\/wp-content\/uploads\/2024\/01\/Car-Talks-Floripa-Square6-768x432.jpeg 768w, https:\/\/vimagazine.com.br\/wp-content\/uploads\/2024\/01\/Car-Talks-Floripa-Square6-1536x864.jpeg 1536w\" sizes=\"(max-width: 1600px) 100vw, 1600px\" \/><\/figure>\n<\/figure>\n\n\n\n<p><strong>Estrat\u00e9gias Exclusivas e Inova\u00e7\u00e3o no Atendimento<\/strong><\/p>\n\n\n\n<p>Nas palestras e talks programados, Guga Gadelha ir\u00e1 compartilhar estrat\u00e9gias para maximizar as vendas de ve\u00edculos seminovos, al\u00e9m de m\u00e9todos eficazes para captar e converter leads digitais em vendas reais com t\u00e1ticas e ferramentas que s\u00f3 utiliza em suas mentorias exclusivas.<\/p>\n\n\n\n<p>&#8220;N\u00f3s temos que estar preparados para atender on-line, porque os clientes est\u00e3o em todos os lugares, mas nenhuma loja dobra ou triplica as vendas vendendo \u00e0 dist\u00e2ncia. \u00c9 preciso focar tamb\u00e9m no mercado regional, e gerar experi\u00eancias para os clientes dentro da loja&#8221;, explica Guga Gadelha, que j\u00e1 treina gestores e vendedores de ve\u00edculos em todo o Brasil.<\/p>\n\n\n\n<p>Valton Werner Junior, ir\u00e1 explorar estrat\u00e9gias inovadoras para transformar equipes e clientes em verdadeiros embaixadores da marca, elevando a visibilidade do neg\u00f3cio nas redes sociais de uma forma aut\u00eantica e org\u00e2nica.<\/p>\n\n\n\n<p>&#8220;A prova social \u00e9 elemento chave na estrat\u00e9gia de posicionamento de uma marca. Experi\u00eancias compartilhadas por clientes e vendedores nas plataformas digitais os convertem em nano influenciadores, promovendo a marca, seus produtos ou servi\u00e7os de maneira aut\u00eantica e impulsionando sua visibilidade no ambiente digital&#8221;, destaca Valton Werner Junior.<\/p>\n\n\n\n<p>A programa\u00e7\u00e3o conta ainda com talks com especialistas e empres\u00e1rios do setor automotivo, e cases de sucesso com lojistas de Santa Catarina compartilhando trajet\u00f3rias de transforma\u00e7\u00e3o aplicadas aos seus neg\u00f3cios.<\/p>\n\n\n\n<p>&nbsp;<strong>Intelig\u00eancia Artificial no Mercado Automotivo<\/strong><\/p>\n\n\n\n<p>Outro destaque do evento ser\u00e1 a Oficina de Atendimento com uso de Intelig\u00eancia Artificial. Guga Gadelha, que j\u00e1 utiliza a tecnologia, enfatiza a import\u00e2ncia da IA no pr\u00e9-atendimento de leads e na agilidade para atender o volume de pessoas que chegam no online.<\/p>\n\n\n\n<p>&#8220;Enquanto nossa equipe se concentra em outras atividades, a intelig\u00eancia artificial assume a fun\u00e7\u00e3o de atendimento, agendando visitas para transitar do ambiente online para o offline. Essa abordagem visa proporcionar ao cliente uma experi\u00eancia dentro da loja, aumentando as chances de concretizar a venda&#8221;, contextualiza Guga Gadelha.<\/p>\n\n\n\n<p>Valton Werner Junior destaca o desafio dessa nova realidade para o lojista de ve\u00edculos seminovos, onde &#8220;a jornada do cliente, que antes envolvia a busca ativa pela loja, passou por transforma\u00e7\u00f5es significativas. ao longo do tempo. Por isso, \u00e9 essencial uma jornada integrada, tanto digital quanto f\u00edsica&#8221;, conclui o CEO do Floripa Square.<\/p>\n\n\n\n<p>O Car Talk est\u00e1 com inscri\u00e7\u00f5es abertas no site&nbsp;<a href=\"http:\/\/www.cartalks.com.br\/\" target=\"_blank\" rel=\"noreferrer noopener\">www.cartalks.com.br<\/a>&nbsp;e as vagas s\u00e3o limitadas. O evento, com realiza\u00e7\u00e3o do Floripa Square, tem patroc\u00ednio da Gestauto, S\u00f3 Carr\u00e3o, The Led, Ponto Z Pain\u00e9is, e G30 Marketing Automotivo.<\/p>\n\n\n\n<p><\/p>\n\n\n\n<p><strong>Data:<\/strong> 06 de fevereiro de 2024<\/p>\n\n\n\n<p><strong>Local:<\/strong> Rooftop Floripa Square<\/p>\n\n\n\n<p>Mais Informa\u00e7\u00f5es e Inscri\u00e7\u00f5es:&nbsp;<a href=\"http:\/\/www.cartalks.com.br\/\" target=\"_blank\" rel=\"noreferrer noopener\">www.cartalks.com.br<\/a><\/p>\n\n\n\n<p><strong>Instagram:<\/strong> @cartalks.brasil<\/p>\n\n\n\n<p><\/p>\n\n\n\n<p><\/p>\n\n\n\n<p><\/p>\n\n\n\n<p><\/p>\n\n\n\n<p><\/p>\n","protected":false},"excerpt":{"rendered":"<p>No din\u00e2mico mercado de autom\u00f3veis seminovos, a transforma\u00e7\u00e3o digital tem imposto desafios aos empres\u00e1rios, assim&#8230;<\/p>\n","protected":false},"author":1,"featured_media":12253,"comment_status":"closed","ping_status":"open","sticky":false,"template":"","format":"standard","meta":{"om_disable_all_campaigns":false,"_monsterinsights_skip_tracking":false,"_monsterinsights_sitenote_active":false,"_monsterinsights_sitenote_note":"","_monsterinsights_sitenote_category":0,"spay_email":""},"categories":[1],"tags":[],"jetpack_featured_media_url":"https:\/\/vimagazine.com.br\/wp-content\/uploads\/2024\/01\/Car-Talks-Floripa-Square3.jpeg","_links":{"self":[{"href":"https:\/\/vimagazine.com.br\/index.php?rest_route=\/wp\/v2\/posts\/12248"}],"collection":[{"href":"https:\/\/vimagazine.com.br\/index.php?rest_route=\/wp\/v2\/posts"}],"about":[{"href":"https:\/\/vimagazine.com.br\/index.php?rest_route=\/wp\/v2\/types\/post"}],"author":[{"embeddable":true,"href":"https:\/\/vimagazine.com.br\/index.php?rest_route=\/wp\/v2\/users\/1"}],"replies":[{"embeddable":true,"href":"https:\/\/vimagazine.com.br\/index.php?rest_route=%2Fwp%2Fv2%2Fcomments&post=12248"}],"version-history":[{"count":1,"href":"https:\/\/vimagazine.com.br\/index.php?rest_route=\/wp\/v2\/posts\/12248\/revisions"}],"predecessor-version":[{"id":12254,"href":"https:\/\/vimagazine.com.br\/index.php?rest_route=\/wp\/v2\/posts\/12248\/revisions\/12254"}],"wp:featuredmedia":[{"embeddable":true,"href":"https:\/\/vimagazine.com.br\/index.php?rest_route=\/wp\/v2\/media\/12253"}],"wp:attachment":[{"href":"https:\/\/vimagazine.com.br\/index.php?rest_route=%2Fwp%2Fv2%2Fmedia&parent=12248"}],"wp:term":[{"taxonomy":"category","embeddable":true,"href":"https:\/\/vimagazine.com.br\/index.php?rest_route=%2Fwp%2Fv2%2Fcategories&post=12248"},{"taxonomy":"post_tag","embeddable":true,"href":"https:\/\/vimagazine.com.br\/index.php?rest_route=%2Fwp%2Fv2%2Ftags&post=12248"}],"curies":[{"name":"wp","href":"https:\/\/api.w.org\/{rel}","templated":true}]}}