{"id":12296,"date":"2024-01-29T13:06:34","date_gmt":"2024-01-29T16:06:34","guid":{"rendered":"https:\/\/vimagazine.com.br\/?p=12296"},"modified":"2024-01-29T18:37:07","modified_gmt":"2024-01-29T21:37:07","slug":"thay-teixeira-abre-o-coracao-e-fala-da-sua-expectativa-para-o-miss-santa-catarina-2024","status":"publish","type":"post","link":"https:\/\/vimagazine.com.br\/?p=12296","title":{"rendered":"<strong>Thay Teixeira abre o cora\u00e7\u00e3o e fala da sua expectativa para o Miss Santa Catarina 2024<\/strong>"},"content":{"rendered":"\n<p>&nbsp;&nbsp;&nbsp; Tendo em vista a relev\u00e2ncia do universo miss, dentre tantos outros aspectos relacionados ao mundo da moda, que entrevistei, Thay Teixeira. Na oportunidade, a modelo e miss abriu o cora\u00e7\u00e3o e contou um pouco sobre a sua inf\u00e2ncia, o in\u00edcio da sua carreira e deu dicas important\u00edssimas para quem deseja iniciar na carreira de modelo.<\/p>\n\n\n\n<figure class=\"wp-block-image size-full\"><img width=\"850\" height=\"833\" src=\"https:\/\/vimagazine.com.br\/wp-content\/uploads\/2024\/01\/c7670393-7b53-4dc6-b2cd-6616a9bf8782.jpg\" alt=\"\" class=\"wp-image-12300\" srcset=\"https:\/\/vimagazine.com.br\/wp-content\/uploads\/2024\/01\/c7670393-7b53-4dc6-b2cd-6616a9bf8782.jpg 850w, https:\/\/vimagazine.com.br\/wp-content\/uploads\/2024\/01\/c7670393-7b53-4dc6-b2cd-6616a9bf8782-300x294.jpg 300w, https:\/\/vimagazine.com.br\/wp-content\/uploads\/2024\/01\/c7670393-7b53-4dc6-b2cd-6616a9bf8782-768x753.jpg 768w\" sizes=\"(max-width: 850px) 100vw, 850px\" \/><\/figure>\n\n\n\n<p><strong><em>Quando e o que te motivou a ser modelo?<\/em><\/strong><\/p>\n\n\n\n<p>&nbsp;<strong>R:<\/strong> Iniciei minha busca para ser modelo com apenas sete aninhos de idade. Sempre fui apaixonada pelo mundo da moda e da beleza, ent\u00e3o pedi a minha m\u00e3e para me levar em uma seletiva de modelos na ag\u00eancia, Par\u00e2metro Model, que estava em busca de novos talentos no meio oeste do estado de Santa Catarina. Passei na seletiva e participei do curso oferecido pela ag\u00eancia, depois participei do meu primeiro desfile para uma loja infantil da cidade, e foi ali na passarela, que vi meu sonho se tornando realidade.<\/p>\n\n\n\n<p><strong><em>Quais s\u00e3o os principais desafios de uma modelo no in\u00edcio de carreira e quais as dicas que voc\u00ea d\u00e1 para quem deseja ingressar na \u00e1rea?<\/em><\/strong><\/p>\n\n\n\n<p>&nbsp;<strong>R:<\/strong> Meu principal desafio foi a falta de experi\u00eancia, o que \u00e9 algo normal, s\u00f3 que me atrapalhou muito! Sem falar que fiz algumas escolhas precipitadas. Da\u00ed a dica principal \u00e9: \u201cESTUDEM\u201d, estudem muito at\u00e9 entrar em uma ag\u00eancia, hoje em dia contamos com diversos v\u00eddeos, aulas gratuitas e algumas pagas com pre\u00e7os baratinhos. O fato \u00e9 que &nbsp;toda profiss\u00e3o requer investimento!<\/p>\n\n\n\n<p><strong><em>Qual a sua ag\u00eancia e quais os cuidados que uma pessoa deve ter ao escolher uma ag\u00eancia de modelos?<\/em><\/strong><\/p>\n\n\n\n<p>&nbsp;<strong>R:<\/strong> Eu sempre busquei ag\u00eancias grandes com um nome j\u00e1 estabelecido no mercado, quando eu era crian\u00e7a a busca era mais dif\u00edcil, mas hoje em dia podemos procurar no Google, nas redes sociais e at\u00e9 conversar com modelos j\u00e1 contratados pela ag\u00eancia para verificar a veracidade das propostas ditas pela ag\u00eancia. No momento eu estou conversando com uma ag\u00eancia e se fecharmos contrato vou poder divulgar :).<\/p>\n\n\n\n<p><strong><em>Como est\u00e1 sendo concorrer \u00e0 miss e qual a sua avalia\u00e7\u00e3o da franquia da miss na qual voc\u00ea est\u00e1 inscrita?<\/em><\/strong><\/p>\n\n\n\n<p>&nbsp;&nbsp;<strong>R: <\/strong>Vi no mundo miss uma oportunidade muito grande, e essa \u00e9 minha primeira vez sendo miss! Me sinto muito honrada por ser classificada como Miss Brusque, uma cidade que me acolheu, na qual tive meus dois beb\u00eas. Isso com toda certeza ficar\u00e1 marcado para sempre na minha vida, e a <strong>franquia do Kabeto<\/strong> est\u00e1 fazendo jus a esse marco na minha vida.<\/p>\n\n\n\n<p><strong><em>Conquistando a faixa de miss quais ser\u00e3o os seus principais objetivos?<\/em><\/strong><\/p>\n\n\n\n<p>&nbsp; <strong>R:<\/strong> Al\u00e9m de encontrar oportunidades para o mundo da moda, quero poder usar a minha imagem para criar uma rede de apoio psicol\u00f3gico para as crian\u00e7as de comunidades carentes, hoje contamos com muitas institui\u00e7\u00f5es que levam arte e esporte para a comunidade, mas poucos profissionais da sa\u00fade mental e isso \u00e9 de extrema import\u00e2ncia para todas as pessoas.<\/p>\n\n\n\n<p><strong><em>Qual, h\u00e1 quanto tempo e como \u00e9 o trabalho social que voc\u00ea desenvolve?<\/em><\/strong><\/p>\n\n\n\n<p>&nbsp;<strong>R:<\/strong> Desde crian\u00e7a sempre estive engajada em obras sociais na comunidade, tudo come\u00e7ou quando eu fazia parte do grupo de escoteiros da cidade e ali me senti muito grata em poder ajudar outras pessoas, mais tarde me envolvi em obras em comunidades em Florian\u00f3polis, junto ao grupo religioso do qual eu participava, lev\u00e1vamos alimentos, roupas e arte. Foi assim que despertou em mim em fazer um projeto meu para ajudar tamb\u00e9m, e vi que nas comunidades tem muitas fam\u00edlias felizes gra\u00e7as a Deus, mas infelizmente fam\u00edlias que eram desestruturadas, assim como em qualquer classe social, mas ali sem poder contar com apoio psicol\u00f3gico devido, e quero contar com a ajuda de profissionais e pol\u00edticos para que possamos refor\u00e7ar isso dentro das comunidades.<\/p>\n\n\n\n<p><strong><em>Na sua avalia\u00e7\u00e3o qual a import\u00e2ncia de uma causa social?<\/em><\/strong><\/p>\n\n\n\n<p>&nbsp;<strong>R:<\/strong> A import\u00e2ncia de uma causa social \u00e9 imensur\u00e1vel! Todos como seres humanos temos o dever de ajudar um ao outro!<\/p>\n\n\n\n<p>Ame o pr\u00f3ximo como a ti mesmo.<\/p>\n\n\n\n<p>Matheus 22:37-39.<\/p>\n\n\n\n<p><strong><em>Quais as suas redes sociais para que as pessoas possam te acompanhar?<\/em><\/strong><\/p>\n\n\n\n<p>&nbsp;&nbsp;<strong>R: <\/strong>Amores da minha vida, minha conta pessoal \u00e9 <a href=\"https:\/\/www.instagram.com\/thayteixeiramiss\/\">@thayteixeiramiss<\/a> . Vai ser um prazer ter voc\u00eas me acompanhando nessa experi\u00eancia maravilhosa que \u00e9 participar do mundo Miss!<\/p>\n\n\n\n<p><strong><em>Quem \u00e9 Thay Teixeira:<\/em><\/strong><\/p>\n\n\n\n<p><strong>&nbsp; Thay Teixeira<\/strong> \u00e9 modelo, empres\u00e1ria, \u00e9 Miss Brusque 2024, \u00e9 ativista social e est\u00e1 concorrendo ao Miss Santa Catarina 2024.<\/p>\n\n\n\n<p>Foto: Sophia Braga <\/p>\n","protected":false},"excerpt":{"rendered":"<p>&nbsp;&nbsp;&nbsp; Tendo em vista a relev\u00e2ncia do universo miss, dentre tantos outros aspectos relacionados ao&#8230;<\/p>\n","protected":false},"author":2,"featured_media":12297,"comment_status":"closed","ping_status":"open","sticky":false,"template":"","format":"standard","meta":{"om_disable_all_campaigns":false,"_monsterinsights_skip_tracking":false,"_monsterinsights_sitenote_active":false,"_monsterinsights_sitenote_note":"","_monsterinsights_sitenote_category":0,"spay_email":""},"categories":[26,31],"tags":[793,794],"jetpack_featured_media_url":"https:\/\/vimagazine.com.br\/wp-content\/uploads\/2024\/01\/cd249032-9592-4813-8f85-635485710eb4.jpg","_links":{"self":[{"href":"https:\/\/vimagazine.com.br\/index.php?rest_route=\/wp\/v2\/posts\/12296"}],"collection":[{"href":"https:\/\/vimagazine.com.br\/index.php?rest_route=\/wp\/v2\/posts"}],"about":[{"href":"https:\/\/vimagazine.com.br\/index.php?rest_route=\/wp\/v2\/types\/post"}],"author":[{"embeddable":true,"href":"https:\/\/vimagazine.com.br\/index.php?rest_route=\/wp\/v2\/users\/2"}],"replies":[{"embeddable":true,"href":"https:\/\/vimagazine.com.br\/index.php?rest_route=%2Fwp%2Fv2%2Fcomments&post=12296"}],"version-history":[{"count":2,"href":"https:\/\/vimagazine.com.br\/index.php?rest_route=\/wp\/v2\/posts\/12296\/revisions"}],"predecessor-version":[{"id":12301,"href":"https:\/\/vimagazine.com.br\/index.php?rest_route=\/wp\/v2\/posts\/12296\/revisions\/12301"}],"wp:featuredmedia":[{"embeddable":true,"href":"https:\/\/vimagazine.com.br\/index.php?rest_route=\/wp\/v2\/media\/12297"}],"wp:attachment":[{"href":"https:\/\/vimagazine.com.br\/index.php?rest_route=%2Fwp%2Fv2%2Fmedia&parent=12296"}],"wp:term":[{"taxonomy":"category","embeddable":true,"href":"https:\/\/vimagazine.com.br\/index.php?rest_route=%2Fwp%2Fv2%2Fcategories&post=12296"},{"taxonomy":"post_tag","embeddable":true,"href":"https:\/\/vimagazine.com.br\/index.php?rest_route=%2Fwp%2Fv2%2Ftags&post=12296"}],"curies":[{"name":"wp","href":"https:\/\/api.w.org\/{rel}","templated":true}]}}