{"id":12302,"date":"2024-01-29T20:34:10","date_gmt":"2024-01-29T23:34:10","guid":{"rendered":"https:\/\/vimagazine.com.br\/?p=12302"},"modified":"2024-01-29T20:34:11","modified_gmt":"2024-01-29T23:34:11","slug":"projeto-aulao-do-bem-completa-1-ano-oferecendo-aulas-de-ballet-gratuitas-ao-publico-maduro-em-niteroi","status":"publish","type":"post","link":"https:\/\/vimagazine.com.br\/?p=12302","title":{"rendered":"Projeto\u00a0&#8216;Aul\u00e3o\u00a0do Bem&#8217; completa 1 ano oferecendo aulas de ballet gratuitas ao p\u00fablico maduro em Niter\u00f3i"},"content":{"rendered":"\n<p><\/p>\n\n\n\n<p class=\"has-text-align-center has-medium-font-size\"><em><strong>Iniciativa de Lu Fernandez, do Instagram @balletaos60 oferece edi\u00e7\u00e3o de anivers\u00e1rio, no dia\u00a003 de fevereiro, na escola\u00a0\u00c2mbar, em Niter\u00f3i<\/strong><\/em><\/p>\n\n\n\n<p><\/p>\n\n\n\n<p><\/p>\n\n\n\n<p>No s\u00e1bado,&nbsp;<strong>03 de fevereiro<\/strong>, o&nbsp;<strong>Aul\u00e3o&nbsp;do Bem<\/strong>, projeto que tem reunido amantes do ballet de todas as idades,&nbsp;<strong>celebra 1 ano com tr\u00eas aulas na \u00c2mbar<\/strong>, escola de dan\u00e7a da Ana Botafogo, madrinha do projeto e presen\u00e7a marcada na comemora\u00e7\u00e3o.&nbsp; As aulas ser\u00e3o ministradas pelas professoras Claudia Freitas&nbsp;e Mirian Moll, e contam com inscri\u00e7\u00f5es de bailarinos de diversas regi\u00f5es do Rio, como de outros estados do Brasil.&nbsp; Interessados em participar, podem entrar em contato com o&nbsp;<strong>Instagram @balletaos60<\/strong>.&nbsp;Conhe\u00e7a mais sobre o&nbsp;Aul\u00e3o&nbsp;do Bem:<\/p>\n\n\n\n<p>&nbsp;O&nbsp;Aul\u00e3o&nbsp;do Bem \u00e9 um movimento que vem crescendo pelo Rio de Janeiro, unindo pessoas em prol da dan\u00e7a com prop\u00f3sito. A iniciativa da Lu Fernandez que, aos 60 anos resolveu dan\u00e7ar, \u00e9 incentivar outros adultos a realizarem seus sonhos, independentemente da idade ou do f\u00edsico. O prop\u00f3sito de reunir amantes da dan\u00e7a com mais de 60 anos, tem atra\u00eddo tamb\u00e9m adultos de 20, 30, 40, 50&#8230;<\/p>\n\n\n\n<p>Mas, calma. O que menos importa aqui \u00e9 a idade. A proposta \u00e9 quebrar paradigmas, realizar sonhos, e dan\u00e7ar. Uma vez ao m\u00eas, esse grupo se encontra para fazer aulas de ballet, aproveitando para contribuir com donativos, que s\u00e3o doados a institui\u00e7\u00f5es da cidade. Ao longo do ano, mais de 500 pessoas passaram pelas aulas, onde foram arrecadadas mais de 800 latas de leite em p\u00f3, 110 kg de alimentos e cerca de 8 mil em dinheiro.&nbsp;<\/p>\n\n\n\n<p>&nbsp;Lu, empres\u00e1ria do segmento de vestu\u00e1rio para dan\u00e7a, conta que o ballet sempre foi um sonho, que ela acabou postergando. O tempo passou e se sentiu velha para iniciar o sonho. Quando pensou em deixar, mais uma vez de lado, colocou em pr\u00e1tica. A alegria foi t\u00e3o grande, que ela decidiu&nbsp;partilhar com outros no Instagram @balletaos60. Tamanho foi o incentivo, que passou a desejar incentivar outros a dan\u00e7ar, a combater o idadismo, a sair da zona de pris\u00e3o de cren\u00e7as limitantes, a deixar de lado, todo e qualquer preconceito.<\/p>\n\n\n\n<p>&#8220;O&nbsp;Aul\u00e3o&nbsp;do Bem me realiza como pessoa, e me faz ser algu\u00e9m melhor na sociedade. Tem uma energia incr\u00edvel e especial, quando me re\u00fano com outros da minha idade ou bem mais novos. H\u00e1 muitos que participam de todas as edi\u00e7\u00f5es, tem os que iniciam uma aula no projeto e passam a estudar em uma escola de ballet. Outros, fazem sempre com a gente, mesmo que uma vez ao m\u00eas. Tem bailarinos que se deslocam de outras cidades do Rio, e tamb\u00e9m do estado, s\u00f3 para nos apoiar. Dividimos hist\u00f3rias, conquistamos amigos, e dan\u00e7amos, ajudando ainda o pr\u00f3ximo, com as campanhas de donativos que fazemos&#8221;, conta.<\/p>\n\n\n\n<p>Para este ano, Lu decidiu apoiar o Retiro dos Artistas,&nbsp;que tem precisado de&nbsp;alimentos. Nessa edi\u00e7\u00e3o, os participantes do&nbsp;aul\u00e3o, apoiar\u00e3o com tr\u00eas latas de leite em p\u00f3.&nbsp;<\/p>\n\n\n\n<p>Lu ainda revela que \u00e9 mais do que dan\u00e7ar, \u00e9 uma contribui\u00e7\u00e3o para o mundo, que mesmo que pequena, se torna grande, quando junto a outros.&nbsp;<\/p>\n\n\n\n<p>&#8220;Em uma das aulas, uma participante dividiu com a sala sobre seu processo de cura contra o c\u00e2ncer. E, falou da import\u00e2ncia da dan\u00e7a nesta jornada. Todos nos emocionamos. Aquele dia foi um momento lindo de partilha, onde constru\u00edmos um elo. \u00c9 isso que \u00e9 o&nbsp;Aul\u00e3o&nbsp;do Bem. A dan\u00e7a \u00e9 o foco central que conecta pessoas com a mesma paix\u00e3o, mas a iniciativa nos faz seres humanos melhores, nos une e ainda mostra&nbsp;que n\u00e3o podemos desistir de nossos sonhos, n\u00e3o importa quais sejam. Devemos romper barreiras, sobretudo da idade. Que possamos alcan\u00e7ar ainda mais pessoas&#8221;. Finaliza.<\/p>\n\n\n\n<p><\/p>\n\n\n\n<figure class=\"wp-block-image size-large is-resized\"><img src=\"https:\/\/vimagazine.com.br\/wp-content\/uploads\/2024\/01\/Fotos-Mariana-Salles-3-1-1024x682.jpeg\" alt=\"\" class=\"wp-image-12304\" width=\"692\" height=\"461\" srcset=\"https:\/\/vimagazine.com.br\/wp-content\/uploads\/2024\/01\/Fotos-Mariana-Salles-3-1-1024x682.jpeg 1024w, https:\/\/vimagazine.com.br\/wp-content\/uploads\/2024\/01\/Fotos-Mariana-Salles-3-1-300x200.jpeg 300w, https:\/\/vimagazine.com.br\/wp-content\/uploads\/2024\/01\/Fotos-Mariana-Salles-3-1-768x512.jpeg 768w, https:\/\/vimagazine.com.br\/wp-content\/uploads\/2024\/01\/Fotos-Mariana-Salles-3-1-1536x1023.jpeg 1536w, https:\/\/vimagazine.com.br\/wp-content\/uploads\/2024\/01\/Fotos-Mariana-Salles-3-1.jpeg 1600w\" sizes=\"(max-width: 692px) 100vw, 692px\" \/><figcaption>Foto: Mariana Salles<\/figcaption><\/figure>\n\n\n\n<p><\/p>\n\n\n\n<p><strong>Aul\u00e3o&nbsp;do Bem em celebra\u00e7\u00e3o ao anivers\u00e1rio de 1 ano do projeto<\/strong><\/p>\n\n\n\n<p><strong>Data<\/strong>:&nbsp;03 de fevereiro \u2013 s\u00e1bado<\/p>\n\n\n\n<p><strong>Hor\u00e1rios:<\/strong>&nbsp;13h | 14:30h<\/p>\n\n\n\n<p><strong>Informa\u00e7\u00f5es:<\/strong>&nbsp;Instagram @balletaos60<\/p>\n\n\n\n<p><strong><em>A Escola&nbsp;\u00c2mbar&nbsp;fica na rua&nbsp;\u00c1lvares de Azevedo, 179 &#8211; Icara\u00ed, Niter\u00f3i&nbsp;\u2013&nbsp;RJ.<\/em><\/strong><\/p>\n\n\n\n<p>Fotos: Mariana Salles<\/p>\n","protected":false},"excerpt":{"rendered":"<p>Iniciativa de Lu Fernandez, do Instagram @balletaos60 oferece edi\u00e7\u00e3o de anivers\u00e1rio, no dia\u00a003 de fevereiro,&#8230;<\/p>\n","protected":false},"author":1,"featured_media":12303,"comment_status":"closed","ping_status":"open","sticky":false,"template":"","format":"standard","meta":{"om_disable_all_campaigns":false,"_monsterinsights_skip_tracking":false,"_monsterinsights_sitenote_active":false,"_monsterinsights_sitenote_note":"","_monsterinsights_sitenote_category":0,"spay_email":""},"categories":[1],"tags":[],"jetpack_featured_media_url":"https:\/\/vimagazine.com.br\/wp-content\/uploads\/2024\/01\/image001.jpg","_links":{"self":[{"href":"https:\/\/vimagazine.com.br\/index.php?rest_route=\/wp\/v2\/posts\/12302"}],"collection":[{"href":"https:\/\/vimagazine.com.br\/index.php?rest_route=\/wp\/v2\/posts"}],"about":[{"href":"https:\/\/vimagazine.com.br\/index.php?rest_route=\/wp\/v2\/types\/post"}],"author":[{"embeddable":true,"href":"https:\/\/vimagazine.com.br\/index.php?rest_route=\/wp\/v2\/users\/1"}],"replies":[{"embeddable":true,"href":"https:\/\/vimagazine.com.br\/index.php?rest_route=%2Fwp%2Fv2%2Fcomments&post=12302"}],"version-history":[{"count":1,"href":"https:\/\/vimagazine.com.br\/index.php?rest_route=\/wp\/v2\/posts\/12302\/revisions"}],"predecessor-version":[{"id":12305,"href":"https:\/\/vimagazine.com.br\/index.php?rest_route=\/wp\/v2\/posts\/12302\/revisions\/12305"}],"wp:featuredmedia":[{"embeddable":true,"href":"https:\/\/vimagazine.com.br\/index.php?rest_route=\/wp\/v2\/media\/12303"}],"wp:attachment":[{"href":"https:\/\/vimagazine.com.br\/index.php?rest_route=%2Fwp%2Fv2%2Fmedia&parent=12302"}],"wp:term":[{"taxonomy":"category","embeddable":true,"href":"https:\/\/vimagazine.com.br\/index.php?rest_route=%2Fwp%2Fv2%2Fcategories&post=12302"},{"taxonomy":"post_tag","embeddable":true,"href":"https:\/\/vimagazine.com.br\/index.php?rest_route=%2Fwp%2Fv2%2Ftags&post=12302"}],"curies":[{"name":"wp","href":"https:\/\/api.w.org\/{rel}","templated":true}]}}