{"id":12311,"date":"2024-01-29T20:52:45","date_gmt":"2024-01-29T23:52:45","guid":{"rendered":"https:\/\/vimagazine.com.br\/?p=12311"},"modified":"2024-01-29T20:52:45","modified_gmt":"2024-01-29T23:52:45","slug":"cinco-florais-para-cuidar-da-saude-emocional-e-mental-em-2024","status":"publish","type":"post","link":"https:\/\/vimagazine.com.br\/?p=12311","title":{"rendered":"Cinco florais para cuidar da sa\u00fade emocional e mental em 2024\u00a0"},"content":{"rendered":"\n<p><\/p>\n\n\n\n<p><\/p>\n\n\n\n<p class=\"has-text-align-center has-medium-font-size\"><strong><em>Pesquisas afirmam que flores e plantas silvestres possuem as mesmas configura\u00e7\u00f5es energ\u00e9ticas das ondas bioeletromagn\u00e9ticas emitidas por uma pessoa<\/em>\u00a0<\/strong><\/p>\n\n\n\n<p><\/p>\n\n\n\n<p>Segundo dados da Organiza\u00e7\u00e3o Mundial da Sa\u00fade (OMS), o Brasil possui um dos maiores n\u00fameros do mundo de indiv\u00edduos ansiosos: s\u00e3o 18,6 milh\u00f5es de brasileiros (cerca de 9,3% da popula\u00e7\u00e3o). A boa not\u00edcia \u00e9 que as pessoas est\u00e3o se cuidando cada vez mais.&nbsp;De acordo com o&nbsp;\u00cdndice Instituto Cactus-Atlas de Sa\u00fade Mental (iCASM),&nbsp;11,9% dos brasileiros j\u00e1 realizam tratamentos alternativos.&nbsp;<\/p>\n\n\n\n<p>Uma das op\u00e7\u00f5es que mais tem crescido nesse segmento \u00e9 o uso de florais. A Organiza\u00e7\u00e3o Mundial de Sa\u00fade (OMS) reconhece os florais como terapia complementar desde a d\u00e9cada de 1950. Eles atuam no organismo com o objetivo de cuidar especialmente de desequil\u00edbrios emocionais, afetivos, ps\u00edquicos e comportamentais. Por isso, s\u00e3o utilizados em processos que envolvem dificuldade de aprendizado, medos, depress\u00e3o, inseguran\u00e7a, instabilidade do humor, traumas, TOC, compuls\u00f5es, car\u00eancias emocionais,&nbsp;irritabilidade e outros.&nbsp;<\/p>\n\n\n\n<p><strong>COMO FUNCIONA?<\/strong>&nbsp;<\/p>\n\n\n\n<p>Na pr\u00e1tica, as ess\u00eancias florais s\u00e3o extra\u00eddas, normalmente, de plantas silvestres espec\u00edficas. Cada uma delas pode ajudar a reequilibrar e reordenar um estado emocional e mental do ser humano. Ent\u00e3o, uma vai cuidar do estado de medo, outra da ansiedade, outra do controle do apetite e assim por diante.&nbsp;Isso s\u00f3 \u00e9 poss\u00edvel porque estudos mostram que flores e plantas silvestres t\u00eam configura\u00e7\u00f5es energ\u00e9ticas das ondas bioeletromagn\u00e9ticas semelhantes a de um ser humano.&nbsp;<\/p>\n\n\n\n<p>Por isso, os florais s\u00e3o eficientes, ou seja, ao ingeri-los,&nbsp;v\u00e3o atuar para equilibrar a vibra\u00e7\u00e3o energ\u00e9tica de uma emo\u00e7\u00e3o ou sentimento que est\u00e1 em desequil\u00edbrio e, da qual, determinada planta possui uma frequ\u00eancia semelhante. Por isso, cada planta \u00e9 indicada para um tratamento.&nbsp;Assim, quando uma pessoa ingere um floral, ela recebe um padr\u00e3o de onda bioenerg\u00e9tico que atua nas estruturas do seu pr\u00f3prio sistema nervoso.&nbsp;<\/p>\n\n\n\n<p><em>\u201cNosso organismo possui as chamadas vibra\u00e7\u00f5es hertz, que s\u00e3o ondas sonoras geradas pelo pr\u00f3prio corpo a todas as influ\u00eancias que captamos, seja interna ou externamente. Um corpo em repouso, normalmente tem uma vibra\u00e7\u00e3o entre 62 e 72&nbsp;hertz. Conforme essa&nbsp;vibra\u00e7\u00e3o sofre influ\u00eancias, ela aumenta ou diminui, impactando nos sentimentos e emo\u00e7\u00f5es e, consequentemente, no bem-estar\u201d<\/em>, explica&nbsp;<strong>Vivien Bonicelli, CEO da Botica, farm\u00e1cia vibracional (<\/strong><a href=\"http:\/\/boticavb.com.br\/\" target=\"_blank\" rel=\"noreferrer noopener\"><strong>boticavb.com.br<\/strong><\/a><strong>)<\/strong>.&nbsp;<\/p>\n\n\n\n<p>Se algu\u00e9m sente uma tristeza muito profunda, por exemplo, a vibra\u00e7\u00e3o que o corpo emite cai significativamente.&nbsp;<em>\u201cPor meio de um aparelho eu aplico a vibra\u00e7\u00e3o em hertz que o corpo precisa e, assim, o floral atua levando a informa\u00e7\u00e3o daquela vibra\u00e7\u00e3o para o sistema nervoso, restaurando o equil\u00edbrio das vibra\u00e7\u00f5es em desequil\u00edbrio\u201d<\/em>, detalha Vivien.&nbsp;<\/p>\n\n\n\n<p>Outro exemplo \u00e9 quando a flor da planta&nbsp;tem um mesmo padr\u00e3o de ondas bioeletromagn\u00e9ticas encontrado no ser humano quando ele apresenta um&nbsp;estado de otimismo, confian\u00e7a e perseveran\u00e7a. Ent\u00e3o, a ess\u00eancia floral vai ser indicada&nbsp;para tratar os quadros de des\u00e2nimo, pessimismo e falta de confian\u00e7a.&nbsp;&nbsp;<\/p>\n\n\n\n<p>A especialista conclui e explica&nbsp;ainda que quando uma pessoa ingere um produto com vibra\u00e7\u00e3o energ\u00e9tica como o floral, ela \u00e9 distribu\u00edda por todo o corpo, mas fica armazenada em maior quantidade nos neurotransmissores que est\u00e3o em desequil\u00edbrio, aqueles respons\u00e1veis por um determinado sentimento para o qual aquele floral foi &#8220;programado\u201d, equilibrando, assim, as vibra\u00e7\u00f5es.&nbsp;<\/p>\n\n\n\n<p><strong>Confira 5 florais para ajudar a cuidar da sa\u00fade mental e emocional em 2024:<\/strong>&nbsp;<\/p>\n\n\n\n<p><strong>1. Floral vibracional para \u201cIrritabilidade e Impaci\u00eancia\u201d<\/strong>&nbsp;<\/p>\n\n\n\n<p>Cont\u00e9m configura\u00e7\u00f5es vibracionais que&nbsp;diminuem as energias de irritabilidade e de impaci\u00eancia.&nbsp;<\/p>\n\n\n\n<p><strong>2. Floral vibracional para \u201cAnti-ansiedade\u201d<\/strong>&nbsp;<\/p>\n\n\n\n<p>Ajuda a desintoxicar e neutralizar energeticamente os agentes causadores da ansiedade, bem como diminuem a energia de ansiedade acumulada no dia a dia.&nbsp;&nbsp;&nbsp;<\/p>\n\n\n\n<p><strong>3. Floral vibracional para \u201cClareza Mental\u201d<\/strong>&nbsp;<\/p>\n\n\n\n<p>Estimula energeticamente o aumento de clareza mental para a pessoa, auxiliando na fluidez do racioc\u00ednio e liberando energias que podem bloquear essa clareza.&nbsp;<\/p>\n\n\n\n<p><strong>4. Floral vibracional para \u201cProsperidade\u201d<\/strong>&nbsp;<\/p>\n\n\n\n<p>Possui vibra\u00e7\u00f5es aplicadas para combater sentimentos de escassez, estimulando energias de riqueza, abund\u00e2ncia e prosperidade.&nbsp;<\/p>\n\n\n\n<p><strong>5. Floral vibracional para \u201cRedu\u00e7\u00e3o de Doces\u201d<\/strong>&nbsp;<\/p>\n\n\n\n<p>Aqui a configura\u00e7\u00e3o vibracional trabalha para desintoxicar e neutralizar energeticamente a vontade de comer doces.&nbsp;<\/p>\n\n\n\n<p>Tamb\u00e9m \u00e9 indicado aliar o uso terap\u00eautico dos florais com a pr\u00e1tica de exerc\u00edcios f\u00edsicos, cuidados alimentares e a busca de uma rotina mais leve e positiva. \u201c<em>Quando falamos de estado emocional \u00e9 preciso alertar que, al\u00e9m de buscar ajuda de profissionais at\u00e9 mesmo para o uso de florais, o indiv\u00edduo precisa cuidar de uma s\u00e9rie de gatilhos que est\u00e3o desencadeando aquelas sentimentos e emo\u00e7\u00f5es. Isso impacta em v\u00e1rios pontos do organismo, inclusive hormonais. Por isso, os florais podem e devem ser aliados, mas como complementares ao tratamento da medicina tradicional\u201d<\/em>, conclui Vivien Bonicelli.\u00a0<\/p>\n\n\n\n<figure class=\"wp-block-image size-full\"><img width=\"795\" height=\"363\" src=\"https:\/\/vimagazine.com.br\/wp-content\/uploads\/2024\/01\/Florias_2.jpg\" alt=\"\" class=\"wp-image-12313\" srcset=\"https:\/\/vimagazine.com.br\/wp-content\/uploads\/2024\/01\/Florias_2.jpg 795w, https:\/\/vimagazine.com.br\/wp-content\/uploads\/2024\/01\/Florias_2-300x137.jpg 300w, https:\/\/vimagazine.com.br\/wp-content\/uploads\/2024\/01\/Florias_2-768x351.jpg 768w\" sizes=\"(max-width: 795px) 100vw, 795px\" \/><\/figure>\n\n\n\n<p><strong>Sobre a Botica Vivien Bonicelli (<\/strong><a href=\"http:\/\/boticavb.com.br\/\" target=\"_blank\" rel=\"noreferrer noopener\"><strong>boticavb.com.br<\/strong><\/a><strong>)<\/strong>&nbsp;<\/p>\n\n\n\n<p>A Botica foi fundada pela cientista e terapeuta Vivien Bonicelli. \u00c9 uma farm\u00e1cia vibracional com atua\u00e7\u00e3o integrativa que tem como objetivo o tratamento em 5D (sa\u00fade f\u00edsica, mental, emocional, energ\u00e9tica e espiritual). \u00c9 uma marca com o prop\u00f3sito de levar melhoria da qualidade de vida e do bem-estar&nbsp;integrativo para as pessoas, oferecendo produtos que combinam ingredientes naturais e sabedoria ancestral para promover equil\u00edbrio f\u00edsico e me<\/p>\n\n\n\n<p><\/p>\n","protected":false},"excerpt":{"rendered":"<p>Pesquisas afirmam que flores e plantas silvestres possuem as mesmas configura\u00e7\u00f5es energ\u00e9ticas das ondas bioeletromagn\u00e9ticas&#8230;<\/p>\n","protected":false},"author":1,"featured_media":12312,"comment_status":"closed","ping_status":"open","sticky":false,"template":"","format":"standard","meta":{"om_disable_all_campaigns":false,"_monsterinsights_skip_tracking":false,"_monsterinsights_sitenote_active":false,"_monsterinsights_sitenote_note":"","_monsterinsights_sitenote_category":0,"spay_email":""},"categories":[1],"tags":[],"jetpack_featured_media_url":"https:\/\/vimagazine.com.br\/wp-content\/uploads\/2024\/01\/FLORAIS.jpg","_links":{"self":[{"href":"https:\/\/vimagazine.com.br\/index.php?rest_route=\/wp\/v2\/posts\/12311"}],"collection":[{"href":"https:\/\/vimagazine.com.br\/index.php?rest_route=\/wp\/v2\/posts"}],"about":[{"href":"https:\/\/vimagazine.com.br\/index.php?rest_route=\/wp\/v2\/types\/post"}],"author":[{"embeddable":true,"href":"https:\/\/vimagazine.com.br\/index.php?rest_route=\/wp\/v2\/users\/1"}],"replies":[{"embeddable":true,"href":"https:\/\/vimagazine.com.br\/index.php?rest_route=%2Fwp%2Fv2%2Fcomments&post=12311"}],"version-history":[{"count":1,"href":"https:\/\/vimagazine.com.br\/index.php?rest_route=\/wp\/v2\/posts\/12311\/revisions"}],"predecessor-version":[{"id":12314,"href":"https:\/\/vimagazine.com.br\/index.php?rest_route=\/wp\/v2\/posts\/12311\/revisions\/12314"}],"wp:featuredmedia":[{"embeddable":true,"href":"https:\/\/vimagazine.com.br\/index.php?rest_route=\/wp\/v2\/media\/12312"}],"wp:attachment":[{"href":"https:\/\/vimagazine.com.br\/index.php?rest_route=%2Fwp%2Fv2%2Fmedia&parent=12311"}],"wp:term":[{"taxonomy":"category","embeddable":true,"href":"https:\/\/vimagazine.com.br\/index.php?rest_route=%2Fwp%2Fv2%2Fcategories&post=12311"},{"taxonomy":"post_tag","embeddable":true,"href":"https:\/\/vimagazine.com.br\/index.php?rest_route=%2Fwp%2Fv2%2Ftags&post=12311"}],"curies":[{"name":"wp","href":"https:\/\/api.w.org\/{rel}","templated":true}]}}