{"id":12359,"date":"2024-01-30T14:13:56","date_gmt":"2024-01-30T17:13:56","guid":{"rendered":"https:\/\/vimagazine.com.br\/?p=12359"},"modified":"2024-01-30T14:14:31","modified_gmt":"2024-01-30T17:14:31","slug":"cafe-brasileiro-vencedor-do-premio-internacional-de-cafe-ernesto-illy-2023-faz-parte-das-degustacoes-que-serao-realizadas-nos-cafes-illy-da-europa","status":"publish","type":"post","link":"https:\/\/vimagazine.com.br\/?p=12359","title":{"rendered":"Caf\u00e9 brasileiro, vencedor do Pr\u00eamio Internacional de Caf\u00e9 Ernesto Illy 2023, faz parte das degusta\u00e7\u00f5es que ser\u00e3o realizadas nos caf\u00e9s illy da Europa"},"content":{"rendered":"\n<p><\/p>\n\n\n\n<p class=\"has-text-align-center has-medium-font-size\"><em><strong>Por meio do pr\u00eamio, a illycaff\u00e8 celebra os melhores caf\u00e9s do mundo em termos de qualidade sustent\u00e1vel, renova seu compromisso de melhorar a vida dos cafeicultores e promove o melhor caf\u00e9 que a natureza pode oferecer<\/strong><\/em><\/p>\n\n\n\n<p><\/p>\n\n\n\n<p>A partir de fevereiro de 2024, alguns caf\u00e9s illy na Europa v\u00e3o&nbsp;promover&nbsp;<strong>degusta\u00e7\u00f5es dos vencedores do Pr\u00eamio Internacional de Caf\u00e9 Ernesto Illy 2023:<\/strong>&nbsp;uma viagem de descoberta pelos dois lotes de caf\u00e9 Ar\u00e1bica vencedores. &nbsp;<\/p>\n\n\n\n<p>As degusta\u00e7\u00f5es acontecem em caf\u00e9s illy selecionados e ser\u00e3o dedicadas aos dois caf\u00e9s ganhadores, Guatemala e Brasil. At\u00e9 29 de fevereiro de 2024, as degusta\u00e7\u00f5es ser\u00e3o realizadas com o ganhador do pr\u00eamio&nbsp;<strong>&#8220;Coffee Lovers&#8217; Choice&#8221;<\/strong>&nbsp;&#8211;&nbsp;<strong>Luis Arimany Mondonico<\/strong>, da&nbsp;<strong>Finca Danilandia, na Guatemala,<\/strong>&nbsp;selecionado por um painel de consumidores ap\u00f3s provas \u00e0s cegas organizadas em v\u00e1rios caf\u00e9s illy em todo o mundo. De outubro a meados de novembro, as degusta\u00e7\u00f5es ser\u00e3o realizadas com o caf\u00e9 brasileiro, o vencedor do pr\u00eamio &#8220;<strong>Best of the Best<\/strong>&#8220;, atribu\u00eddo por um painel internacional de especialistas em caf\u00e9, chefs de cozinha e jornalistas \u00e0 fazenda de agricultura regenerativa&nbsp;<strong>S\u00e3o Mateus Agropecu\u00e1ria<\/strong>, do&nbsp;<strong>Brasil.<\/strong><\/p>\n\n\n\n<p>O<strong>&nbsp;Pr\u00eamio Internacional de Caf\u00e9 Ernesto Illy&nbsp;<\/strong>tem o nome do l\u00edder vision\u00e1rio da empresa, filho do fundador da illycaff\u00e8 e pioneiro da colabora\u00e7\u00e3o virtuosa com os produtores de caf\u00e9. O pr\u00eamio permite \u00e0<strong>&nbsp;illycaff\u00e8<\/strong>&nbsp;celebrar os melhores caf\u00e9s do mundo em termos de&nbsp;<strong>qualidade sustent\u00e1vel<\/strong>, al\u00e9m de renovar o seu compromisso e empenho em melhorar a vida dos produtores de caf\u00e9 e realizar o seu sonho de oferecer o melhor caf\u00e9 que a natureza pode oferecer.<\/p>\n\n\n\n<p>Estes dois lotes 100% Ar\u00e1bica, provenientes do Brasil e da Guatemala, tem cada um o seu pr\u00f3prio aroma e sabor distintos, e ser\u00e3o disponibilizados nesta oportunidade \u00fanica de explorar o mundo do caf\u00e9 e descobrir novos sabores e aromas. As provas ser\u00e3o acompanhadas por ilustra\u00e7\u00f5es de\u00a0<strong>Miranda Sofroniou<\/strong>, cujos tra\u00e7os ic\u00f4nicos, minimalistas e coloridos foram escolhidos para retratar a Guatemala, e por\u00a0<strong>Angela Mckay<\/strong>, cujos desenhos vivos d\u00e3o vida aos rostos e costumes brasileiros. Atrav\u00e9s desta iniciativa, a illycaff\u00e8 pretende utilizar a linguagem, a arte gr\u00e1fica e as paletas vivas dos ilustradores selecionados para destacar um dos componentes centrais da sua cultura e \u00e9tica corporativa: a heran\u00e7a de valores que est\u00e1 por detr\u00e1s da produ\u00e7\u00e3o de caf\u00e9 e dos pa\u00edses produtores de caf\u00e9.<\/p>\n\n\n\n<p><\/p>\n\n\n\n<figure class=\"wp-block-image size-large\"><img width=\"1024\" height=\"1024\" src=\"https:\/\/vimagazine.com.br\/wp-content\/uploads\/2024\/01\/68ec26e4-3469-4e7d-bf77-9b36e89ba1fb-1024x1024.jpg\" alt=\"\" class=\"wp-image-12360\" srcset=\"https:\/\/vimagazine.com.br\/wp-content\/uploads\/2024\/01\/68ec26e4-3469-4e7d-bf77-9b36e89ba1fb-1024x1024.jpg 1024w, https:\/\/vimagazine.com.br\/wp-content\/uploads\/2024\/01\/68ec26e4-3469-4e7d-bf77-9b36e89ba1fb-300x300.jpg 300w, https:\/\/vimagazine.com.br\/wp-content\/uploads\/2024\/01\/68ec26e4-3469-4e7d-bf77-9b36e89ba1fb-150x150.jpg 150w, https:\/\/vimagazine.com.br\/wp-content\/uploads\/2024\/01\/68ec26e4-3469-4e7d-bf77-9b36e89ba1fb-768x768.jpg 768w, https:\/\/vimagazine.com.br\/wp-content\/uploads\/2024\/01\/68ec26e4-3469-4e7d-bf77-9b36e89ba1fb-1536x1536.jpg 1536w, https:\/\/vimagazine.com.br\/wp-content\/uploads\/2024\/01\/68ec26e4-3469-4e7d-bf77-9b36e89ba1fb.jpg 1920w\" sizes=\"(max-width: 1024px) 100vw, 1024px\" \/><figcaption><strong>Ilustra\u00e7\u00e3o de Miranda Sofroniou retrata a Guatemala<\/strong><\/figcaption><\/figure>\n\n\n\n<p><\/p>\n\n\n\n<figure class=\"wp-block-image size-large\"><img width=\"1022\" height=\"1024\" src=\"https:\/\/vimagazine.com.br\/wp-content\/uploads\/2024\/01\/aaabda82-2452-4e1a-baf0-c4f51f736145-1022x1024.jpg\" alt=\"\" class=\"wp-image-12361\" srcset=\"https:\/\/vimagazine.com.br\/wp-content\/uploads\/2024\/01\/aaabda82-2452-4e1a-baf0-c4f51f736145-1022x1024.jpg 1022w, https:\/\/vimagazine.com.br\/wp-content\/uploads\/2024\/01\/aaabda82-2452-4e1a-baf0-c4f51f736145-300x300.jpg 300w, https:\/\/vimagazine.com.br\/wp-content\/uploads\/2024\/01\/aaabda82-2452-4e1a-baf0-c4f51f736145-150x150.jpg 150w, https:\/\/vimagazine.com.br\/wp-content\/uploads\/2024\/01\/aaabda82-2452-4e1a-baf0-c4f51f736145-768x770.jpg 768w, https:\/\/vimagazine.com.br\/wp-content\/uploads\/2024\/01\/aaabda82-2452-4e1a-baf0-c4f51f736145-1533x1536.jpg 1533w, https:\/\/vimagazine.com.br\/wp-content\/uploads\/2024\/01\/aaabda82-2452-4e1a-baf0-c4f51f736145-1024x1026.jpg 1024w, https:\/\/vimagazine.com.br\/wp-content\/uploads\/2024\/01\/aaabda82-2452-4e1a-baf0-c4f51f736145.jpg 1916w\" sizes=\"(max-width: 1022px) 100vw, 1022px\" \/><figcaption><strong>Ilustra\u00e7\u00e3o de Angela Mckay retrata o Brasil<\/strong><\/figcaption><\/figure>\n\n\n\n<p><\/p>\n\n\n\n<p><strong>Sobre a illycaff\u00e8<\/strong><\/p>\n\n\n\n<p><strong>illycaff\u00e8<\/strong>&nbsp;\u00e9 uma empresa familiar italiana fundada em 1933, em Trieste, que tem como miss\u00e3o oferecer o melhor caf\u00e9 ao mundo. Produz um exclusivo blend 100% Ar\u00e1bica composto por 9 diferentes gr\u00e3os, com um olhar constante para a inova\u00e7\u00e3o. A atribui\u00e7\u00e3o do primeiro &#8220;Pr\u00eamio Ernesto Illy de Qualidade Sustent\u00e1vel do Caf\u00e9&#8221;, em 1991, no Brasil, e do &#8220;Pr\u00eamio Internacional de Caf\u00e9 Ernesto Illy&#8221;, em 2017, simboliza o seu compromisso com os produtores de caf\u00e9, a quem a illy paga um pre\u00e7o premium por um caf\u00e9 de qualidade. Desde 2013, a illycaff\u00e8 &#8211; que est\u00e1 presente em mais de 140 pa\u00edses &#8211; figura regularmente na lista das empresas mais \u00e9ticas do mundo. Em 2019, adotou o estatuto de sociedade an\u00f4nima perante a legisla\u00e7\u00e3o italiana e, em 2021, tornou-se a primeira empresa italiana de caf\u00e9 a obter a certifica\u00e7\u00e3o internacional B Corp, gra\u00e7as ao seu compromisso de respeitar os mais elevados padr\u00f5es de desempenho ambiental e social. Em 2021, a empresa empregava 1305 pessoas e registou receitas consolidadas de cerca de 500 milh\u00f5es de euros. Em 2021, a Rhone Capital tornou-se acionista minorit\u00e1ria da illycaff\u00e8 para ajudar a empresa em seu crescimento internacional.&nbsp;<\/p>\n","protected":false},"excerpt":{"rendered":"<p>Por meio do pr\u00eamio, a illycaff\u00e8 celebra os melhores caf\u00e9s do mundo em termos de&#8230;<\/p>\n","protected":false},"author":1,"featured_media":12362,"comment_status":"closed","ping_status":"open","sticky":false,"template":"","format":"standard","meta":{"om_disable_all_campaigns":false,"_monsterinsights_skip_tracking":false,"_monsterinsights_sitenote_active":false,"_monsterinsights_sitenote_note":"","_monsterinsights_sitenote_category":0,"spay_email":""},"categories":[1],"tags":[],"jetpack_featured_media_url":"https:\/\/vimagazine.com.br\/wp-content\/uploads\/2024\/01\/c204fbea-63cf-4e64-b742-a8f31d81cc76.jpg","_links":{"self":[{"href":"https:\/\/vimagazine.com.br\/index.php?rest_route=\/wp\/v2\/posts\/12359"}],"collection":[{"href":"https:\/\/vimagazine.com.br\/index.php?rest_route=\/wp\/v2\/posts"}],"about":[{"href":"https:\/\/vimagazine.com.br\/index.php?rest_route=\/wp\/v2\/types\/post"}],"author":[{"embeddable":true,"href":"https:\/\/vimagazine.com.br\/index.php?rest_route=\/wp\/v2\/users\/1"}],"replies":[{"embeddable":true,"href":"https:\/\/vimagazine.com.br\/index.php?rest_route=%2Fwp%2Fv2%2Fcomments&post=12359"}],"version-history":[{"count":1,"href":"https:\/\/vimagazine.com.br\/index.php?rest_route=\/wp\/v2\/posts\/12359\/revisions"}],"predecessor-version":[{"id":12363,"href":"https:\/\/vimagazine.com.br\/index.php?rest_route=\/wp\/v2\/posts\/12359\/revisions\/12363"}],"wp:featuredmedia":[{"embeddable":true,"href":"https:\/\/vimagazine.com.br\/index.php?rest_route=\/wp\/v2\/media\/12362"}],"wp:attachment":[{"href":"https:\/\/vimagazine.com.br\/index.php?rest_route=%2Fwp%2Fv2%2Fmedia&parent=12359"}],"wp:term":[{"taxonomy":"category","embeddable":true,"href":"https:\/\/vimagazine.com.br\/index.php?rest_route=%2Fwp%2Fv2%2Fcategories&post=12359"},{"taxonomy":"post_tag","embeddable":true,"href":"https:\/\/vimagazine.com.br\/index.php?rest_route=%2Fwp%2Fv2%2Ftags&post=12359"}],"curies":[{"name":"wp","href":"https:\/\/api.w.org\/{rel}","templated":true}]}}