{"id":12408,"date":"2024-02-05T12:25:29","date_gmt":"2024-02-05T15:25:29","guid":{"rendered":"https:\/\/vimagazine.com.br\/?p=12408"},"modified":"2024-02-05T12:25:31","modified_gmt":"2024-02-05T15:25:31","slug":"teresa-kodama-participou-da-25a-exposicao-internacional-de-arte-da-manikarnika-art-gallery-india","status":"publish","type":"post","link":"https:\/\/vimagazine.com.br\/?p=12408","title":{"rendered":"Teresa Kodama participou da 25\u00aa Exposi\u00e7\u00e3o Internacional de Arte da\u00a0Manikarnika\u00a0Art Gallery, \u00cdndia"},"content":{"rendered":"\n<figure class=\"wp-block-image aligncenter size-large is-resized\"><img src=\"https:\/\/vimagazine.com.br\/wp-content\/uploads\/2024\/02\/Screenshot_20240204_175228_Samsung-Notes-1024x719.jpg\" alt=\"\" class=\"wp-image-12409\" width=\"538\" height=\"377\" srcset=\"https:\/\/vimagazine.com.br\/wp-content\/uploads\/2024\/02\/Screenshot_20240204_175228_Samsung-Notes-1024x719.jpg 1024w, https:\/\/vimagazine.com.br\/wp-content\/uploads\/2024\/02\/Screenshot_20240204_175228_Samsung-Notes-300x211.jpg 300w, https:\/\/vimagazine.com.br\/wp-content\/uploads\/2024\/02\/Screenshot_20240204_175228_Samsung-Notes-768x539.jpg 768w, https:\/\/vimagazine.com.br\/wp-content\/uploads\/2024\/02\/Screenshot_20240204_175228_Samsung-Notes.jpg 1078w\" sizes=\"(max-width: 538px) 100vw, 538px\" \/><\/figure>\n\n\n\n<p>Teresa Kodama participou&nbsp; da 25\u00aa Exposi\u00e7\u00e3o Internacional de Arte Online da Manikarnika Art Gallery, \u00cdndia, a convite do Diretor Kamini Baghel.&nbsp;<br>&nbsp;<br>A 25\u00aa Exposi\u00e7\u00e3o Internacional de Arte Online pela Manikarnika Art Gallery teve in\u00edcio em 10 de janeiro e se encerrou em 24 de janeiro de 2024, com Artistas reconhecidos e respeitados.&nbsp;<\/p>\n\n\n\n<p>Todos t\u00eam cria\u00e7\u00f5es maravilhosas.&nbsp;<br>&nbsp;<br>Teresa Kodama representou o Brasil com a obra intitulada &#8220;Entre o Brilho e as Cores.&#8221;.&nbsp;<\/p>\n\n\n\n<p>Teresa Kodama agradece ao Diretor Kamini Baghel pela oportunidade em apresentar os seus trabalhos em t\u00e3o importante Exposi\u00e7\u00e3o de Arte.&nbsp;<br>&nbsp;<br>Acessem as redes sociais da Manikarnika Art Gallery &#8211; Facebook, Instagram e Twitter &#8211; e se sintam envolvidos com as obras de todos os magn\u00edficos Artistas.&nbsp;<\/p>\n","protected":false},"excerpt":{"rendered":"<p>Teresa Kodama participou&nbsp; da 25\u00aa Exposi\u00e7\u00e3o Internacional de Arte Online da Manikarnika Art Gallery, \u00cdndia,&#8230;<\/p>\n","protected":false},"author":19,"featured_media":12411,"comment_status":"closed","ping_status":"open","sticky":false,"template":"","format":"standard","meta":{"om_disable_all_campaigns":false,"_monsterinsights_skip_tracking":false,"_monsterinsights_sitenote_active":false,"_monsterinsights_sitenote_note":"","_monsterinsights_sitenote_category":0,"spay_email":""},"categories":[26],"tags":[],"jetpack_featured_media_url":"https:\/\/vimagazine.com.br\/wp-content\/uploads\/2024\/02\/Screenshot_20240204_174225_Gallery.jpg","_links":{"self":[{"href":"https:\/\/vimagazine.com.br\/index.php?rest_route=\/wp\/v2\/posts\/12408"}],"collection":[{"href":"https:\/\/vimagazine.com.br\/index.php?rest_route=\/wp\/v2\/posts"}],"about":[{"href":"https:\/\/vimagazine.com.br\/index.php?rest_route=\/wp\/v2\/types\/post"}],"author":[{"embeddable":true,"href":"https:\/\/vimagazine.com.br\/index.php?rest_route=\/wp\/v2\/users\/19"}],"replies":[{"embeddable":true,"href":"https:\/\/vimagazine.com.br\/index.php?rest_route=%2Fwp%2Fv2%2Fcomments&post=12408"}],"version-history":[{"count":1,"href":"https:\/\/vimagazine.com.br\/index.php?rest_route=\/wp\/v2\/posts\/12408\/revisions"}],"predecessor-version":[{"id":12412,"href":"https:\/\/vimagazine.com.br\/index.php?rest_route=\/wp\/v2\/posts\/12408\/revisions\/12412"}],"wp:featuredmedia":[{"embeddable":true,"href":"https:\/\/vimagazine.com.br\/index.php?rest_route=\/wp\/v2\/media\/12411"}],"wp:attachment":[{"href":"https:\/\/vimagazine.com.br\/index.php?rest_route=%2Fwp%2Fv2%2Fmedia&parent=12408"}],"wp:term":[{"taxonomy":"category","embeddable":true,"href":"https:\/\/vimagazine.com.br\/index.php?rest_route=%2Fwp%2Fv2%2Fcategories&post=12408"},{"taxonomy":"post_tag","embeddable":true,"href":"https:\/\/vimagazine.com.br\/index.php?rest_route=%2Fwp%2Fv2%2Ftags&post=12408"}],"curies":[{"name":"wp","href":"https:\/\/api.w.org\/{rel}","templated":true}]}}