{"id":12413,"date":"2024-02-06T12:03:54","date_gmt":"2024-02-06T15:03:54","guid":{"rendered":"https:\/\/vimagazine.com.br\/?p=12413"},"modified":"2024-02-06T12:03:55","modified_gmt":"2024-02-06T15:03:55","slug":"anddreh-ponttez-estreia-o-podcast-fofocar-pod","status":"publish","type":"post","link":"https:\/\/vimagazine.com.br\/?p=12413","title":{"rendered":"Anddreh Ponttez estreia o podcast Fofocar Pod"},"content":{"rendered":"\n<p>O jornalista&nbsp;<strong>Anddreh Ponttez estreou<\/strong>&nbsp;no 5 de fevereiro a partir do meio dia o&nbsp;<strong>podcast Fofocar Pod no YouTube.<\/strong>&nbsp;O programa recebe famosos e espiritualistas, que v\u00e3o trazer previs\u00f5es sobre famosos, assuntos em geral e falar sobre espiritualidade.<\/p>\n\n\n\n<p>O podcast vai ao ar um vez por semana e no decorrer da semana o p\u00fablico pode acompanhar no YouTube os melhores momentos, os cortes da atra\u00e7\u00e3o.<\/p>\n\n\n\n<p>No programa de estreia, o podcast recebeu a m\u00e9dium e paranomal Tania Macedo, que vai contou sua hist\u00f3ria de vida na espiritualidade e trouxe previs\u00f5es para os famosos e outros assuntos.<\/p>\n\n\n\n<p><strong>Veja o primeiro epis\u00f3dio:<\/strong>&nbsp;<a href=\"https:\/\/youtu.be\/oBk6yv43kQc?si=PvwYoaJNlJHAs30c\" target=\"_blank\" rel=\"noreferrer noopener\">https:\/\/youtu.be\/oBk6yv43kQc?si=PvwYoaJNlJHAs30c<\/a><\/p>\n\n\n\n<p><strong>Instagram do Podcast:<\/strong>&nbsp;<a href=\"https:\/\/www.instagram.com\/fofocarpodpodcast?igsh=MTdwY2UzbDhpN295ZQ==\" target=\"_blank\" rel=\"noreferrer noopener\">https:\/\/www.instagram.com\/fofocarpodpodcast?igsh=MTdwY2UzbDhpN295ZQ==<\/a><\/p>\n\n\n\n<p><strong><em>Sobre Anddreh Ponttez<\/em><\/strong><\/p>\n\n\n\n<p><em>Anddreh Ponttez \u00e9 jornalista especializado em TV e famosos. Participa constantemente de diversos programas de TV e r\u00e1dio para falar sobre assunto.<\/em><\/p>\n\n\n\n<p><em>Atua na \u00e1rea h\u00e1 13 anos e atualmente \u00e9 editor-chefe do site Coluna da TV e colunista do site Observat\u00f3rio da TV\/UOL.<\/em><\/p>\n","protected":false},"excerpt":{"rendered":"<p>O jornalista&nbsp;Anddreh Ponttez estreou&nbsp;no 5 de fevereiro a partir do meio dia o&nbsp;podcast Fofocar Pod&#8230;<\/p>\n","protected":false},"author":19,"featured_media":12414,"comment_status":"closed","ping_status":"open","sticky":false,"template":"","format":"standard","meta":{"om_disable_all_campaigns":false,"_monsterinsights_skip_tracking":false,"_monsterinsights_sitenote_active":false,"_monsterinsights_sitenote_note":"","_monsterinsights_sitenote_category":0,"spay_email":""},"categories":[26],"tags":[],"jetpack_featured_media_url":"https:\/\/vimagazine.com.br\/wp-content\/uploads\/2024\/02\/IMG-20240205-WA0159.jpg","_links":{"self":[{"href":"https:\/\/vimagazine.com.br\/index.php?rest_route=\/wp\/v2\/posts\/12413"}],"collection":[{"href":"https:\/\/vimagazine.com.br\/index.php?rest_route=\/wp\/v2\/posts"}],"about":[{"href":"https:\/\/vimagazine.com.br\/index.php?rest_route=\/wp\/v2\/types\/post"}],"author":[{"embeddable":true,"href":"https:\/\/vimagazine.com.br\/index.php?rest_route=\/wp\/v2\/users\/19"}],"replies":[{"embeddable":true,"href":"https:\/\/vimagazine.com.br\/index.php?rest_route=%2Fwp%2Fv2%2Fcomments&post=12413"}],"version-history":[{"count":1,"href":"https:\/\/vimagazine.com.br\/index.php?rest_route=\/wp\/v2\/posts\/12413\/revisions"}],"predecessor-version":[{"id":12415,"href":"https:\/\/vimagazine.com.br\/index.php?rest_route=\/wp\/v2\/posts\/12413\/revisions\/12415"}],"wp:featuredmedia":[{"embeddable":true,"href":"https:\/\/vimagazine.com.br\/index.php?rest_route=\/wp\/v2\/media\/12414"}],"wp:attachment":[{"href":"https:\/\/vimagazine.com.br\/index.php?rest_route=%2Fwp%2Fv2%2Fmedia&parent=12413"}],"wp:term":[{"taxonomy":"category","embeddable":true,"href":"https:\/\/vimagazine.com.br\/index.php?rest_route=%2Fwp%2Fv2%2Fcategories&post=12413"},{"taxonomy":"post_tag","embeddable":true,"href":"https:\/\/vimagazine.com.br\/index.php?rest_route=%2Fwp%2Fv2%2Ftags&post=12413"}],"curies":[{"name":"wp","href":"https:\/\/api.w.org\/{rel}","templated":true}]}}