{"id":12440,"date":"2024-02-07T11:04:35","date_gmt":"2024-02-07T14:04:35","guid":{"rendered":"https:\/\/vimagazine.com.br\/?p=12440"},"modified":"2024-02-07T11:15:56","modified_gmt":"2024-02-07T14:15:56","slug":"aw24-genesis-a-origem-da-criacao","status":"publish","type":"post","link":"https:\/\/vimagazine.com.br\/?p=12440","title":{"rendered":"AW24 | GENESIS &#8211; A ORIGEM DA CRIA\u00c7\u00c3O"},"content":{"rendered":"\n<p><\/p>\n\n\n\n<p><\/p>\n\n\n\n<p class=\"has-medium-font-size\"><em><strong>O criar reside na jornada&nbsp;<\/strong><\/em><\/p>\n\n\n\n<p><\/p>\n\n\n\n<figure class=\"wp-block-table\"><table><tbody><tr><td><em>Desde a primeira fa\u00edsca, a g\u00eanese de uma vis\u00e3o. O universo, com sua luz, c\u00e9u, terra, mar, estrelas e vida, nasceu em sete dias. Na CRIS BARROS, o processo de cria\u00e7\u00e3o de uma cole\u00e7\u00e3o leva 240 dias.&nbsp;<\/em><br><em>O termo &#8220;cria\u00e7\u00e3o&#8221; possui muitos significados. Pode ser uma obra de arte; um evento est\u00e9tico capaz de mover a alma. Ou ainda, a arte de cultivar, educar, moldando liga\u00e7\u00f5es entre seres, nos lembrando de que n\u00e3o \u00e9 apenas uma hist\u00f3ria de cria\u00e7\u00e3o; \u00e9 uma hist\u00f3ria de conex\u00e3o.&nbsp;<\/em><br><em>O jardim de \u00c9den, o &#8220;terreno f\u00e9rtil&#8221;, v\u00ea cada ideia brotar e crescer. Desde o primeiro rascunho, quase introspectivo, at\u00e9 a tape\u00e7aria final, repleta de cor e vida, encontra-se uma narrativa humana, coletiva e plural.&nbsp;E nessa odisseia, em cada escolha e nuance, a beleza verdadeira se manifesta, revelando que&nbsp;a origem do criar reside na jornada.<\/em><\/td><\/tr><\/tbody><\/table><\/figure>\n\n\n\n<figure class=\"wp-block-table\"><table><tbody><tr><td><strong>CRIS BARROS faz rever\u00eancia \u00e0 origem da cria\u00e7\u00e3o em nova cole\u00e7\u00e3o<\/strong><\/td><\/tr><\/tbody><\/table><\/figure>\n\n\n\n<figure class=\"wp-container-2 wp-block-gallery-1 wp-block-gallery has-nested-images columns-default is-cropped\">\n<figure class=\"wp-block-image size-large\"><img width=\"1501\" height=\"1920\" data-id=\"12441\"  src=\"https:\/\/vimagazine.com.br\/wp-content\/uploads\/2024\/02\/CAPA12.jpg\" alt=\"\" class=\"wp-image-12441\" srcset=\"https:\/\/vimagazine.com.br\/wp-content\/uploads\/2024\/02\/CAPA12.jpg 1501w, https:\/\/vimagazine.com.br\/wp-content\/uploads\/2024\/02\/CAPA12-235x300.jpg 235w, https:\/\/vimagazine.com.br\/wp-content\/uploads\/2024\/02\/CAPA12-801x1024.jpg 801w, https:\/\/vimagazine.com.br\/wp-content\/uploads\/2024\/02\/CAPA12-768x982.jpg 768w, https:\/\/vimagazine.com.br\/wp-content\/uploads\/2024\/02\/CAPA12-1201x1536.jpg 1201w, https:\/\/vimagazine.com.br\/wp-content\/uploads\/2024\/02\/CAPA12-1024x1310.jpg 1024w\" sizes=\"(max-width: 1501px) 100vw, 1501px\" \/><\/figure>\n\n\n\n<figure class=\"wp-block-image size-large\"><img width=\"1500\" height=\"1920\" data-id=\"12442\"  src=\"https:\/\/vimagazine.com.br\/wp-content\/uploads\/2024\/02\/teste10_dia1_B1.jpg\" alt=\"\" class=\"wp-image-12442\" srcset=\"https:\/\/vimagazine.com.br\/wp-content\/uploads\/2024\/02\/teste10_dia1_B1.jpg 1500w, https:\/\/vimagazine.com.br\/wp-content\/uploads\/2024\/02\/teste10_dia1_B1-234x300.jpg 234w, https:\/\/vimagazine.com.br\/wp-content\/uploads\/2024\/02\/teste10_dia1_B1-800x1024.jpg 800w, https:\/\/vimagazine.com.br\/wp-content\/uploads\/2024\/02\/teste10_dia1_B1-768x983.jpg 768w, https:\/\/vimagazine.com.br\/wp-content\/uploads\/2024\/02\/teste10_dia1_B1-1200x1536.jpg 1200w, https:\/\/vimagazine.com.br\/wp-content\/uploads\/2024\/02\/teste10_dia1_B1-1024x1311.jpg 1024w\" sizes=\"(max-width: 1500px) 100vw, 1500px\" \/><\/figure>\n\n\n\n<figure class=\"wp-block-image size-large\"><img width=\"1502\" height=\"1920\" data-id=\"12443\"  src=\"https:\/\/vimagazine.com.br\/wp-content\/uploads\/2024\/02\/CAPA8_b.jpg\" alt=\"\" class=\"wp-image-12443\" srcset=\"https:\/\/vimagazine.com.br\/wp-content\/uploads\/2024\/02\/CAPA8_b.jpg 1502w, https:\/\/vimagazine.com.br\/wp-content\/uploads\/2024\/02\/CAPA8_b-235x300.jpg 235w, https:\/\/vimagazine.com.br\/wp-content\/uploads\/2024\/02\/CAPA8_b-801x1024.jpg 801w, https:\/\/vimagazine.com.br\/wp-content\/uploads\/2024\/02\/CAPA8_b-768x982.jpg 768w, https:\/\/vimagazine.com.br\/wp-content\/uploads\/2024\/02\/CAPA8_b-1202x1536.jpg 1202w, https:\/\/vimagazine.com.br\/wp-content\/uploads\/2024\/02\/CAPA8_b-1024x1309.jpg 1024w\" sizes=\"(max-width: 1502px) 100vw, 1502px\" \/><\/figure>\n<\/figure>\n\n\n\n<figure class=\"wp-block-table\"><table><tbody><tr><td><em>Batizado de Genesis, o Outono Inverno 2024 da marca homenageia a sua jornada de processo de cria\u00e7\u00e3o<\/em><br>Oito meses ou 240 dias. Na CRIS BARROS, o ponto de partida da nova cole\u00e7\u00e3o \u00e9 costurado pela beleza da jornada por tr\u00e1s do processo criativo. Do rascunho \u00e0s nuances finais de pe\u00e7as autorais, nasce a celebra\u00e7\u00e3o de uma rica linha do tempo com o Preview de &#8216;Genesis &#8211; A Origem da Cria\u00e7\u00e3o&#8217;, o primeiro lan\u00e7amento do Inverno 2024.<br><br>O Preview abre com uma s\u00e9rie de pe\u00e7as que fazem sonhar: bordados e rendas tramados em vestidos longos e saias que surgem manualmente no ateli\u00ea, em cartela de cor cl\u00e1ssica e sofisticada. Dos tons dourados e vibrantes \u00e0s pe\u00e7as-statement black&amp;white, seja de renda, veludo ou tafet\u00e1, repletas de aplica\u00e7\u00f5es manuais, o resultado floresce a assinatura recheada de detalhes marcantes da estilista em tecidos, cortes, movimentos, texturas, brilhos e amarra\u00e7\u00f5es distintas e alfaiataria impec\u00e1vel e cool.<br>CRIS BARROS eleva \u00e0 m\u00e1xima pot\u00eancia a poesia de seu universo on\u00edrico ao aplicar plano de fundo criado em intelig\u00eancia artificial. Com interven\u00e7\u00f5es surreais, a estilista visualizou em Genesis o terreno f\u00e9rtil para as flores 3D da artista Je Kos na nova campanha da marca.&nbsp;<br><br>Esse Jardim de \u00c9den surreal conta com a participa\u00e7\u00e3o da Verena Figueiredo, criadora de conte\u00fado de personalidade \u00fanica que estrela sua primeira campanha na marca, ao lado da amiga da marca Thai de Melo Bufrem.<br><em>&#8220;Genesis surgiu como um sonho de trazer luz \u00e0 beleza escondida por tr\u00e1s de oito meses de processo de cria\u00e7\u00e3o de uma cole\u00e7\u00e3o. Criei a marca para transportar as pessoas a universos particulares, e agora \u00e9 a jornada que quero homenagear.&#8221;<\/em><br><em>&nbsp;Cris Barros<\/em><br>Como artif\u00edcios extraordin\u00e1rios, os acess\u00f3rios e sand\u00e1lias tamb\u00e9m s\u00e3o trazidos \u00e0 tona para finalizar as silhuetas a partir de brilhos metalizados e pe\u00e7as banhadas a ouro entre brincos, colares, braceletes e cintos de adornos marcantes.&nbsp;<br><br>O Preview da cole\u00e7\u00e3o AW24 Genesis &#8211; A Origem da Cria\u00e7\u00e3o ser\u00e1 lan\u00e7ado a partir de 7 de fevereiro nas lojas f\u00edsicas e no site da CRIS BARROS, al\u00e9m dos principais marketplaces e multimarcas do pa\u00eds.<br><br>Fotos: Josefina Bietti<br>Dire\u00e7\u00e3o Criativa e Head Designer: Cris Barros<br>Dire\u00e7\u00e3o de Arte: Renata Corr\u00eaa e Roberta Cardoso<br>Flores e formas especiais: Je Kos com interven\u00e7\u00f5es de Fl\u00e1vio Trindade e Roberta Cardoso<br>Styling: Renata Corr\u00eaa&nbsp;<br>Beauty: Guilherme Casagrande<br>Dire\u00e7\u00e3o executiva: Dani Barros Verdi&nbsp;<br>Marketing e produ\u00e7\u00e3o executiva: Lisa Debatty e Let\u00edcia Engel<br><br><br>CRIS BARROS<br><a href=\"https:\/\/click.cse360.com.br\/Click\/AddCampaignEmailClick\/bb036897-acf2-4843-818a-08dc26ed7398\/www.crisbarros.com.br\/84a13bf5-1001-4b37-93cf-9aa5931b4a9b\/vimagazine@vimagazine.com.br\/True\" target=\"_blank\" rel=\"noreferrer noopener\">www.crisbarros.com.br<\/a><br>@crisbarrosofficial<br><br><strong>Sobre CRIS BARROS<\/strong><br><br>Fundada em 2002 pela estilista Cris Barros, a marca que leva o seu nome \u00e9 reconhecida pela contemporaneidade das cria\u00e7\u00f5es, qualidade em cada detalhe e um storytelling diferenciado, criando uma imagem \u00fanica.<br>As cole\u00e7\u00f5es sempre unem modelagens elaboradas a um universo particular. O resultado \u00e9 uma moda aut\u00eantica e livre com pe\u00e7as autorais que transcendem o tempo.<\/td><\/tr><\/tbody><\/table><\/figure>\n","protected":false},"excerpt":{"rendered":"<p>O criar reside na jornada&nbsp; Desde a primeira fa\u00edsca, a g\u00eanese de uma vis\u00e3o. O&#8230;<\/p>\n","protected":false},"author":1,"featured_media":12447,"comment_status":"closed","ping_status":"open","sticky":false,"template":"","format":"standard","meta":{"om_disable_all_campaigns":false,"_monsterinsights_skip_tracking":false,"_monsterinsights_sitenote_active":false,"_monsterinsights_sitenote_note":"","_monsterinsights_sitenote_category":0,"spay_email":""},"categories":[27,1],"tags":[],"jetpack_featured_media_url":"https:\/\/vimagazine.com.br\/wp-content\/uploads\/2024\/02\/231117_CRISBARROS_FW_DIA02_0430-1.jpg","_links":{"self":[{"href":"https:\/\/vimagazine.com.br\/index.php?rest_route=\/wp\/v2\/posts\/12440"}],"collection":[{"href":"https:\/\/vimagazine.com.br\/index.php?rest_route=\/wp\/v2\/posts"}],"about":[{"href":"https:\/\/vimagazine.com.br\/index.php?rest_route=\/wp\/v2\/types\/post"}],"author":[{"embeddable":true,"href":"https:\/\/vimagazine.com.br\/index.php?rest_route=\/wp\/v2\/users\/1"}],"replies":[{"embeddable":true,"href":"https:\/\/vimagazine.com.br\/index.php?rest_route=%2Fwp%2Fv2%2Fcomments&post=12440"}],"version-history":[{"count":2,"href":"https:\/\/vimagazine.com.br\/index.php?rest_route=\/wp\/v2\/posts\/12440\/revisions"}],"predecessor-version":[{"id":12448,"href":"https:\/\/vimagazine.com.br\/index.php?rest_route=\/wp\/v2\/posts\/12440\/revisions\/12448"}],"wp:featuredmedia":[{"embeddable":true,"href":"https:\/\/vimagazine.com.br\/index.php?rest_route=\/wp\/v2\/media\/12447"}],"wp:attachment":[{"href":"https:\/\/vimagazine.com.br\/index.php?rest_route=%2Fwp%2Fv2%2Fmedia&parent=12440"}],"wp:term":[{"taxonomy":"category","embeddable":true,"href":"https:\/\/vimagazine.com.br\/index.php?rest_route=%2Fwp%2Fv2%2Fcategories&post=12440"},{"taxonomy":"post_tag","embeddable":true,"href":"https:\/\/vimagazine.com.br\/index.php?rest_route=%2Fwp%2Fv2%2Ftags&post=12440"}],"curies":[{"name":"wp","href":"https:\/\/api.w.org\/{rel}","templated":true}]}}