{"id":12453,"date":"2024-02-08T12:35:15","date_gmt":"2024-02-08T15:35:15","guid":{"rendered":"https:\/\/vimagazine.com.br\/?p=12453"},"modified":"2024-02-08T14:20:39","modified_gmt":"2024-02-08T17:20:39","slug":"vitor-biannk-e-gabi-glamourosa-prestigiam-desfile-de-moda-da-carmen-steffens-em-sao-paulo","status":"publish","type":"post","link":"https:\/\/vimagazine.com.br\/?p=12453","title":{"rendered":"Vitor Biannk e Gabi Glamourosa prestigiam desfile de moda da Carmen Steffens em S\u00e3o Paulo"},"content":{"rendered":"\n<p><\/p>\n\n\n\n<p><\/p>\n\n\n\n<p>Em clima de carnaval o produtor de moda Vitor Biannk e a CEO da ag\u00eancia Glamour Models, Gaby Glamourosa, estiveram presentes na \u00faltima semana no desfile da loja Carmem Steffens Pamplona, em S\u00e3o Paulo.<\/p>\n\n\n\n<p>O evento contou com um desfile da nova cole\u00e7\u00e3o outono\/inverno trazendo luxo, beleza e uma nova forma de estilo. Os convidados desfrutaram de um delicioso coquetel, muito samba, com direito a bateria e muita gente bonita.<\/p>\n\n\n\n<p>Vitor e Gaby que j\u00e1 s\u00e3o admiradores da marca, ficaram muito lisonjeados com o convite.<\/p>\n\n\n\n<figure class=\"wp-block-image size-large\"><img width=\"951\" height=\"1024\" src=\"https:\/\/vimagazine.com.br\/wp-content\/uploads\/2024\/02\/WhatsApp-Image-2024-02-07-at-20.08.41-951x1024.jpeg\" alt=\"\" class=\"wp-image-12455\" srcset=\"https:\/\/vimagazine.com.br\/wp-content\/uploads\/2024\/02\/WhatsApp-Image-2024-02-07-at-20.08.41-951x1024.jpeg 951w, https:\/\/vimagazine.com.br\/wp-content\/uploads\/2024\/02\/WhatsApp-Image-2024-02-07-at-20.08.41-279x300.jpeg 279w, https:\/\/vimagazine.com.br\/wp-content\/uploads\/2024\/02\/WhatsApp-Image-2024-02-07-at-20.08.41-768x827.jpeg 768w, https:\/\/vimagazine.com.br\/wp-content\/uploads\/2024\/02\/WhatsApp-Image-2024-02-07-at-20.08.41-1024x1103.jpeg 1024w, https:\/\/vimagazine.com.br\/wp-content\/uploads\/2024\/02\/WhatsApp-Image-2024-02-07-at-20.08.41.jpeg 1154w\" sizes=\"(max-width: 951px) 100vw, 951px\" \/><\/figure>\n\n\n\n<figure class=\"wp-block-video\"><video controls src=\"https:\/\/vimagazine.com.br\/wp-content\/uploads\/2024\/02\/WhatsApp-Video-2024-02-07-at-19.56.48.mp4\"><\/video><\/figure>\n\n\n\n<p><\/p>\n","protected":false},"excerpt":{"rendered":"<p>Em clima de carnaval o produtor de moda Vitor Biannk e a CEO da ag\u00eancia&#8230;<\/p>\n","protected":false},"author":1,"featured_media":12458,"comment_status":"closed","ping_status":"open","sticky":false,"template":"","format":"standard","meta":{"om_disable_all_campaigns":false,"_monsterinsights_skip_tracking":false,"_monsterinsights_sitenote_active":false,"_monsterinsights_sitenote_note":"","_monsterinsights_sitenote_category":0,"spay_email":""},"categories":[1],"tags":[],"jetpack_featured_media_url":"https:\/\/vimagazine.com.br\/wp-content\/uploads\/2024\/02\/WhatsApp-Image-2024-02-07-at-19.42.15.jpeg","_links":{"self":[{"href":"https:\/\/vimagazine.com.br\/index.php?rest_route=\/wp\/v2\/posts\/12453"}],"collection":[{"href":"https:\/\/vimagazine.com.br\/index.php?rest_route=\/wp\/v2\/posts"}],"about":[{"href":"https:\/\/vimagazine.com.br\/index.php?rest_route=\/wp\/v2\/types\/post"}],"author":[{"embeddable":true,"href":"https:\/\/vimagazine.com.br\/index.php?rest_route=\/wp\/v2\/users\/1"}],"replies":[{"embeddable":true,"href":"https:\/\/vimagazine.com.br\/index.php?rest_route=%2Fwp%2Fv2%2Fcomments&post=12453"}],"version-history":[{"count":2,"href":"https:\/\/vimagazine.com.br\/index.php?rest_route=\/wp\/v2\/posts\/12453\/revisions"}],"predecessor-version":[{"id":12459,"href":"https:\/\/vimagazine.com.br\/index.php?rest_route=\/wp\/v2\/posts\/12453\/revisions\/12459"}],"wp:featuredmedia":[{"embeddable":true,"href":"https:\/\/vimagazine.com.br\/index.php?rest_route=\/wp\/v2\/media\/12458"}],"wp:attachment":[{"href":"https:\/\/vimagazine.com.br\/index.php?rest_route=%2Fwp%2Fv2%2Fmedia&parent=12453"}],"wp:term":[{"taxonomy":"category","embeddable":true,"href":"https:\/\/vimagazine.com.br\/index.php?rest_route=%2Fwp%2Fv2%2Fcategories&post=12453"},{"taxonomy":"post_tag","embeddable":true,"href":"https:\/\/vimagazine.com.br\/index.php?rest_route=%2Fwp%2Fv2%2Ftags&post=12453"}],"curies":[{"name":"wp","href":"https:\/\/api.w.org\/{rel}","templated":true}]}}