{"id":12463,"date":"2024-02-08T14:59:35","date_gmt":"2024-02-08T17:59:35","guid":{"rendered":"https:\/\/vimagazine.com.br\/?p=12463"},"modified":"2024-02-08T14:59:37","modified_gmt":"2024-02-08T17:59:37","slug":"compromisso-socioambiental-do-psicodalia-e-se%ef%bf%bctornar-referencia-de-ecoevento-no-brasil","status":"publish","type":"post","link":"https:\/\/vimagazine.com.br\/?p=12463","title":{"rendered":"Compromisso socioambiental do Psicod\u00e1lia \u00e9 se\ufffctornar refer\u00eancia de Ecoevento no Brasil"},"content":{"rendered":"\n<p>Cercada de belezas naturais, em meio \u00e0 mata nativa da Serra Catarinense, a encantadora cidade de Rio Rufino\/SC, receber\u00e1 a 21\u00aa edi\u00e7\u00e3o do Psicod\u00e1lia.<\/p>\n\n\n\n<p> Um dos grandes festivais alternativos do Brasil, ser\u00e1 realizado durante o Carnaval de 2024, de 9 a 14 de fevereiro, com um olhar criterioso para a preserva\u00e7\u00e3o do meio ambiente.\u00a0<\/p>\n\n\n\n<p>Por ter uma pol\u00edtica de separa\u00e7\u00e3o eficiente, anualmente, o evento evita o envio de 70% de res\u00edduos aos aterros sanit\u00e1rios.<\/p>\n\n\n\n<p>Carinhosamente chamado de Biod\u00e1lia, o setor de Sustentabilidade do Psicod\u00e1lia, atua para tornar\u00a0evento refer\u00eancia no assunto. <\/p>\n\n\n\n<p>O objetivo \u00e9 conscientizar os participantes, especialmente sobre o cuidado com os recursos naturais da fazenda que ir\u00e1 abrigar o evento. <\/p>\n\n\n\n<p>O local conta com mais de 500mil m2 de \u00e1rea verde, com cerca de 70% de mata nativa preservada, rios cristalinos, pared\u00f5es, mirantes, lagoas e cachoeira.<\/p>\n\n\n\n<p>O Psicod\u00e1lia pode ser comparado a uma pequena cidade tempor\u00e1ria, no que se refere \u00e0s demandas de energia el\u00e9trica, \u00e1gua, insumos, limpeza, manuten\u00e7\u00e3o e gera\u00e7\u00e3o de res\u00edduos s\u00f3lidos.<\/p>\n\n\n\n<p>\u00a0\u201cAl\u00e9m de conviver\u00a0com muita arte e m\u00fasica, durante os dias de evento as pessoas ir\u00e3o consumir alimentos e bebidas, utilizar banheiros, chuveiros e conviver.<\/p>\n\n\n\n<p> Precisaremos muito da colabora\u00e7\u00e3o de todos\u201d, analisa Jessica Pertile, coordenadora de meio ambiente do festival, bi\u00f3loga e especialista em gest\u00e3o ambiental.<\/p>\n\n\n\n<p>O processo de educa\u00e7\u00e3o ambiental desenvolvido com o p\u00fablico faz com que o espa\u00e7o permane\u00e7a limpo e organizado, durante e ap\u00f3s o evento. <\/p>\n\n\n\n<p>\u201cO apoio do p\u00fablico e dos funcion\u00e1rios ser\u00e1 essencial para que haja a separa\u00e7\u00e3o correta do lixo e o uso adequado dos servi\u00e7os dispon\u00edveis. <\/p>\n\n\n\n<p>Para isso, trabalhamos a comunica\u00e7\u00e3o pessoal e visual durante o evento\u201d, complementa o engenheiro agr\u00f4nomo, Alessander Von Wagner Fagundes.<\/p>\n\n\n\n<p>Assim como cuida da natureza, o festival zela pelas pessoas. Monitores ir\u00e3o atuar exclusivamente dedicados no contato direto com o p\u00fablico, promovendo um rico debate de educa\u00e7\u00e3o ambiental que, para al\u00e9m da gest\u00e3o do espa\u00e7o do festival, as pessoas possam levar essa \u201cideia\u201d para o cotidiano.<\/p>\n\n\n\n<p><strong>O festival ter\u00e1<\/strong><\/p>\n\n\n\n<p>Saneamento ecol\u00f3gico, sem \u00e1gua, como uma das principais formas de evitar a polui\u00e7\u00e3o das \u00e1guas. Assim como destina\u00e7\u00e3o correta dos res\u00edduos recicl\u00e1veis.<\/p>\n\n\n\n<p>Focado na sustentabilidade, ir\u00e1 garantir que parte dos fornecedores de insumos e a contrata\u00e7\u00e3o tempor\u00e1ria de m\u00e3o de obra sejam feitos na cidade de Rio Rufino ou arredores.<\/p>\n\n\n\n<p>Desta forma, ser\u00e1 poss\u00edvel reduzir a log\u00edstica de grandes dist\u00e2ncias e fomentar a economia local.<\/p>\n\n\n\n<p>Algumas institui\u00e7\u00f5es do setor p\u00fablico e privado tamb\u00e9m contribu\u00edram para o prop\u00f3sito. <\/p>\n\n\n\n<p>As lixeiras do festival foram 100% doadas por uma empresa privada, em apoio ao projeto ambiental. Pesquisadores de algumas universidades t\u00eam dado suporte em diversas quest\u00f5es, principalmente relacionadas ao manejo de \u00e1guas e destina\u00e7\u00e3o correta dos dejetos e \u00e1guas cinzas, assim como na sistematiza\u00e7\u00e3o dos resultados em busca de valida\u00e7\u00e3o cient\u00edfica de das a\u00e7\u00f5es.<\/p>\n\n\n\n<p><strong>Na pr\u00e1tica<\/strong><\/p>\n\n\n\n<p><strong>Apoio \u00e0 comunidade e economia local<\/strong><\/p>\n\n\n\n<p>\u00b7&nbsp;&nbsp; &nbsp; &nbsp; &nbsp;&nbsp;Prefer\u00eancia por servi\u00e7os e produtos locais;<\/p>\n\n\n\n<p>\u00b7&nbsp;&nbsp; &nbsp; &nbsp; &nbsp;&nbsp;Contrata\u00e7\u00e3o tempor\u00e1ria de m\u00e3o de obra.<\/p>\n\n\n\n<p><strong>Redu\u00e7\u00e3o de emiss\u00e3o de carbono<\/strong><\/p>\n\n\n\n<p>\u00b7&nbsp;&nbsp; &nbsp; &nbsp; &nbsp;&nbsp;Incentivo \u00e0 excurs\u00f5es e caronas solid\u00e1rias;<\/p>\n\n\n\n<p>\u00b7&nbsp;&nbsp; &nbsp; &nbsp; &nbsp;&nbsp;Transporte coletivo para funcion\u00e1rios e volunt\u00e1rios;<\/p>\n\n\n\n<p>\u00b7&nbsp;&nbsp; &nbsp; &nbsp; &nbsp;&nbsp;Plantio de \u00e1rvores nativas;<\/p>\n\n\n\n<p>\u00b7&nbsp;&nbsp; &nbsp; &nbsp; &nbsp;&nbsp;Compra de insumos e alimentos da regi\u00e3o;<\/p>\n\n\n\n<p>\u00b7&nbsp;&nbsp; &nbsp; &nbsp; &nbsp;&nbsp;Op\u00e7\u00f5es variadas de alimenta\u00e7\u00e3o vegetariana e vegana.<\/p>\n\n\n\n<p><strong>Conserva\u00e7\u00e3o da \u00e1gua<\/strong><\/p>\n\n\n\n<p>\u00b7&nbsp;&nbsp; &nbsp; &nbsp; &nbsp;&nbsp;Uso e tratamento de banheiros secos com acompanhamento t\u00e9cnico cient\u00edfico pela UFSC;<\/p>\n\n\n\n<p>\u00b7&nbsp;&nbsp; &nbsp; &nbsp; &nbsp;&nbsp;Monitoramento da qualidade da \u00e1gua captada;<\/p>\n\n\n\n<p>\u00b7&nbsp;&nbsp; &nbsp; &nbsp; &nbsp;&nbsp;\u00c1gua refil para consumo;<\/p>\n\n\n\n<p>\u00b7&nbsp;&nbsp; &nbsp; &nbsp; &nbsp;&nbsp;Sistema de tratamento de \u00e1guas cinzas com acompanhamento t\u00e9cnico cient\u00edfico pela UDESC.<\/p>\n\n\n\n<p><strong>Gest\u00e3o de res\u00edduos s\u00f3lidos<\/strong><\/p>\n\n\n\n<p>\u00b7&nbsp;&nbsp; &nbsp; &nbsp; &nbsp;&nbsp;Separa\u00e7\u00e3o em tr\u00eas fra\u00e7\u00f5es: org\u00e2nicos, recicl\u00e1veis e rejeitos;<\/p>\n\n\n\n<p>\u00b7&nbsp;&nbsp; &nbsp; &nbsp; &nbsp;&nbsp;Ponto de Entrega Volunt\u00e1ria de Res\u00edduos \u2013 PEV;<\/p>\n\n\n\n<p>\u00b7&nbsp;&nbsp; &nbsp; &nbsp; &nbsp;&nbsp;Compostagem pelo m\u00e9todo UFSC;<\/p>\n\n\n\n<p>\u00b7&nbsp;&nbsp; &nbsp; &nbsp; &nbsp;&nbsp;Festival rumo ao Lixo Zero.<\/p>\n\n\n\n<p><strong>Redu\u00e7\u00e3o de res\u00edduos<\/strong><\/p>\n\n\n\n<p>\u00b7&nbsp;&nbsp; &nbsp; &nbsp; &nbsp;&nbsp;Alimenta\u00e7\u00e3o com utens\u00edlios dur\u00e1veis ou compost\u00e1veis;<\/p>\n\n\n\n<p>\u00b7&nbsp;&nbsp; &nbsp; &nbsp; &nbsp;&nbsp;Uso exclusivo de copos reutiliz\u00e1veis;<\/p>\n\n\n\n<p>\u00b7&nbsp;&nbsp; &nbsp; &nbsp; &nbsp;&nbsp;Proibida entrada de garrafas de vidro long neck;<\/p>\n\n\n\n<p>\u00b7&nbsp;&nbsp; &nbsp; &nbsp; &nbsp;&nbsp;Central de doa\u00e7\u00e3o de alimentos;<\/p>\n\n\n\n<p>\u00b7&nbsp;&nbsp; &nbsp; &nbsp; &nbsp;&nbsp;Recolhimento de lonas usadas para doa\u00e7\u00e3o a entidades;<\/p>\n\n\n\n<p>\u00b7&nbsp;&nbsp; &nbsp; &nbsp; &nbsp;&nbsp;Prefer\u00eancia pelo chopp direto no copo reutiliz\u00e1vel \u00e0s latas.<\/p>\n\n\n\n<p><strong>Prote\u00e7\u00e3o do meio ambiente<\/strong><\/p>\n\n\n\n<p>\u00b7&nbsp;&nbsp; &nbsp; &nbsp; &nbsp;&nbsp;\u00c1reas de preserva\u00e7\u00e3o permanente demarcadas e de uso restrito;<\/p>\n\n\n\n<p>\u00b7&nbsp;&nbsp; &nbsp; &nbsp; &nbsp;&nbsp;Oficinas de sustentabilidade;<\/p>\n\n\n\n<p>\u00b7&nbsp;&nbsp; &nbsp; &nbsp; &nbsp;&nbsp;Trilha guiada at\u00e9 a cachoeira.<\/p>\n\n\n\n<p><strong>Educa\u00e7\u00e3o e comunica\u00e7\u00e3o ambiental<\/strong><\/p>\n\n\n\n<p>\u00b7&nbsp;&nbsp; &nbsp; &nbsp; &nbsp;&nbsp;Online e para artistas, colaboradores, volunt\u00e1rios e fornecedores;<\/p>\n\n\n\n<p>\u00b7&nbsp;&nbsp; &nbsp; &nbsp; &nbsp;&nbsp;Equipe de monitoria ambiental capacitada nas \u00e1reas de engenharia sanit\u00e1ria, agronomia, biologia, entre outros;<\/p>\n\n\n\n<p>\u00b7\u00a0Lixeiras devidamente sinalizadas;\u00b7\u00a0\u00a0 \u00a0 \u00a0 <\/p>\n\n\n\n<p>\u00a0\u00a0Estrutura de bituqueiras pelo festival.<br><br>Liana Trevisan<\/p>\n\n\n\n<p>Jornalista<br>JP 003750-SC<\/p>\n\n\n\n<p>\u00a0Editora LT(47) 8868-8484<\/p>\n","protected":false},"excerpt":{"rendered":"<p>Cercada de belezas naturais, em meio \u00e0 mata nativa da Serra Catarinense, a encantadora cidade&#8230;<\/p>\n","protected":false},"author":3,"featured_media":12464,"comment_status":"closed","ping_status":"open","sticky":false,"template":"","format":"standard","meta":{"om_disable_all_campaigns":false,"_monsterinsights_skip_tracking":false,"_monsterinsights_sitenote_active":false,"_monsterinsights_sitenote_note":"","_monsterinsights_sitenote_category":0,"spay_email":""},"categories":[1],"tags":[],"jetpack_featured_media_url":"https:\/\/vimagazine.com.br\/wp-content\/uploads\/2024\/02\/Psicodalia-2024-_Rio-rufino-_-foto_Psicodalia.jpeg","_links":{"self":[{"href":"https:\/\/vimagazine.com.br\/index.php?rest_route=\/wp\/v2\/posts\/12463"}],"collection":[{"href":"https:\/\/vimagazine.com.br\/index.php?rest_route=\/wp\/v2\/posts"}],"about":[{"href":"https:\/\/vimagazine.com.br\/index.php?rest_route=\/wp\/v2\/types\/post"}],"author":[{"embeddable":true,"href":"https:\/\/vimagazine.com.br\/index.php?rest_route=\/wp\/v2\/users\/3"}],"replies":[{"embeddable":true,"href":"https:\/\/vimagazine.com.br\/index.php?rest_route=%2Fwp%2Fv2%2Fcomments&post=12463"}],"version-history":[{"count":1,"href":"https:\/\/vimagazine.com.br\/index.php?rest_route=\/wp\/v2\/posts\/12463\/revisions"}],"predecessor-version":[{"id":12465,"href":"https:\/\/vimagazine.com.br\/index.php?rest_route=\/wp\/v2\/posts\/12463\/revisions\/12465"}],"wp:featuredmedia":[{"embeddable":true,"href":"https:\/\/vimagazine.com.br\/index.php?rest_route=\/wp\/v2\/media\/12464"}],"wp:attachment":[{"href":"https:\/\/vimagazine.com.br\/index.php?rest_route=%2Fwp%2Fv2%2Fmedia&parent=12463"}],"wp:term":[{"taxonomy":"category","embeddable":true,"href":"https:\/\/vimagazine.com.br\/index.php?rest_route=%2Fwp%2Fv2%2Fcategories&post=12463"},{"taxonomy":"post_tag","embeddable":true,"href":"https:\/\/vimagazine.com.br\/index.php?rest_route=%2Fwp%2Fv2%2Ftags&post=12463"}],"curies":[{"name":"wp","href":"https:\/\/api.w.org\/{rel}","templated":true}]}}