{"id":12466,"date":"2024-02-08T15:06:15","date_gmt":"2024-02-08T18:06:15","guid":{"rendered":"https:\/\/vimagazine.com.br\/?p=12466"},"modified":"2024-02-08T15:06:17","modified_gmt":"2024-02-08T18:06:17","slug":"dengue-em-joinville-hospital-dona-helena-aciona-plano-de-contingencia","status":"publish","type":"post","link":"https:\/\/vimagazine.com.br\/?p=12466","title":{"rendered":"Dengue em Joinville: Hospital Dona Helena aciona plano de conting\u00eancia"},"content":{"rendered":"\n<p class=\"has-text-align-center\">Diante do agravamento dos casos de dengue em Joinville e regi\u00e3o, com alguns munic\u00edpios decretando epidemia, o Hospital Dona Helena acionou seu plano de conting\u00eancia, aumentando o n\u00famero de leitos dispon\u00edveis na Emerg\u00eancia. <\/p>\n\n\n\n<p class=\"has-text-align-center\">Ao mesmo tempo, refor\u00e7ou o time de plantonistas, revisou protocolos internos com base em orienta\u00e7\u00f5es do Minist\u00e9rio da Sa\u00fade e ampliou a \u00e1rea f\u00edsica para medica\u00e7\u00e3o de pacientes.<\/p>\n\n\n\n<p class=\"has-text-align-center\">A m\u00e9dica Luana Ferrabone, coordenadora da Emerg\u00eancia, informa que os protocolos de coleta foram revisados para garantir que todos os exames sejam coletados e obtenham resultado o mais r\u00e1pido poss\u00edvel.<\/p>\n\n\n\n<p class=\"has-text-align-center\"> \u201cEstamos em constante busca de melhorias, atendendo \u00e0s sugest\u00f5es dos usu\u00e1rios conforme a realidade de cada momento.<\/p>\n\n\n\n<p class=\"has-text-align-center\">Como nos anos anteriores, manteremos um atendimento diferenciado, primando pela seguran\u00e7a.\u201d<\/p>\n\n\n\n<p class=\"has-text-align-center\">\u201cO Dona Helena sempre se antecipa \u00e0s necessidades nas situa\u00e7\u00f5es em que h\u00e1 maior procura por atendimento m\u00e9dico, como ocorre agora com a dengue.<\/p>\n\n\n\n<p class=\"has-text-align-center\"> Estamos preparados para enfrentar o problema\u201d, garante o diretor geral Jos\u00e9 Tadeu Chechi. <\/p>\n\n\n\n<p class=\"has-text-align-center\">A avalia\u00e7\u00e3o do quadro \u00e9 feita periodicamente pelo comit\u00ea de crise do hospital.<\/p>\n\n\n\n<p class=\"has-text-align-center\">O diretor geral destaca a import\u00e2ncia da acredita\u00e7\u00e3o pela Joint Commission International (JCI) e do planejamento estrat\u00e9gico, alinhados aos protocolos internacionais, que viabilizam uma maior efici\u00eancia nas a\u00e7\u00f5es de conting\u00eancia.<\/p>\n\n\n\n<p class=\"has-text-align-center\"> \u201cRapidamente, tomamos todas as provid\u00eancias para fazer frente \u00e0 situa\u00e7\u00e3o, a exemplo do que ocorreu na pandemia de covid-19\u201d, pontua.<\/p>\n\n\n\n<p class=\"has-text-align-center\"><strong>O que \u00e9, como evitar?<\/strong><\/p>\n\n\n\n<p class=\"has-text-align-center\">A m\u00e9dica Tamara Caetano, cl\u00ednica geral do Dona Helena, explica que a dengue \u00e9 uma doen\u00e7a viral, febril, aguda, transmitida pela picada do aedes aegypti. <\/p>\n\n\n\n<p class=\"has-text-align-center\">A doen\u00e7a pode se apresentar de forma benigna ou grave \u2013 dependendo de v\u00e1rios fatores, incluindo infec\u00e7\u00e3o anterior pelo v\u00edrus e fatores individuais como a boa sa\u00fade geral ou, ao contr\u00e1rio, a exist\u00eancia de doen\u00e7as cr\u00f4nicas como diabetes, asma ou anemia falciforme.<\/p>\n\n\n\n<p class=\"has-text-align-center\">A melhor forma de se evitar a dengue \u00e9 combater os focos de ac\u00famulo de \u00e1gua, locais prop\u00edcios para a cria\u00e7\u00e3o do mosquito transmissor. <\/p>\n\n\n\n<p class=\"has-text-align-center\"><strong>\u00c9 importante, por isso, n\u00e3o deixar \u00e1gua acumulada em nenhum lugar.<\/strong><\/p>\n\n\n\n<p class=\"has-text-align-center\"> A orienta\u00e7\u00e3o vale para latas, embalagens, copos pl\u00e1sticos, tampinhas de refrigerantes, pneus velhos, vasinhos de plantas, jarros de flores, garrafas, caixas d\u00b4\u00e1gua, tambores, lat\u00f5es, cisternas, sacos pl\u00e1sticos e lixeiras, entre outros.<\/p>\n\n\n\n<p class=\"has-text-align-center\">Assessoria de imprensa do Hospital Dona Helena.<\/p>\n\n\n\n<p class=\"has-text-align-center\"> Jornalista respons\u00e1vel: Guilherme Diefenthaeler <\/p>\n\n\n\n<p class=\"has-text-align-center\">(reg. prof. 6207\/RS).<\/p>\n\n\n\n<p class=\"has-text-align-center\"> WhatsApp (47) 98403-2745.<\/p>\n\n\n\n<p><\/p>\n","protected":false},"excerpt":{"rendered":"<p>Diante do agravamento dos casos de dengue em Joinville e regi\u00e3o, com alguns munic\u00edpios decretando&#8230;<\/p>\n","protected":false},"author":3,"featured_media":12467,"comment_status":"closed","ping_status":"open","sticky":false,"template":"","format":"standard","meta":{"om_disable_all_campaigns":false,"_monsterinsights_skip_tracking":false,"_monsterinsights_sitenote_active":false,"_monsterinsights_sitenote_note":"","_monsterinsights_sitenote_category":0,"spay_email":""},"categories":[1],"tags":[],"jetpack_featured_media_url":"https:\/\/vimagazine.com.br\/wp-content\/uploads\/2024\/02\/WhatsApp-Image-2024-02-08-at-09.15.09-e1707415414212.jpeg","_links":{"self":[{"href":"https:\/\/vimagazine.com.br\/index.php?rest_route=\/wp\/v2\/posts\/12466"}],"collection":[{"href":"https:\/\/vimagazine.com.br\/index.php?rest_route=\/wp\/v2\/posts"}],"about":[{"href":"https:\/\/vimagazine.com.br\/index.php?rest_route=\/wp\/v2\/types\/post"}],"author":[{"embeddable":true,"href":"https:\/\/vimagazine.com.br\/index.php?rest_route=\/wp\/v2\/users\/3"}],"replies":[{"embeddable":true,"href":"https:\/\/vimagazine.com.br\/index.php?rest_route=%2Fwp%2Fv2%2Fcomments&post=12466"}],"version-history":[{"count":1,"href":"https:\/\/vimagazine.com.br\/index.php?rest_route=\/wp\/v2\/posts\/12466\/revisions"}],"predecessor-version":[{"id":12468,"href":"https:\/\/vimagazine.com.br\/index.php?rest_route=\/wp\/v2\/posts\/12466\/revisions\/12468"}],"wp:featuredmedia":[{"embeddable":true,"href":"https:\/\/vimagazine.com.br\/index.php?rest_route=\/wp\/v2\/media\/12467"}],"wp:attachment":[{"href":"https:\/\/vimagazine.com.br\/index.php?rest_route=%2Fwp%2Fv2%2Fmedia&parent=12466"}],"wp:term":[{"taxonomy":"category","embeddable":true,"href":"https:\/\/vimagazine.com.br\/index.php?rest_route=%2Fwp%2Fv2%2Fcategories&post=12466"},{"taxonomy":"post_tag","embeddable":true,"href":"https:\/\/vimagazine.com.br\/index.php?rest_route=%2Fwp%2Fv2%2Ftags&post=12466"}],"curies":[{"name":"wp","href":"https:\/\/api.w.org\/{rel}","templated":true}]}}