{"id":12476,"date":"2024-02-09T14:49:15","date_gmt":"2024-02-09T17:49:15","guid":{"rendered":"https:\/\/vimagazine.com.br\/?p=12476"},"modified":"2024-02-09T15:00:48","modified_gmt":"2024-02-09T18:00:48","slug":"isabela-simoes-se-prepara-para-desfilar-como-destaque-na-rosas-de-ouro","status":"publish","type":"post","link":"https:\/\/vimagazine.com.br\/?p=12476","title":{"rendered":"Isabela Sim\u00f5es se prepara para desfilar como destaque na Rosas de Ouro"},"content":{"rendered":"\n<p><\/p>\n\n\n\n<p class=\"has-text-align-center\"><em><strong>Abra\u00e7ando o tema da escola, que este ano faz men\u00e7\u00e3o aos 70 anos do Parque do Ibirapuera, fashion influencer vem representando a \u00e1gua<\/strong><\/em><\/p>\n\n\n\n<figure class=\"wp-block-image aligncenter size-large is-resized\"><img src=\"https:\/\/vimagazine.com.br\/wp-content\/uploads\/2024\/02\/2e2e9e19-0242-4240-8f41-8f61eaa3c0a9-820x1024.jpg\" alt=\"\" class=\"wp-image-12478\" width=\"633\" height=\"790\" srcset=\"https:\/\/vimagazine.com.br\/wp-content\/uploads\/2024\/02\/2e2e9e19-0242-4240-8f41-8f61eaa3c0a9-820x1024.jpg 820w, https:\/\/vimagazine.com.br\/wp-content\/uploads\/2024\/02\/2e2e9e19-0242-4240-8f41-8f61eaa3c0a9-240x300.jpg 240w, https:\/\/vimagazine.com.br\/wp-content\/uploads\/2024\/02\/2e2e9e19-0242-4240-8f41-8f61eaa3c0a9-768x959.jpg 768w, https:\/\/vimagazine.com.br\/wp-content\/uploads\/2024\/02\/2e2e9e19-0242-4240-8f41-8f61eaa3c0a9-1229x1536.jpg 1229w, https:\/\/vimagazine.com.br\/wp-content\/uploads\/2024\/02\/2e2e9e19-0242-4240-8f41-8f61eaa3c0a9-1024x1279.jpg 1024w, https:\/\/vimagazine.com.br\/wp-content\/uploads\/2024\/02\/2e2e9e19-0242-4240-8f41-8f61eaa3c0a9.jpg 1440w\" sizes=\"(max-width: 633px) 100vw, 633px\" \/><\/figure>\n\n\n\n<p>Nesta sexta (9), primeiro dia de desfiles do grupo especial das escolas de samba de S\u00e3o Paulo,&nbsp;<strong>Isabela Sim\u00f5es<\/strong>&nbsp;vem como um dos destaques do carro abre-alas da Rosas de Ouro, com uma fantasia que representa a \u00e1gua, refer\u00eancia ao tema escolhido pela agremia\u00e7\u00e3o intitulado &#8220;Ibira 70!&#8221;, homenagem aos 70 anos do Parque do Ibirapuera, cart\u00e3o postal da cidade.<\/p>\n\n\n\n<p>Dentro do enredo, Isabela vem representando a \u00e1gua com uma fantasia em tons de azul, cheia de brilho e cristais, al\u00e9m de uma maquiagem \u00e0 prova d&#8217;\u00e1gua, j\u00e1 que estar\u00e1 dentro de um chafariz real que comp\u00f5e a alegoria, tudo repleto de elementos dos povos origin\u00e1rios, uma men\u00e7\u00e3o ao nome &#8220;Parque do Ibirapuera&#8221;, que vem do tupi-guarani &#8220;Ypy-ra-ou\u00eara&#8221;.<\/p>\n\n\n\n<p>Isabela acredita que a proposta ir\u00e1 chamar bastante a aten\u00e7\u00e3o do p\u00fablico. &#8220;Estou muito feliz pelo convite e super animada para desfilar. Quando me falaram que eu iria me posicionar no centro de uma fonte com \u00e1gua de verdade, fiquei ainda mais entusiasmada. Vai ser uma experi\u00eancia inesquec\u00edvel. Mesmo eu sendo mineira, amei a ideia de participar da homenagem ao Parque do Ibirapuera, um local que certamente ganhou meu cora\u00e7\u00e3o aqui em S\u00e3o Paulo&#8221;, complementa.<\/p>\n\n\n\n<p>E para n\u00e3o fazer feio no Samb\u00f3dromo do Anhembi, a fashion influencer apertou os treinos para garantir f\u00f4lego e muita disposi\u00e7\u00e3o na avenida. &#8220;Comecei a me dedicar mais intensamente na academia nas \u00faltimas semanas, pois sei que quando o desfile estiver valendo, tenho que dar o meu m\u00e1ximo, no ritmo da bateria da Rosas&#8221;, conclui Isabela.<\/p>\n\n\n\n<p>Vale ressaltar que ap\u00f3s merecidas f\u00e9rias, Isabela Sim\u00f5es retorna com tudo durante o Carnaval 2024. Ela tamb\u00e9m j\u00e1 tem presen\u00e7a confirmada nos camarotes N1, Brahma e Nosso Camarote, trazendo conte\u00fados exclusivos para seus milhares de seguidores nas redes sociais.<\/p>\n\n\n\n<p><\/p>\n\n\n\n<figure class=\"wp-block-image aligncenter size-large\"><img width=\"701\" height=\"1024\" src=\"https:\/\/vimagazine.com.br\/wp-content\/uploads\/2024\/02\/8ebabc9d-7be9-4ee1-a30b-bd5c2346529c-701x1024.jpg\" alt=\"\" class=\"wp-image-12477\" srcset=\"https:\/\/vimagazine.com.br\/wp-content\/uploads\/2024\/02\/8ebabc9d-7be9-4ee1-a30b-bd5c2346529c-701x1024.jpg 701w, https:\/\/vimagazine.com.br\/wp-content\/uploads\/2024\/02\/8ebabc9d-7be9-4ee1-a30b-bd5c2346529c-205x300.jpg 205w, https:\/\/vimagazine.com.br\/wp-content\/uploads\/2024\/02\/8ebabc9d-7be9-4ee1-a30b-bd5c2346529c-768x1122.jpg 768w, https:\/\/vimagazine.com.br\/wp-content\/uploads\/2024\/02\/8ebabc9d-7be9-4ee1-a30b-bd5c2346529c-1051x1536.jpg 1051w, https:\/\/vimagazine.com.br\/wp-content\/uploads\/2024\/02\/8ebabc9d-7be9-4ee1-a30b-bd5c2346529c-1024x1496.jpg 1024w, https:\/\/vimagazine.com.br\/wp-content\/uploads\/2024\/02\/8ebabc9d-7be9-4ee1-a30b-bd5c2346529c.jpg 1314w\" sizes=\"(max-width: 701px) 100vw, 701px\" \/><\/figure>\n\n\n\n<p><\/p>\n\n\n\n<p><strong>Mais sobre Isabela Sim\u00f5es:<\/strong><\/p>\n\n\n\n<p>Natural de Governador Valadares (MG),&nbsp;<strong>Isabela Paix\u00e3o Sim\u00f5es<\/strong>&nbsp;\u00e9 formada em Publicidade e Propaganda e, desde a inf\u00e2ncia, j\u00e1 demonstrava suas aptid\u00f5es com a moda, caminho que falou mais alto. Quando crian\u00e7a, organizava desfiles de moda com retalhos que encontrava na casa da av\u00f3, j\u00e1 que a mesma costurava e sempre mantinha alguns materiais guardados dentro de um ba\u00fa. E foi atrav\u00e9s da Internet que a influenciadora percebeu sua responsabilidade e reconhecimento ao compartilhar informa\u00e7\u00f5es com o p\u00fablico, algo que considera de suma import\u00e2ncia, pois leva dentro de si, como objetivo maior, agregar tudo o que \u00e9 positivo na vida das pessoas. Somente no&nbsp;<em>Instagram<\/em>&nbsp;j\u00e1 s\u00e3o mais de 500 mil seguidores. Para Isabela Sim\u00f5es, mais importante do que seguir tend\u00eancias, \u00e9 buscar se sentir bem e manter o n\u00edvel da autoaceita\u00e7\u00e3o em dia, pois &#8220;uma roupa bem escolhida e adequada, \u00e9 capaz de trazer total confian\u00e7a&#8221;. Recentemente, entrou para o ramo das palestras, tem o projeto para lan\u00e7amento de um livro e, em breve, ir\u00e1 apresentar ao p\u00fablico uma linha de produtos de beleza By Isabela, protagonizando uma carreira de muita determina\u00e7\u00e3o e busca pelo conhecimento.<br>Para saber mais sobre o trabalho de&nbsp;<strong>Isabela Sim\u00f5es<\/strong>, basta seguir sua rede social: @isabela<\/p>\n\n\n\n<p><\/p>\n\n\n\n<figure class=\"wp-block-table\"><table><tbody><tr><td>Fotos<em>: Divulga\u00e7\u00e3o \u00c9pik Comunica\u00e7\u00e3o<\/em><\/td><\/tr><tr><td>\u200a<\/td><\/tr><\/tbody><\/table><\/figure>\n","protected":false},"excerpt":{"rendered":"<p>Abra\u00e7ando o tema da escola, que este ano faz men\u00e7\u00e3o aos 70 anos do Parque&#8230;<\/p>\n","protected":false},"author":1,"featured_media":12481,"comment_status":"closed","ping_status":"open","sticky":false,"template":"","format":"standard","meta":{"om_disable_all_campaigns":false,"_monsterinsights_skip_tracking":false,"_monsterinsights_sitenote_active":false,"_monsterinsights_sitenote_note":"","_monsterinsights_sitenote_category":0,"spay_email":""},"categories":[27],"tags":[],"jetpack_featured_media_url":"https:\/\/vimagazine.com.br\/wp-content\/uploads\/2024\/02\/2e2e9e19-0242-4240-8f41-8f61eaa3c0a9-2.jpg","_links":{"self":[{"href":"https:\/\/vimagazine.com.br\/index.php?rest_route=\/wp\/v2\/posts\/12476"}],"collection":[{"href":"https:\/\/vimagazine.com.br\/index.php?rest_route=\/wp\/v2\/posts"}],"about":[{"href":"https:\/\/vimagazine.com.br\/index.php?rest_route=\/wp\/v2\/types\/post"}],"author":[{"embeddable":true,"href":"https:\/\/vimagazine.com.br\/index.php?rest_route=\/wp\/v2\/users\/1"}],"replies":[{"embeddable":true,"href":"https:\/\/vimagazine.com.br\/index.php?rest_route=%2Fwp%2Fv2%2Fcomments&post=12476"}],"version-history":[{"count":3,"href":"https:\/\/vimagazine.com.br\/index.php?rest_route=\/wp\/v2\/posts\/12476\/revisions"}],"predecessor-version":[{"id":12483,"href":"https:\/\/vimagazine.com.br\/index.php?rest_route=\/wp\/v2\/posts\/12476\/revisions\/12483"}],"wp:featuredmedia":[{"embeddable":true,"href":"https:\/\/vimagazine.com.br\/index.php?rest_route=\/wp\/v2\/media\/12481"}],"wp:attachment":[{"href":"https:\/\/vimagazine.com.br\/index.php?rest_route=%2Fwp%2Fv2%2Fmedia&parent=12476"}],"wp:term":[{"taxonomy":"category","embeddable":true,"href":"https:\/\/vimagazine.com.br\/index.php?rest_route=%2Fwp%2Fv2%2Fcategories&post=12476"},{"taxonomy":"post_tag","embeddable":true,"href":"https:\/\/vimagazine.com.br\/index.php?rest_route=%2Fwp%2Fv2%2Ftags&post=12476"}],"curies":[{"name":"wp","href":"https:\/\/api.w.org\/{rel}","templated":true}]}}