{"id":12484,"date":"2024-02-09T19:59:07","date_gmt":"2024-02-09T22:59:07","guid":{"rendered":"https:\/\/vimagazine.com.br\/?p=12484"},"modified":"2024-02-09T19:59:11","modified_gmt":"2024-02-09T22:59:11","slug":"geraldo-rufino-fala-sobre-a-sua-historia-de-vida-e-superacao-em-entrevista-exclusiva","status":"publish","type":"post","link":"https:\/\/vimagazine.com.br\/?p=12484","title":{"rendered":"<strong>Geraldo Rufino fala sobre a sua hist\u00f3ria de vida e supera\u00e7\u00e3o em entrevista exclusiva<\/strong>"},"content":{"rendered":"\n<p class=\"has-text-align-center\">\u00a0\u00a0Em um bate-papo bem descontra\u00eddo, o empres\u00e1rio discorreu amplamente, sobre sua hist\u00f3ria de vida, supera\u00e7\u00f5es e o racismo.<\/p>\n\n\n\n<figure class=\"wp-block-image size-large\"><img width=\"1024\" height=\"683\" src=\"https:\/\/vimagazine.com.br\/wp-content\/uploads\/2024\/02\/geraldo_rufino_BNF_1019_021-1-1024x683.jpg\" alt=\"Geraldo Rufino fala sobre a sua hist\u00f3ria de vida e supera\u00e7\u00e3o em entrevista exclusiva\" class=\"wp-image-12486\" srcset=\"https:\/\/vimagazine.com.br\/wp-content\/uploads\/2024\/02\/geraldo_rufino_BNF_1019_021-1-1024x683.jpg 1024w, https:\/\/vimagazine.com.br\/wp-content\/uploads\/2024\/02\/geraldo_rufino_BNF_1019_021-1-300x200.jpg 300w, https:\/\/vimagazine.com.br\/wp-content\/uploads\/2024\/02\/geraldo_rufino_BNF_1019_021-1-768x512.jpg 768w, https:\/\/vimagazine.com.br\/wp-content\/uploads\/2024\/02\/geraldo_rufino_BNF_1019_021-1-1536x1024.jpg 1536w, https:\/\/vimagazine.com.br\/wp-content\/uploads\/2024\/02\/geraldo_rufino_BNF_1019_021-1.jpg 1920w\" sizes=\"(max-width: 1024px) 100vw, 1024px\" \/><figcaption>Geraldo Rufino<\/figcaption><\/figure>\n\n\n\n<p><strong><em>Como foi a sua inf\u00e2ncia?<\/em><\/strong><\/p>\n\n\n\n<p>&nbsp;<strong>R:<\/strong> &#8220;Minha inf\u00e2ncia foi muito marcante, posso lembrar da fase em que eu tinha 2, 3 anos de idade! Pensa em um cara feliz! Tive uma m\u00e3e sensacional, uma fam\u00edlia espetacular, meu brinquedo era um carrinho de boi puxado por rato, eu adorava a minha vida, e continuo adorando, minha inf\u00e2ncia n\u00e3o passou, pois me vejo com a mesma mentalidade dos meus sete anos. Portanto tive uma inf\u00e2ncia sensacional que dura sessenta e cinco anos! Rsrs&#8221;.<\/p>\n\n\n\n<p><strong><em>Quais foram os seus maiores desafios?<\/em><\/strong><\/p>\n\n\n\n<p>&nbsp;<strong>R: <\/strong>Para mim todos os dias temos um novo desafio, seja menor ou maior, s\u00e3o desafios di\u00e1rios. N\u00e3o acredito em tempos dif\u00edceis e nem em problemas maiores que o ser humano, na minha vis\u00e3o quem cria o problema \u00e9 o ser humano. Logo, penso que n\u00e3o existe um desafio t\u00e3o extraordin\u00e1rio que supere o criador do desafio que \u00e9 a pr\u00f3pria pessoa.<\/p>\n\n\n\n<p><strong><em>O que voc\u00ea sente quando o assunto \u00e9 a sua m\u00e3e?<\/em><\/strong><\/p>\n\n\n\n<p>&nbsp;<strong>R: <\/strong>Ah, eu me sinto no colo, protegido, guiado, direcionado, eternizado do lado de uma pessoa que me ama e que \u00e9 imortal, com certeza serei protegido assim a vida inteira! Toda vez que falo da minha m\u00e3e me sinto um ser privilegiado!<\/p>\n\n\n\n<p><strong><em>Como \u00e9 para voc\u00ea ter se tornado um empres\u00e1rio de sucesso ap\u00f3s ter sido catador de latinhas?<\/em><\/strong><\/p>\n\n\n\n<p>&nbsp;<strong>R: <\/strong>Para mim, ser empres\u00e1rio ou catador de latinhas \u00e9 algo muito relativo, eu costumo dizer que se for por uma quest\u00e3o material a refer\u00eancia que eu tenho entre catar latinhas e ter uma empresa grande de reciclagem, se bem que uma coisa n\u00e3o est\u00e1 diretamente ligada a outra, j\u00e1 que quando eu catava latinha era uma outra fase, a empresa de reciclagem aconteceu l\u00e1 na frente por um acidente de percurso, ent\u00e3o na realidade se eu for fazer uma compara\u00e7\u00e3o o meu sentimento \u00e9 que mudou o tamanho da lata!<\/p>\n\n\n\n<p><strong><em>Qual ou quais as dicas que voc\u00ea d\u00e1 para quem se encontra perdido e sem saber o que fazer profissionalmente?<\/em><\/strong><\/p>\n\n\n\n<p>&nbsp;<strong>R: <\/strong>Seja l\u00e1 qual for o problema que voc\u00ea tenha ele \u00e9 menor que voc\u00ea, eu acho que o grande resolvedor de problemas \u00e9 voc\u00ea, portanto, se voc\u00ea olhar pra dentro de si ir\u00e1 achar solu\u00e7\u00e3o, vai achar caixinhas que t\u00eam armazenadas informa\u00e7\u00f5es, conhecimentos, bagagens, experi\u00eancias, mas acima de tudo, se voc\u00ea tiver despertado ali o seu senso de humildade, voc\u00ea vai ver que qualquer que seja a sua situa\u00e7\u00e3o \u00e9 menos complicada que a situa\u00e7\u00e3o de muita gente do planeta, ent\u00e3o se voc\u00ea acha que a pessoa est\u00e1 perdida, olha para dentro e v\u00ea que a sua situa\u00e7\u00e3o n\u00e3o \u00e9 t\u00e3o complicada assim. Da\u00ed a hora que voc\u00ea entende e p\u00f5e em exerc\u00edcio que voc\u00ea \u00e9 um ser especial, que tem potencial, que tem ferramentas mental e espiritualmente para resolver o seu problema, voc\u00ea sai sozinho dessa fase. N\u00e3o espere que algu\u00e9m fa\u00e7a, olhe para dentro de si e use as ferramentas que voc\u00ea tem e vai para a pr\u00f3xima fase, para quem est\u00e1 perdido a melhor maneira de se encontrar \u00e9 olhar para si mesmo.<\/p>\n\n\n\n<p><strong><em>O que voc\u00ea pensa sobre o racismo? Qual ou quais s\u00e3o as solu\u00e7\u00f5es para a erradica\u00e7\u00e3o desse mal?<\/em><\/strong><\/p>\n\n\n\n<p>&nbsp;<strong>R: <\/strong>Racismo, preconceito, intoler\u00e2ncia, discrimina\u00e7\u00e3o, isso n\u00e3o tem como erradicar, isso \u00e9 uma fraqueza humana, enquanto existir o ser humano vai haver algu\u00e9m se sentindo maior e algu\u00e9m, infelizmente, se achando menor. No meu ponto de vista, voc\u00ea s\u00f3 vai se sentir discriminado quando voc\u00ea se sentir fraco, porque na realidade quem est\u00e1 praticando o ato de preconceito que \u00e9 fraco, ele est\u00e1 fazendo isso para se sobrepor ao outro, n\u00e3o existe maior ou menor, somos semelhantes. \u00c9 fundamental que voc\u00ea n\u00e3o se deixe abalar emocionalmente por isso, existe leis, normas. A quest\u00e3o \u00e9 que nos bastidores algumas pessoas s\u00e3o cru\u00e9is e neste contexto a pessoa precisa estar emocionalmente pronta para lidar com a fraqueza de quem a ataca, e pronto para ajudar a fraqueza de quem aceita que est\u00e1 fraco. Eu n\u00e3o tenho a fraqueza de aceitar e n\u00e3o tenho a prepot\u00eancia de atacar, ent\u00e3o para mim racismo, discrimina\u00e7\u00e3o e preconceito n\u00e3o funciona, n\u00e3o me atinge. Na minha concep\u00e7\u00e3o toda vez que voc\u00ea fortalecer o ser humano emocionalmente, ele vai estar preparado para lidar com isso, j\u00e1 que a meu ver, isso vai acontecer a vida inteira, uma vez que voc\u00ea n\u00e3o tem como controlar o que existe dentro do outro, o que o outro pensa, voc\u00ea tem como lidar com isso sem sofrer, \u00e9 o que eu fa\u00e7o, eu tiro de letra, n\u00e3o potencializo os fracos que atacam e ajudo os fr\u00e1geis que se sentem menores com isso, procuro ajudar as pessoas a se sentirem fortes, nunca menores.<\/p>\n\n\n\n<p><strong><em>Quais as suas p\u00e1ginas para quem deseja conhecer mais sobre os seus trabalhos?<\/em><\/strong><\/p>\n\n\n\n<p><strong>Instagram: <\/strong><a href=\"https:\/\/www.instagram.com\/geraldoarufino\/\">@geraldoarufino<\/a> <strong>Youtube:<\/strong> &nbsp;<a href=\"https:\/\/www.youtube.com\/@geraldorufino\">@geraldorufino<\/a><a href=\"https:\/\/www.youtube.com\/@geraldorufino\"><\/a><\/p>\n\n\n\n<p><strong><em>Considera\u00e7\u00f5es finais?<\/em><\/strong><\/p>\n\n\n\n<p>&nbsp;<strong>R: <\/strong>Toda vez que eu bato um papo, que eu quero passar para as pessoas, eu digo, sou um brasileiro, um ser humano voltado a fazer com que os outros percebam que a vida \u00e9 bela, que somos privilegiados, que n\u00f3s somos mau agradecidos, que n\u00f3s precisamos agradecer mais, refor\u00e7ar a espiritualidade, a esperan\u00e7a, o relacionamento, voltar para a base que \u00e9 a fam\u00edlia, melhorar as conex\u00f5es, olhar para dentro quando voc\u00ea achar que est\u00e1 faltando alguma coisa e se encontrar consigo mesmo, subir um degrau, levantar a cabe\u00e7a, se motivar a partir do privil\u00e9gio de mais um dia, esticar a m\u00e3o e trazer mais algu\u00e9m de modo a fazer com que tenhamos um mundo mais humanizado a partir de nossas atitudes, se cada um de n\u00f3s come\u00e7ar a se transformar e se inovar com certeza n\u00f3s vamos utilizar melhor a m\u00e1quina, a inova\u00e7\u00e3o tecnol\u00f3gica, para servir, fortalecer, para atender&nbsp; as pessoas, para sermos mais m\u00e3e, mais protetora, mais guia, mais cuidador do outro ser humano. Ali\u00e1s, eu quero que as mulheres entendam isso, pois penso que, as mulheres s\u00e3o os mensageiros desse novo normal, a mulher tem sensibilidade, grandeza humana, a mulher \u00e9 criadora, n\u00f3s somos criaturas, elas possuem uma capacidade gigante para nos ensinar a reencontrar o caminho da humaniza\u00e7\u00e3o, da fam\u00edlia, da base, dos valores, da espiritualidade, do \u201cDeus\u201d que est\u00e1 dentro de cada um de n\u00f3s, espero que as pessoas olhem para dentro e se tornem um ser humano melhor.<\/p>\n\n\n\n<p><strong><em>Sobre<\/em><\/strong>:<\/p>\n\n\n\n<p><strong>&nbsp; Geraldo Rufino<\/strong> iniciou sua vida profissional trabalhando como catador de lixo recicl\u00e1vel e, depois de montar diversos neg\u00f3cios e quebrar algumas vezes, voltou \u00e0s origens e fundou a primeira e maior empresa de reciclagem de pe\u00e7as de caminh\u00f5es do Brasil e da Am\u00e9rica Latina, a JR Diesel. Atua como palestrante pelo Brasil e \u00e9 autor do livro O catador de sonhos, tamb\u00e9m publicado pela Editora Gente.<\/p>\n","protected":false},"excerpt":{"rendered":"<p>\u00a0\u00a0Em um bate-papo bem descontra\u00eddo, o empres\u00e1rio discorreu amplamente, sobre sua hist\u00f3ria de vida, supera\u00e7\u00f5es&#8230;<\/p>\n","protected":false},"author":2,"featured_media":12487,"comment_status":"closed","ping_status":"open","sticky":false,"template":"","format":"standard","meta":{"om_disable_all_campaigns":false,"_monsterinsights_skip_tracking":false,"_monsterinsights_sitenote_active":false,"_monsterinsights_sitenote_note":"","_monsterinsights_sitenote_category":0,"spay_email":""},"categories":[26,31],"tags":[143,803,804],"jetpack_featured_media_url":"https:\/\/vimagazine.com.br\/wp-content\/uploads\/2024\/02\/5cdc359c-04da-4b2b-a120-a4fb084482f2.jpg","_links":{"self":[{"href":"https:\/\/vimagazine.com.br\/index.php?rest_route=\/wp\/v2\/posts\/12484"}],"collection":[{"href":"https:\/\/vimagazine.com.br\/index.php?rest_route=\/wp\/v2\/posts"}],"about":[{"href":"https:\/\/vimagazine.com.br\/index.php?rest_route=\/wp\/v2\/types\/post"}],"author":[{"embeddable":true,"href":"https:\/\/vimagazine.com.br\/index.php?rest_route=\/wp\/v2\/users\/2"}],"replies":[{"embeddable":true,"href":"https:\/\/vimagazine.com.br\/index.php?rest_route=%2Fwp%2Fv2%2Fcomments&post=12484"}],"version-history":[{"count":1,"href":"https:\/\/vimagazine.com.br\/index.php?rest_route=\/wp\/v2\/posts\/12484\/revisions"}],"predecessor-version":[{"id":12488,"href":"https:\/\/vimagazine.com.br\/index.php?rest_route=\/wp\/v2\/posts\/12484\/revisions\/12488"}],"wp:featuredmedia":[{"embeddable":true,"href":"https:\/\/vimagazine.com.br\/index.php?rest_route=\/wp\/v2\/media\/12487"}],"wp:attachment":[{"href":"https:\/\/vimagazine.com.br\/index.php?rest_route=%2Fwp%2Fv2%2Fmedia&parent=12484"}],"wp:term":[{"taxonomy":"category","embeddable":true,"href":"https:\/\/vimagazine.com.br\/index.php?rest_route=%2Fwp%2Fv2%2Fcategories&post=12484"},{"taxonomy":"post_tag","embeddable":true,"href":"https:\/\/vimagazine.com.br\/index.php?rest_route=%2Fwp%2Fv2%2Ftags&post=12484"}],"curies":[{"name":"wp","href":"https:\/\/api.w.org\/{rel}","templated":true}]}}