{"id":12630,"date":"2024-02-15T17:40:56","date_gmt":"2024-02-15T20:40:56","guid":{"rendered":"https:\/\/vimagazine.com.br\/?p=12630"},"modified":"2024-02-15T17:40:58","modified_gmt":"2024-02-15T20:40:58","slug":"3-premio-aci-ocesc-de-jornalismo-tera-transmissao-ao-vivo-pela-tval-e-vai-homenagear-reporter-que-cobre-guerras","status":"publish","type":"post","link":"https:\/\/vimagazine.com.br\/?p=12630","title":{"rendered":"3\u00b0 Pr\u00eamio ACI OCESC de Jornalismo ter\u00e1 transmiss\u00e3o ao vivo pela TVAL e vai homenagear rep\u00f3rter que cobre guerras"},"content":{"rendered":"\n<p class=\"has-text-align-center\"><strong>Evento ser\u00e1 dia 27 e vai pagar ao todo mais de R$ 92 mil aos vencedores<\/strong><\/p>\n\n\n\n<p class=\"has-text-align-center\">A Associa\u00e7\u00e3o Catarinense de Imprensa (ACI) &#8211; Casa do Jornalista promove no pr\u00f3ximo dia 27 a entrega do 3\u00b0 Pr\u00eamio ACI OCESC de Jornalismo.<\/p>\n\n\n\n<p class=\"has-text-align-center\"> O evento ser\u00e1 na Assembleia Legislativa de Santa Catarina, em Florian\u00f3polis, com transmiss\u00e3o ao vivo, e vai homenagear tamb\u00e9m o rep\u00f3rter Yan Boechat, refer\u00eancia em coberturas de guerras e \u00e1reas de conflito e ganhador do Pr\u00eamio Vladimir Herzog. <\/p>\n\n\n\n<p class=\"has-text-align-center\">Ser\u00e3o premiados 21 trabalhos de profissionais e estudantes de jornalismo em sete categorias: Cooperativismo, \u00c1udio, Texto, V\u00eddeo, Fotojornalismo, Jornalismo Universit\u00e1rio e Webjornalismo, novidade da 3\u00b0 edi\u00e7\u00e3o do pr\u00eamio.<\/p>\n\n\n\n<p class=\"has-text-align-center\"><strong>Ao todo, os premiados receber\u00e3o um valor aproximado de R$ 92 mil reais.<\/strong><\/p>\n\n\n\n<p class=\"has-text-align-center\"> O primeiro lugar em cada uma das sete categorias tamb\u00e9m ganhar\u00e1 um trof\u00e9u impresso em 3D, desenvolvido pela FabLab Campeche e Pronto 3D, da Faculdade SATC.<\/p>\n\n\n\n<p class=\"has-text-align-center\">\u201cReconhecer as boas reportagens produzidas por profissionais de todo o estado \u00e9 uma forma de valorizar o jornalismo e o trabalho dos jornalistas que est\u00e3o na linha de frente da not\u00edcia.<\/p>\n\n\n\n<p class=\"has-text-align-center\"> Estamos na terceira edi\u00e7\u00e3o do pr\u00eamio, mas \u00e9 muito gratificante receber centenas de trabalhos a cada ano e perceber a grande qualidade do jornalista catarinense\u201d, diz a presidente da ACI, jornalista D\u00e9borah Almada.<\/p>\n\n\n\n<p class=\"has-text-align-center\">A comiss\u00e3o organizadora \u00e9 presidida pela diretora da entidade, J\u00falia Pitthan, e tem ainda a participa\u00e7\u00e3o dos jornalistas Edgar Gon\u00e7alves, Rosemeri Laurindo e Amanda Miranda. <\/p>\n\n\n\n<p class=\"has-text-align-center\">A avalia\u00e7\u00e3o dos trabalhos \u00e9 feita por uma comiss\u00e3o de jornalistas renomados, formada por professores e representantes de alguns dos principais ve\u00edculos de comunica\u00e7\u00e3o do Pa\u00eds.<\/p>\n\n\n\n<p class=\"has-text-align-center\">\u201cO pr\u00eamio j\u00e1 \u00e9 um dos mais importantes do Estado, valorizando e reconhecendo os bons comunicadores do nosso estado. <\/p>\n\n\n\n<p class=\"has-text-align-center\">Todos temos a ganhar, os profissionais, que recebem mais um incentivo a esta importante profiss\u00e3o; a sociedade, que se mant\u00e9m bem-informada; e o cooperativismo que refor\u00e7a cada vez mais os la\u00e7os com o povo catarinense\u201d, comemora o presidente do Sistema OCESC, Luiz Vicente Suzin.<\/p>\n\n\n\n<p class=\"has-text-align-center\">O evento \u00e9 uma co-realiza\u00e7\u00e3o da Associa\u00e7\u00e3o Catarinense de Imprensa e Organiza\u00e7\u00e3o das Cooperativas do Estado de Santa Catarina (OCESC), com apoio da Assembleia Legislativa de Santa Catarina, Sindicato dos Fiscais da Fazenda do Estado de Santa Catarina (SINDIFISCO) e Al\u00ednea Urbanismo.<\/p>\n\n\n\n<p class=\"has-text-align-center\"><strong>SOBRE O HOMENAGEADO<\/strong><\/p>\n\n\n\n<p class=\"has-text-align-center\">Yan Boechat \u00e9 formado em Jornalismo pela Universidade Federal de Santa Catarina e tem mais de 20 anos de experi\u00eancia nos principais ve\u00edculos de comunica\u00e7\u00e3o do pa\u00eds. <\/p>\n\n\n\n<p class=\"has-text-align-center\">O profissional atuou em diversas \u00e1reas de cobertura, como economia, pol\u00edtica e geopol\u00edtica e ganhou grande destaque pelas coberturas realizadas em \u00e1reas de conflito no Oriente M\u00e9dio e na \u00c1frica, e tem em sua bagagem profissional pr\u00eamios como Vladimir Herzog.<\/p>\n\n\n\n<p class=\"has-text-align-center\">Conhe\u00e7a os finalistas em ordem alfab\u00e9tica (nome do autor):<\/p>\n\n\n\n<p class=\"has-text-align-center\">V\u00cdDEO<\/p>\n\n\n\n<p class=\"has-text-align-center\">\u201cRotas Catarinenses\u201d | NSC TV | Autor: Jean Raupp<\/p>\n\n\n\n<p class=\"has-text-align-center\">\u201cSupremacia \u00e0 meia-luz: os terr\u00edveis caminhos do neonazismo em Santa Catarina\u201d | SCC SBT | Autor: Paulo Henrique<\/p>\n\n\n\n<p class=\"has-text-align-center\">\u201cS\u00e9rie \u2018A Vida com Vida\u2019\u201d | NSC TV | Autor: Ricardo Von Dorff<\/p>\n\n\n\n<p class=\"has-text-align-center\">TEXTO<\/p>\n\n\n\n<p class=\"has-text-align-center\">\u201cProfessora \u00e9 perseguida por apoiar inclus\u00e3o de aluna trans em escola p\u00fablica de Florian\u00f3polis\u201d | Catarinas | Autora: Fernanda Pessoa<\/p>\n\n\n\n<p class=\"has-text-align-center\">\u201cKM por KM\u201d| NSC Total | Autor: Paulo Batistella<\/p>\n\n\n\n<p class=\"has-text-align-center\">\u201c\u2018Defendemos nosso direito \u00e0 terra\u2019: os povos ind\u00edgenas do Brasil sa\u00fadam a vit\u00f3ria da Suprema Corte\u201d | The Guardian | Autora: Schirlei Alves<\/p>\n\n\n\n<p class=\"has-text-align-center\">COOPERATIVISMO<\/p>\n\n\n\n<p class=\"has-text-align-center\">\u201cO cooperativismo como motor da inova\u00e7\u00e3o: jovens empreendedores rurais transformando o campo\u201d | NDTV | Autor: Luan Vosnhak<\/p>\n\n\n\n<p class=\"has-text-align-center\">\u201cCooperativas do Bem\u201d | R\u00e1dio Peperi | Autor: Marcos Meller<\/p>\n\n\n\n<p class=\"has-text-align-center\">\u201cAgro, Sa\u00fade e Coopera\u00e7\u00e3o: Encadeamento Produtivo\u201d | NDTV | Autora: Tatiana Corr\u00eaa<\/p>\n\n\n\n<p class=\"has-text-align-center\">\u00c1UDIO<\/p>\n\n\n\n<p class=\"has-text-align-center\">\u201cS\u00e9rie Especial Literatura Catarinense\u201d | Posf\u00e1cio | Autora: Caroline Passos<\/p>\n\n\n\n<p class=\"has-text-align-center\">\u201cViol\u00eancia contra a mulher: est\u00e1 na hora de romper esse ciclo\u201d | R\u00e1dio Peperi | Autor: Marcos Andrei Meller<\/p>\n\n\n\n<p class=\"has-text-align-center\">\u201c\u00c9 de papel\u00e3o, Jorge?\u201d | V Vale | Autora: Wannessa Kelly Greyce Stenzel Ariatti<\/p>\n\n\n\n<p class=\"has-text-align-center\">WEBJORNALISMO<\/p>\n\n\n\n<p class=\"has-text-align-center\">\u201cSemanas ap\u00f3s conflito na barragem, comunidade ind\u00edgena de Jos\u00e9 Boiteux segue sem lar e com m\u00e9dica volunt\u00e1ria\u201d | O Munic\u00edpio | Autora: Alice Kienen<\/p>\n\n\n\n<p class=\"has-text-align-center\">\u201cSC e os extremos do clima: Onde tudo acontece\u201d | NSC Total | Autora: Bianca Bertoli<\/p>\n\n\n\n<p class=\"has-text-align-center\">\u201cCannabis: De droga a rem\u00e9dio\u201d | NSC Total | Autora: Fernanda Mueller<\/p>\n\n\n\n<p class=\"has-text-align-center\">FOTOJORNALISMO<\/p>\n\n\n\n<p class=\"has-text-align-center\">\u201cSer travesti \u00e9 op\u00e7\u00e3o pol\u00edtica\u201d, diz major que pode ser expulsa da PM\u201d | UOL | Autor: Caio Cezar<\/p>\n\n\n\n<p class=\"has-text-align-center\">\u201cDefendemos o nosso direito \u00e0 terra\u201d: Ind\u00edgenas do Brasil aclamam vit\u00f3ria do Supremo Tribunal Federal | The Guardian | Autor: Daniel Marenco<\/p>\n\n\n\n<p class=\"has-text-align-center\">\u201cSanta Catarina tem 136 munic\u00edpios com registro de ocorr\u00eancias e mant\u00e9m 89 cidades em situa\u00e7\u00e3o de emerg\u00eancia\u201d | Governo do Estado de SC | Autor: Marco Favero<\/p>\n\n\n\n<p class=\"has-text-align-center\">UNIVERSIT\u00c1RIO<\/p>\n\n\n\n<p class=\"has-text-align-center\">\u201cAs cicatrizes de um sequestro eterno\u201d | UniSatc | Autora: Caroline Valnier Sartori<\/p>\n\n\n\n<p class=\"has-text-align-center\">\u201cUma Hist\u00f3ria de Sil\u00eancios\u201d | UFSC | Autora: J\u00falia Matos<\/p>\n\n\n\n<p class=\"has-text-align-center\">\u201cLa\u00e7os de Fam\u00edlia: A presen\u00e7a pol\u00eamica da Constela\u00e7\u00e3o Familiar nas institui\u00e7\u00f5es p\u00fablicas brasileiras\u201d | UFSC | Autora: Karoline Bernardi<\/p>\n\n\n\n<p class=\"has-text-align-center\">SERVI\u00c7O<\/p>\n\n\n\n<p class=\"has-text-align-center\">O qu\u00ea: Entrega do 3\u00ba Pr\u00eamio ACI OCESC de Jornalismo<\/p>\n\n\n\n<p class=\"has-text-align-center\">Quando: 27 de fevereiro, \u00e0s 19h<\/p>\n\n\n\n<p class=\"has-text-align-center\">Onde: Assembleia Legislativa do Estado de Santa Catarina. Rua Dr. Jorge Luiz Fontes, 310 &#8211; Centro &#8211; Florian\u00f3polis.<\/p>\n\n\n\n<p class=\"has-text-align-center\">Fonte:   <strong>Guilherme Diefenthaeler<\/strong><\/p>\n\n\n\n<p class=\"has-text-align-center\"><strong> (reg. prof. 6207\/RS).<\/strong><\/p>\n\n\n\n<p><\/p>\n","protected":false},"excerpt":{"rendered":"<p>Evento ser\u00e1 dia 27 e vai pagar ao todo mais de R$ 92 mil aos&#8230;<\/p>\n","protected":false},"author":3,"featured_media":12631,"comment_status":"closed","ping_status":"open","sticky":false,"template":"","format":"standard","meta":{"om_disable_all_campaigns":false,"_monsterinsights_skip_tracking":false,"_monsterinsights_sitenote_active":false,"_monsterinsights_sitenote_note":"","_monsterinsights_sitenote_category":0,"spay_email":""},"categories":[1],"tags":[],"jetpack_featured_media_url":"https:\/\/vimagazine.com.br\/wp-content\/uploads\/2024\/02\/WhatsApp-Image-2024-02-14-at-20.00.29.jpeg","_links":{"self":[{"href":"https:\/\/vimagazine.com.br\/index.php?rest_route=\/wp\/v2\/posts\/12630"}],"collection":[{"href":"https:\/\/vimagazine.com.br\/index.php?rest_route=\/wp\/v2\/posts"}],"about":[{"href":"https:\/\/vimagazine.com.br\/index.php?rest_route=\/wp\/v2\/types\/post"}],"author":[{"embeddable":true,"href":"https:\/\/vimagazine.com.br\/index.php?rest_route=\/wp\/v2\/users\/3"}],"replies":[{"embeddable":true,"href":"https:\/\/vimagazine.com.br\/index.php?rest_route=%2Fwp%2Fv2%2Fcomments&post=12630"}],"version-history":[{"count":1,"href":"https:\/\/vimagazine.com.br\/index.php?rest_route=\/wp\/v2\/posts\/12630\/revisions"}],"predecessor-version":[{"id":12632,"href":"https:\/\/vimagazine.com.br\/index.php?rest_route=\/wp\/v2\/posts\/12630\/revisions\/12632"}],"wp:featuredmedia":[{"embeddable":true,"href":"https:\/\/vimagazine.com.br\/index.php?rest_route=\/wp\/v2\/media\/12631"}],"wp:attachment":[{"href":"https:\/\/vimagazine.com.br\/index.php?rest_route=%2Fwp%2Fv2%2Fmedia&parent=12630"}],"wp:term":[{"taxonomy":"category","embeddable":true,"href":"https:\/\/vimagazine.com.br\/index.php?rest_route=%2Fwp%2Fv2%2Fcategories&post=12630"},{"taxonomy":"post_tag","embeddable":true,"href":"https:\/\/vimagazine.com.br\/index.php?rest_route=%2Fwp%2Fv2%2Ftags&post=12630"}],"curies":[{"name":"wp","href":"https:\/\/api.w.org\/{rel}","templated":true}]}}