{"id":12633,"date":"2024-02-15T18:32:36","date_gmt":"2024-02-15T21:32:36","guid":{"rendered":"https:\/\/vimagazine.com.br\/?p=12633"},"modified":"2024-02-15T18:32:38","modified_gmt":"2024-02-15T21:32:38","slug":"influencer-fabricio-lisboa-curte-o-carnaval-paulista-em-trio-eletrico-da-amstel","status":"publish","type":"post","link":"https:\/\/vimagazine.com.br\/?p=12633","title":{"rendered":"Influencer Fabr\u00edcio Lisboa curte o carnaval paulista, em Trio El\u00e9trico da Amstel\u00a0"},"content":{"rendered":"\n<p class=\"has-text-align-center\">O cantor e influencer Fabr\u00edcio Lisboa, foi convidado pela Amstel para curtir o carnaval em cima de um trio-el\u00e9trico, patrocinado pela cerveja Amstel em plena Av Faria Lima, no Itaim Bibi, no \u00faltimo dia 12 de fevereiro (segunda-feira).<\/p>\n\n\n\n<p class=\"has-text-align-center\">Em uma surpreendente participa\u00e7\u00e3o no Carnaval de S\u00e3o Paulo, Fabr\u00edcio Lisboa pode compartilhar essa aventura, que teve em cima de um trio el\u00e9trico.<\/p>\n\n\n\n<p class=\"has-text-align-center\"> Logo quando chegou por volta das 13 horas, percebeu que o evento estava bem organizado, com muitos seguran\u00e7as e \u00e1gua sendo distribu\u00edda gratuitamente, por todo o espa\u00e7o. <\/p>\n\n\n\n<p class=\"has-text-align-center\">Distribu\u00edram tamb\u00e9m alguns mimos como: bon\u00e9s , copos , lanchinhos etc. Tudo isso proporcionando uma experi\u00eancia \u00fanica a todos os foli\u00f5es no local.<\/p>\n\n\n\n<p class=\"has-text-align-center\"> A atmosfera festiva ganhou uma pitada de tecnologia e interatividade, tiveram m\u00fasicas nacionais remixadas e marcantes, com direito a m\u00fasico instrumentista em cima do trio, marcando esta segunda-feira de carnaval, com uma festa inesquec\u00edvel.<\/p>\n\n\n\n<p class=\"has-text-align-center\">O trio el\u00e9trico, adornado com elementos futuristas, era uma explos\u00e3o de luzes e cores, refletindo a energia contagiante, que o evento trouxe para o p\u00fablico. <\/p>\n\n\n\n<p class=\"has-text-align-center\">V\u00e1rios DJs incr\u00edveis: DJ Dre Guazzelli; DJ Jonas blue e DJ Ownboss, conhecidos por sua versatilidade.Tudo pensado com muito carinho e dedica\u00e7\u00e3o para surpreender o p\u00fablico e convidados, ao interagir de forma din\u00e2mica com os presentes.<\/p>\n\n\n\n<p class=\"has-text-align-center\">Em cima e em baixo do trio e sempre ao lado da Amstel, Fabr\u00edcio pulou , agitou o p\u00fablico com os demais artistas e influencers renomados do cen\u00e1rio nacional.<\/p>\n\n\n\n<p class=\"has-text-align-center\"> Dentre eles se fizeram presentes a humorista Paloma Sousa; a influenciadora Cassia Silva; a dan\u00e7arina Julia que compartilhou o palco, garantindo uma mistura envolvente de tecnologia, dan\u00e7a, m\u00fasica e muita divers\u00e3o.<\/p>\n\n\n\n<p class=\"has-text-align-center\"> A presen\u00e7a do fot\u00f3grafo Halyson Cardoso se tornou sensacional com a multid\u00e3o vibrando ao som das batidas.<\/p>\n\n\n\n<p class=\"has-text-align-center\">O Carnaval de S\u00e3o Paulo ganhou um toque de modernidade e inova\u00e7\u00e3o, deixando sua marca na hist\u00f3ria da folia paulistana.<\/p>\n\n\n\n<p class=\"has-text-align-center\"> \u201cO Bloco S\u00e1bado Dr e Tarde e a Amstel promoveram um espet\u00e1culo de\u00a0 tecnologia\u201d, pontua Fabr\u00edcio. Tudo foi sensacional e perfeitamente compat\u00edvel com a tradi\u00e7\u00e3o carnavalesca, criando uma celebra\u00e7\u00e3o \u00fanica que ser\u00e1 lembrada por muito tempo, enaltece o influencer que est\u00e1 a disposi\u00e7\u00e3o para pr\u00f3ximos convites e participa\u00e7\u00f5es.<\/p>\n\n\n\n<p class=\"has-text-align-center\"><strong>Mais informa\u00e7\u00f5es<\/strong><\/p>\n\n\n\n<p class=\"has-text-align-center\">Instagram da Amstel:&nbsp; @AMSTELBR<\/p>\n\n\n\n<p class=\"has-text-align-center\">Instagram do cantor e influecer Fabr\u00edcio Lisbo: @fabriciollisboa<\/p>\n","protected":false},"excerpt":{"rendered":"<p>O cantor e influencer Fabr\u00edcio Lisboa, foi convidado pela Amstel para curtir o carnaval em&#8230;<\/p>\n","protected":false},"author":3,"featured_media":12634,"comment_status":"closed","ping_status":"open","sticky":false,"template":"","format":"standard","meta":{"om_disable_all_campaigns":false,"_monsterinsights_skip_tracking":false,"_monsterinsights_sitenote_active":false,"_monsterinsights_sitenote_note":"","_monsterinsights_sitenote_category":0,"spay_email":""},"categories":[1],"tags":[],"jetpack_featured_media_url":"https:\/\/vimagazine.com.br\/wp-content\/uploads\/2024\/02\/Influencer-Fabricio-Lisboa-no-Trio-Eletrico-da-Amstel-em-SP-durante-o-carnaval-e1708032651918.jpg","_links":{"self":[{"href":"https:\/\/vimagazine.com.br\/index.php?rest_route=\/wp\/v2\/posts\/12633"}],"collection":[{"href":"https:\/\/vimagazine.com.br\/index.php?rest_route=\/wp\/v2\/posts"}],"about":[{"href":"https:\/\/vimagazine.com.br\/index.php?rest_route=\/wp\/v2\/types\/post"}],"author":[{"embeddable":true,"href":"https:\/\/vimagazine.com.br\/index.php?rest_route=\/wp\/v2\/users\/3"}],"replies":[{"embeddable":true,"href":"https:\/\/vimagazine.com.br\/index.php?rest_route=%2Fwp%2Fv2%2Fcomments&post=12633"}],"version-history":[{"count":1,"href":"https:\/\/vimagazine.com.br\/index.php?rest_route=\/wp\/v2\/posts\/12633\/revisions"}],"predecessor-version":[{"id":12635,"href":"https:\/\/vimagazine.com.br\/index.php?rest_route=\/wp\/v2\/posts\/12633\/revisions\/12635"}],"wp:featuredmedia":[{"embeddable":true,"href":"https:\/\/vimagazine.com.br\/index.php?rest_route=\/wp\/v2\/media\/12634"}],"wp:attachment":[{"href":"https:\/\/vimagazine.com.br\/index.php?rest_route=%2Fwp%2Fv2%2Fmedia&parent=12633"}],"wp:term":[{"taxonomy":"category","embeddable":true,"href":"https:\/\/vimagazine.com.br\/index.php?rest_route=%2Fwp%2Fv2%2Fcategories&post=12633"},{"taxonomy":"post_tag","embeddable":true,"href":"https:\/\/vimagazine.com.br\/index.php?rest_route=%2Fwp%2Fv2%2Ftags&post=12633"}],"curies":[{"name":"wp","href":"https:\/\/api.w.org\/{rel}","templated":true}]}}