{"id":12642,"date":"2024-02-16T13:39:46","date_gmt":"2024-02-16T16:39:46","guid":{"rendered":"https:\/\/vimagazine.com.br\/?p=12642"},"modified":"2024-02-16T13:39:47","modified_gmt":"2024-02-16T16:39:47","slug":"evento-sobre-inteligencia-artificial-reunira-empresarios-catarinenses-em-sao-paulo","status":"publish","type":"post","link":"https:\/\/vimagazine.com.br\/?p=12642","title":{"rendered":"Evento sobre Intelig\u00eancia Artificial reunir\u00e1 empres\u00e1rios catarinenses em S\u00e3o Paulo"},"content":{"rendered":"\n<p><\/p>\n\n\n\n<p class=\"has-medium-font-size\"><strong>LIDE Next acontecer\u00e1 dia 22 de Fevereiro na Casa LIDE S\u00e3o Paulo, na Av. Faria Lima<\/strong><\/p>\n\n\n\n<p><\/p>\n\n\n\n<p>O f\u00f3rum LIDE Next tem como objetivo reunir grandes empres\u00e1rios e renomados especialistas que definem as tend\u00eancias tecnol\u00f3gicas sobre os novos modelos de neg\u00f3cios, para discutir inova\u00e7\u00f5es que transformar\u00e3o o mundo nos pr\u00f3ximos anos. Um debate sobre a import\u00e2ncia da tecnologia com os principais executivos do segmento no Brasil.<\/p>\n\n\n\n<p>De Santa Catarina, participar\u00e3o os empres\u00e1rios S\u00e9rgio Brincas, Diretor-Presidente do Hospital Baia Sul e Presidente do LIDE Sa\u00fade e Bem-estar SC, Felippe Prates, CEO da Novalogic, Erick Isoppo, CEO da IDB do Brasil, Valda Stange, CEO da TOPMed e Presidente do LIDE Inova\u00e7\u00e3o Corporativa SC, Denise Maidanchen, CEO da Quanta Previd\u00eancia e Presidente do LIDE Mulher SC, Elisa Olsen, Vice Presidente da Olsen Industria e Comercio, Valton Werner, CEO do Floripa Square e Presidente LIDE Tend\u00eancias SC.<\/p>\n\n\n\n<p>A programa\u00e7\u00e3o do evento debater\u00e1 o impacto da Intelig\u00eancia Artifical no setor produtivo e na sociedade como um todo. Quais s\u00e3o os recursos, desafios, limites e benef\u00edcios das novas tecnologias, para empresas, marcas e para as pessoas.<\/p>\n\n\n\n<p>Entre os especialistas convidados, nomes como Rodrigo Sanchez, diretor-executivo da ClearSale, Carolina Sans\u00e3o, diretora de inova\u00e7\u00e3o, tecnologia e cybersecurity da Febraban, Gustavo Ipschpe, CEO da Bigdata, Alexandre Cezilla, diretor do Burger King, Daniel Cocenzo, diretor da AmBev, Fernando Mazarolo, VP do Z\u00e9 Delivery, Patr\u00edcia Ellen, e presidente do LIDE Tecnologia.<\/p>\n\n\n\n<p><\/p>\n\n\n\n<p>Foto: Divulga\u00e7\u00e3o<\/p>\n","protected":false},"excerpt":{"rendered":"<p>LIDE Next acontecer\u00e1 dia 22 de Fevereiro na Casa LIDE S\u00e3o Paulo, na Av. Faria&#8230;<\/p>\n","protected":false},"author":1,"featured_media":12643,"comment_status":"closed","ping_status":"open","sticky":false,"template":"","format":"standard","meta":{"om_disable_all_campaigns":false,"_monsterinsights_skip_tracking":false,"_monsterinsights_sitenote_active":false,"_monsterinsights_sitenote_note":"","_monsterinsights_sitenote_category":0,"spay_email":""},"categories":[27,1],"tags":[],"jetpack_featured_media_url":"https:\/\/vimagazine.com.br\/wp-content\/uploads\/2024\/02\/WhatsApp-Image-2024-02-16-at-13.36.08.jpeg","_links":{"self":[{"href":"https:\/\/vimagazine.com.br\/index.php?rest_route=\/wp\/v2\/posts\/12642"}],"collection":[{"href":"https:\/\/vimagazine.com.br\/index.php?rest_route=\/wp\/v2\/posts"}],"about":[{"href":"https:\/\/vimagazine.com.br\/index.php?rest_route=\/wp\/v2\/types\/post"}],"author":[{"embeddable":true,"href":"https:\/\/vimagazine.com.br\/index.php?rest_route=\/wp\/v2\/users\/1"}],"replies":[{"embeddable":true,"href":"https:\/\/vimagazine.com.br\/index.php?rest_route=%2Fwp%2Fv2%2Fcomments&post=12642"}],"version-history":[{"count":1,"href":"https:\/\/vimagazine.com.br\/index.php?rest_route=\/wp\/v2\/posts\/12642\/revisions"}],"predecessor-version":[{"id":12644,"href":"https:\/\/vimagazine.com.br\/index.php?rest_route=\/wp\/v2\/posts\/12642\/revisions\/12644"}],"wp:featuredmedia":[{"embeddable":true,"href":"https:\/\/vimagazine.com.br\/index.php?rest_route=\/wp\/v2\/media\/12643"}],"wp:attachment":[{"href":"https:\/\/vimagazine.com.br\/index.php?rest_route=%2Fwp%2Fv2%2Fmedia&parent=12642"}],"wp:term":[{"taxonomy":"category","embeddable":true,"href":"https:\/\/vimagazine.com.br\/index.php?rest_route=%2Fwp%2Fv2%2Fcategories&post=12642"},{"taxonomy":"post_tag","embeddable":true,"href":"https:\/\/vimagazine.com.br\/index.php?rest_route=%2Fwp%2Fv2%2Ftags&post=12642"}],"curies":[{"name":"wp","href":"https:\/\/api.w.org\/{rel}","templated":true}]}}