{"id":12655,"date":"2024-02-19T16:22:47","date_gmt":"2024-02-19T19:22:47","guid":{"rendered":"https:\/\/vimagazine.com.br\/?p=12655"},"modified":"2024-02-19T16:22:48","modified_gmt":"2024-02-19T19:22:48","slug":"instituto-arte-maior-recebe-coral-de-meninos-da-suica","status":"publish","type":"post","link":"https:\/\/vimagazine.com.br\/?p=12655","title":{"rendered":"Instituto Arte Maior recebe coral de meninos da Su\u00ed\u00e7a"},"content":{"rendered":"\n<p class=\"has-text-align-center\"><strong>Em a\u00e7\u00e3o de interc\u00e2mbio cultural, participantes v\u00e3o se hospedar na casa de integrantes do coral joinvilense<\/strong><\/p>\n\n\n\n<p class=\"has-text-align-center\">A passagem por Joinville do Knabenkantorei Basel, coral de meninos cantores da cidade su\u00ed\u00e7a, que faz turn\u00ea pelo Sul do Brasil entre mar\u00e7o e abril, ser\u00e1 mais do que especial para os integrantes do Coral Infantojuvenil Arte Maior.<\/p>\n\n\n\n<p class=\"has-text-align-center\"> As fam\u00edlias dos jovens que participam do coral joinvilense est\u00e3o sendo convidadas para hospedar os meninos do grupo vindo da Su\u00ed\u00e7a, nos dois dias em que permanecer\u00e3o na cidade.<\/p>\n\n\n\n<p class=\"has-text-align-center\"> \u201cEstamos entusiasmados em proporcionar esta intera\u00e7\u00e3o aos nossos alunos\u201d, afirma F\u00e1bio Siqueira Martins, diretor administrativo do Instituto Arte Maior, ao qual o coral joinvilense \u00e9 vinculado. <\/p>\n\n\n\n<p class=\"has-text-align-center\">O grupo de artistas se apresenta no palco da Sociedade Harmonia Lyra no dia 2 de abril, \u00e0s 20h.<\/p>\n\n\n\n<p class=\"has-text-align-center\">A ponte com o Knabenkantorei foi resultado de uma aproxima\u00e7\u00e3o com o regente paulista Jos\u00e9 Alberto Corulli, que esteve no 4\u00ba Festival de Corais de Joinville, organizado pelo Instituto Arte Maior, em julho do ano passado.<\/p>\n\n\n\n<p class=\"has-text-align-center\"> Corulli est\u00e1 \u00e0 frente da turn\u00ea \u2013 que passa por oito cidades brasileiras \u2013, e, depois de conhecer o instituto, fez quest\u00e3o de incluir Joinville no roteiro, tamb\u00e9m por conta das ra\u00edzes su\u00ed\u00e7as do munic\u00edpio.<\/p>\n\n\n\n<p class=\"has-text-align-center\">O Coral de Meninos Cantores de Basel \u00e9 composto por 80 integrantes, entre meninos e rapazes. Fundado em 1927, originalmente como Meninos Cantores da Igreja Evang\u00e9lica Reformada do Estado de Basel, o grupo tornou-se uma entidade independente.<\/p>\n\n\n\n<p class=\"has-text-align-center\"> O repert\u00f3rio abrange desde a m\u00fasica sacra at\u00e9 a m\u00fasica profana, com um repert\u00f3rio que se estende de pe\u00e7as renascentistas a cappella aos grandes orat\u00f3rios rom\u00e2nticos, al\u00e9m de m\u00fasicas folcl\u00f3ricas e populares.<\/p>\n\n\n\n<figure class=\"wp-block-image size-large\"><img width=\"1024\" height=\"685\" src=\"https:\/\/vimagazine.com.br\/wp-content\/uploads\/2024\/02\/WhatsApp-Image-2024-02-19-at-07.54.19-1024x685.jpeg\" alt=\"\" class=\"wp-image-12657\" srcset=\"https:\/\/vimagazine.com.br\/wp-content\/uploads\/2024\/02\/WhatsApp-Image-2024-02-19-at-07.54.19-1024x685.jpeg 1024w, https:\/\/vimagazine.com.br\/wp-content\/uploads\/2024\/02\/WhatsApp-Image-2024-02-19-at-07.54.19-300x201.jpeg 300w, https:\/\/vimagazine.com.br\/wp-content\/uploads\/2024\/02\/WhatsApp-Image-2024-02-19-at-07.54.19-768x514.jpeg 768w, https:\/\/vimagazine.com.br\/wp-content\/uploads\/2024\/02\/WhatsApp-Image-2024-02-19-at-07.54.19.jpeg 1280w\" sizes=\"(max-width: 1024px) 100vw, 1024px\" \/><\/figure>\n\n\n\n<p class=\"has-text-align-center\">Em 2023. os rapazes do grupo foram premiados como Campe\u00f5es Europeus na categoria M\u00fasica Sacra com Acompanhamento no European Choir Games (ECG), em Norrk\u00f6ping, Su\u00e9cia, e ganharam o Grand Prix of Nations na mesma categoria. <\/p>\n\n\n\n<p class=\"has-text-align-center\">Enquanto isso, os meninos menores cantaram o War Requiem, de Benjamin Britten, no Stadtcasino Basel, no Tonhalle de Zurique e em L\u00fcneburg, na Alemanha.<\/p>\n\n\n\n<p class=\"has-text-align-center\">Com seus participantes como embaixadores musicais da Su\u00ed\u00e7a e da cultural cidade de Basel, o coral faz turn\u00eas ao redor do globo. <\/p>\n\n\n\n<p class=\"has-text-align-center\">As recentes turn\u00eas os levaram \u00e0 Ucr\u00e2nia, Roma, Canad\u00e1, Est\u00f4nia, Rep\u00fablica Tcheca, Eslov\u00e1quia, Noruega, Bielorr\u00fassia, Berlim, Inglaterra, Eslov\u00eania, \u00c1ustria, It\u00e1lia, Litu\u00e2nia, Su\u00e9cia e Finl\u00e2ndia.<\/p>\n\n\n\n<p class=\"has-text-align-center\">Assessoria de imprensa Instituto Arte Maior. Mercado de Comunica\u00e7\u00e3o. <\/p>\n\n\n\n<p class=\"has-text-align-center\">Atendimento: Guilherme Diefenthaeler <\/p>\n\n\n\n<p class=\"has-text-align-center\"> Ana Ribas Diefenthaeler.<\/p>\n\n\n\n<p class=\"has-text-align-center\"> WhatsApp (47) 98403-2745<\/p>\n\n\n\n<figure class=\"wp-block-image size-large\"><img width=\"778\" height=\"1024\" src=\"https:\/\/vimagazine.com.br\/wp-content\/uploads\/2024\/02\/WhatsApp-Image-2024-02-19-at-07.54.18-778x1024.jpeg\" alt=\"\" class=\"wp-image-12658\" srcset=\"https:\/\/vimagazine.com.br\/wp-content\/uploads\/2024\/02\/WhatsApp-Image-2024-02-19-at-07.54.18-778x1024.jpeg 778w, https:\/\/vimagazine.com.br\/wp-content\/uploads\/2024\/02\/WhatsApp-Image-2024-02-19-at-07.54.18-228x300.jpeg 228w, https:\/\/vimagazine.com.br\/wp-content\/uploads\/2024\/02\/WhatsApp-Image-2024-02-19-at-07.54.18-768x1011.jpeg 768w, https:\/\/vimagazine.com.br\/wp-content\/uploads\/2024\/02\/WhatsApp-Image-2024-02-19-at-07.54.18.jpeg 960w\" sizes=\"(max-width: 778px) 100vw, 778px\" \/><\/figure>\n\n\n\n<p><\/p>\n","protected":false},"excerpt":{"rendered":"<p>Em a\u00e7\u00e3o de interc\u00e2mbio cultural, participantes v\u00e3o se hospedar na casa de integrantes do coral&#8230;<\/p>\n","protected":false},"author":3,"featured_media":12656,"comment_status":"closed","ping_status":"open","sticky":false,"template":"","format":"standard","meta":{"om_disable_all_campaigns":false,"_monsterinsights_skip_tracking":false,"_monsterinsights_sitenote_active":false,"_monsterinsights_sitenote_note":"","_monsterinsights_sitenote_category":0,"spay_email":""},"categories":[1],"tags":[],"jetpack_featured_media_url":"https:\/\/vimagazine.com.br\/wp-content\/uploads\/2024\/02\/WhatsApp-Image-2024-02-19-at-07.54.18-1.jpeg","_links":{"self":[{"href":"https:\/\/vimagazine.com.br\/index.php?rest_route=\/wp\/v2\/posts\/12655"}],"collection":[{"href":"https:\/\/vimagazine.com.br\/index.php?rest_route=\/wp\/v2\/posts"}],"about":[{"href":"https:\/\/vimagazine.com.br\/index.php?rest_route=\/wp\/v2\/types\/post"}],"author":[{"embeddable":true,"href":"https:\/\/vimagazine.com.br\/index.php?rest_route=\/wp\/v2\/users\/3"}],"replies":[{"embeddable":true,"href":"https:\/\/vimagazine.com.br\/index.php?rest_route=%2Fwp%2Fv2%2Fcomments&post=12655"}],"version-history":[{"count":1,"href":"https:\/\/vimagazine.com.br\/index.php?rest_route=\/wp\/v2\/posts\/12655\/revisions"}],"predecessor-version":[{"id":12659,"href":"https:\/\/vimagazine.com.br\/index.php?rest_route=\/wp\/v2\/posts\/12655\/revisions\/12659"}],"wp:featuredmedia":[{"embeddable":true,"href":"https:\/\/vimagazine.com.br\/index.php?rest_route=\/wp\/v2\/media\/12656"}],"wp:attachment":[{"href":"https:\/\/vimagazine.com.br\/index.php?rest_route=%2Fwp%2Fv2%2Fmedia&parent=12655"}],"wp:term":[{"taxonomy":"category","embeddable":true,"href":"https:\/\/vimagazine.com.br\/index.php?rest_route=%2Fwp%2Fv2%2Fcategories&post=12655"},{"taxonomy":"post_tag","embeddable":true,"href":"https:\/\/vimagazine.com.br\/index.php?rest_route=%2Fwp%2Fv2%2Ftags&post=12655"}],"curies":[{"name":"wp","href":"https:\/\/api.w.org\/{rel}","templated":true}]}}