{"id":12705,"date":"2024-02-27T23:42:58","date_gmt":"2024-02-28T02:42:58","guid":{"rendered":"https:\/\/vimagazine.com.br\/?p=12705"},"modified":"2024-02-27T23:43:00","modified_gmt":"2024-02-28T02:43:00","slug":"geraldo-luis-bota-para-quebrar-e-eleva-a-audiencia-da-rede-tv-no-domingo","status":"publish","type":"post","link":"https:\/\/vimagazine.com.br\/?p=12705","title":{"rendered":"<strong>Geraldo Lu\u00eds bota para quebrar e eleva a audi\u00eancia da Rede TV, no Domingo<\/strong>"},"content":{"rendered":"\n<p>O programa Geral do Povo, apresentado pelo jornalista Geraldo Lu\u00eds, bombou nesse domingo e teve excelente audi\u00eancia chegando a dar 1,7 de pico em v\u00e1rios momentos.&nbsp; Desde que estreou o &#8220;Geral do povo, em janeiro, na Rede TV, o apresentador Geraldo Lu\u00eds est\u00e1 testando quadros, formas, criando pautas diferentes, homenageando antigos programas e levando alegria e muita divers\u00e3o aos domingos.<\/p>\n\n\n\n<p>Nenhum programa foi igual ao outro e a cada nova edi\u00e7\u00e3o, uma surpresa pode acontecer, o que agu\u00e7a a curiosidade dos telespectadores e dos f\u00e3s que n\u00e3o sabem o que esperar do programa. O Geral do povo \u00e9 quase uma catarse, uma mistura de tudo um pouco: no palco uma grande banda, dan\u00e7arinas, v\u00e1rios an\u00f5es, personagens e o DJ Jhon Sakra.<\/p>\n\n\n\n<p>A plateia (sempre com fantasias inusitadas) \u00e9 animada e diferenciada, com disposi\u00e7\u00e3o e vibra\u00e7\u00e3o enorme, o que faz com que o programa ganhe ares de carnaval o tempo todo. Geraldo Lu\u00eds tamb\u00e9m n\u00e3o fica por baixo: ele brinca dan\u00e7a e interage com a plateia quase o tempo todo, fazendo com que ela se torne tipo uma parte do elenco.<\/p>\n\n\n\n<p>Os musicais tamb\u00e9m s\u00e3o ecl\u00e9ticos, misturando novas gera\u00e7\u00f5es, com cantores e bandas de d\u00e9cadas atr\u00e1s. Nesse domingo a musical ficou a cargo do cantor de forr\u00f3 Frank Aguiar que incendiou a plateia com antigos sucessos.<\/p>\n\n\n\n<p>Durante o musical a audi\u00eancia aumentou, o demonstrou que existe a necessidade de mais m\u00fasica na televis\u00e3o, e disso Geraldo Lu\u00eds n\u00e3o abre m\u00e3o, j\u00e1 que o apresentador ama todos os estilos musicais e quer dar espa\u00e7o para todos eles e tamb\u00e9m para novos talentos.<\/p>\n\n\n\n<p>Pautas jornal\u00edsticas e hist\u00f3rias de lendas de terror tamb\u00e9m n\u00e3o devem ficar de fora do programa. A mat\u00e9ria da Bruxa de Sapol\u00e2ndia, por exemplo, produzida pelo jornalista Daniel Duran, e apresentada por Geraldo Lu\u00eds, contou a hist\u00f3ria de uma mulher nos anos 1970 que matava crian\u00e7as em Mato Grosso do Sul, e fincou excelentes picos de audi\u00eancia durante sua exibi\u00e7\u00e3o.<\/p>\n\n\n\n<p>1,7 foi uma excelente audi\u00eancia segundo os padr\u00f5es da emissora, mas Geraldo quer mais e promete trabalhar muito para elevar ainda mais os n\u00fameros. Geral do Povo \u00e9 exibido aos domingos, \u00e0s 17h30 pela Rede TV e tem dire\u00e7\u00e3o de Marlene Matos.<\/p>\n","protected":false},"excerpt":{"rendered":"<p>O programa Geral do Povo, apresentado pelo jornalista Geraldo Lu\u00eds, bombou nesse domingo e teve&#8230;<\/p>\n","protected":false},"author":2,"featured_media":12706,"comment_status":"closed","ping_status":"open","sticky":false,"template":"","format":"standard","meta":{"om_disable_all_campaigns":false,"_monsterinsights_skip_tracking":false,"_monsterinsights_sitenote_active":false,"_monsterinsights_sitenote_note":"","_monsterinsights_sitenote_category":0,"spay_email":""},"categories":[26,1],"tags":[420,807,782],"jetpack_featured_media_url":"https:\/\/vimagazine.com.br\/wp-content\/uploads\/2024\/02\/0763f0b5-7842-4f2b-87a1-86bcacf42536.jpg","_links":{"self":[{"href":"https:\/\/vimagazine.com.br\/index.php?rest_route=\/wp\/v2\/posts\/12705"}],"collection":[{"href":"https:\/\/vimagazine.com.br\/index.php?rest_route=\/wp\/v2\/posts"}],"about":[{"href":"https:\/\/vimagazine.com.br\/index.php?rest_route=\/wp\/v2\/types\/post"}],"author":[{"embeddable":true,"href":"https:\/\/vimagazine.com.br\/index.php?rest_route=\/wp\/v2\/users\/2"}],"replies":[{"embeddable":true,"href":"https:\/\/vimagazine.com.br\/index.php?rest_route=%2Fwp%2Fv2%2Fcomments&post=12705"}],"version-history":[{"count":1,"href":"https:\/\/vimagazine.com.br\/index.php?rest_route=\/wp\/v2\/posts\/12705\/revisions"}],"predecessor-version":[{"id":12707,"href":"https:\/\/vimagazine.com.br\/index.php?rest_route=\/wp\/v2\/posts\/12705\/revisions\/12707"}],"wp:featuredmedia":[{"embeddable":true,"href":"https:\/\/vimagazine.com.br\/index.php?rest_route=\/wp\/v2\/media\/12706"}],"wp:attachment":[{"href":"https:\/\/vimagazine.com.br\/index.php?rest_route=%2Fwp%2Fv2%2Fmedia&parent=12705"}],"wp:term":[{"taxonomy":"category","embeddable":true,"href":"https:\/\/vimagazine.com.br\/index.php?rest_route=%2Fwp%2Fv2%2Fcategories&post=12705"},{"taxonomy":"post_tag","embeddable":true,"href":"https:\/\/vimagazine.com.br\/index.php?rest_route=%2Fwp%2Fv2%2Ftags&post=12705"}],"curies":[{"name":"wp","href":"https:\/\/api.w.org\/{rel}","templated":true}]}}