{"id":12743,"date":"2024-02-29T06:43:51","date_gmt":"2024-02-29T09:43:51","guid":{"rendered":"https:\/\/vimagazine.com.br\/?p=12743"},"modified":"2024-02-29T06:44:50","modified_gmt":"2024-02-29T09:44:50","slug":"analice-nicolau-fala-sobre-a-relevancia-da-comunicacao-no-programa-sensacional","status":"publish","type":"post","link":"https:\/\/vimagazine.com.br\/?p=12743","title":{"rendered":"<strong>Analice Nicolau fala sobre a relev\u00e2ncia da comunica\u00e7\u00e3o no \u201cPrograma Sensacional\u201d<\/strong>"},"content":{"rendered":"\n<p>No \u00faltimo dia (27\/02), a jornalista, apresentadora, empres\u00e1ria e mentora de comunica\u00e7\u00e3o, Analice Nicolau, gravou sua participa\u00e7\u00e3o no &#8220;Programa Sensacional&#8221;, da apresentadora, Daniela Albuquerque, da RedeTV de Televis\u00e3o.<\/p>\n\n\n\n<figure class=\"wp-block-image size-large\"><img width=\"1024\" height=\"834\" src=\"https:\/\/vimagazine.com.br\/wp-content\/uploads\/2024\/02\/bbecf645-344f-4162-a9da-7ed8b4086e3b-1024x834.jpg\" alt=\"\" class=\"wp-image-12748\" srcset=\"https:\/\/vimagazine.com.br\/wp-content\/uploads\/2024\/02\/bbecf645-344f-4162-a9da-7ed8b4086e3b-1024x834.jpg 1024w, https:\/\/vimagazine.com.br\/wp-content\/uploads\/2024\/02\/bbecf645-344f-4162-a9da-7ed8b4086e3b-300x244.jpg 300w, https:\/\/vimagazine.com.br\/wp-content\/uploads\/2024\/02\/bbecf645-344f-4162-a9da-7ed8b4086e3b-768x625.jpg 768w, https:\/\/vimagazine.com.br\/wp-content\/uploads\/2024\/02\/bbecf645-344f-4162-a9da-7ed8b4086e3b-1536x1251.jpg 1536w, https:\/\/vimagazine.com.br\/wp-content\/uploads\/2024\/02\/bbecf645-344f-4162-a9da-7ed8b4086e3b.jpg 1600w\" sizes=\"(max-width: 1024px) 100vw, 1024px\" \/><\/figure>\n\n\n\n<p>Na oportunidade, a jornalista falou amplamente sobre a sua metodologia de comunica\u00e7\u00e3o, dentre outros fatores relevantes e necess\u00e1rios, para que um profissional tenha uma comunica\u00e7\u00e3o de excel\u00eancia.<\/p>\n\n\n\n<figure class=\"wp-block-image size-full\"><img width=\"934\" height=\"817\" src=\"https:\/\/vimagazine.com.br\/wp-content\/uploads\/2024\/02\/10ec42da-4dd8-4e67-a57e-2fd58b9449e2-1.jpg\" alt=\"\" class=\"wp-image-12746\" srcset=\"https:\/\/vimagazine.com.br\/wp-content\/uploads\/2024\/02\/10ec42da-4dd8-4e67-a57e-2fd58b9449e2-1.jpg 934w, https:\/\/vimagazine.com.br\/wp-content\/uploads\/2024\/02\/10ec42da-4dd8-4e67-a57e-2fd58b9449e2-1-300x262.jpg 300w, https:\/\/vimagazine.com.br\/wp-content\/uploads\/2024\/02\/10ec42da-4dd8-4e67-a57e-2fd58b9449e2-1-768x672.jpg 768w\" sizes=\"(max-width: 934px) 100vw, 934px\" \/><\/figure>\n\n\n\n<p>O programa ir\u00e1 ao ar no dia 07\/03, \u00e0s 22h pela RedeTV.<\/p>\n\n\n\n<p><strong><em>Sobre:<\/em><\/strong><\/p>\n\n\n\n<p><strong>Analice Nicolau<\/strong>, foi \u00e2ncora dos principais jornais do SBT durante 18 anos, atualmente \u00e9 CEO da empresa AN CONNECT, onde ajuda a melhorar a comunica\u00e7\u00e3o dos empres\u00e1rios e suas marcas, abrangendo, inclusive a parte de compliance da comunica\u00e7\u00e3o corporativa, \u00e9 jornalista e colunista do jornal de Bras\u00edlia, empres\u00e1ria, palestrante, presta Mentoria de Comunica\u00e7\u00e3o e MKT Digital e Rela\u00e7\u00f5es P\u00fablicas.<\/p>\n\n\n\n<p>Foto: divulga\u00e7\u00e3o<\/p>\n","protected":false},"excerpt":{"rendered":"<p>No \u00faltimo dia (27\/02), a jornalista, apresentadora, empres\u00e1ria e mentora de comunica\u00e7\u00e3o, Analice Nicolau, gravou&#8230;<\/p>\n","protected":false},"author":2,"featured_media":12744,"comment_status":"closed","ping_status":"open","sticky":false,"template":"","format":"standard","meta":{"om_disable_all_campaigns":false,"_monsterinsights_skip_tracking":false,"_monsterinsights_sitenote_active":false,"_monsterinsights_sitenote_note":"","_monsterinsights_sitenote_category":0,"spay_email":""},"categories":[26,1],"tags":[511,139,809],"jetpack_featured_media_url":"https:\/\/vimagazine.com.br\/wp-content\/uploads\/2024\/02\/296b68dd-9ace-42ac-8a1f-7d9cb997f8a5.jpg","_links":{"self":[{"href":"https:\/\/vimagazine.com.br\/index.php?rest_route=\/wp\/v2\/posts\/12743"}],"collection":[{"href":"https:\/\/vimagazine.com.br\/index.php?rest_route=\/wp\/v2\/posts"}],"about":[{"href":"https:\/\/vimagazine.com.br\/index.php?rest_route=\/wp\/v2\/types\/post"}],"author":[{"embeddable":true,"href":"https:\/\/vimagazine.com.br\/index.php?rest_route=\/wp\/v2\/users\/2"}],"replies":[{"embeddable":true,"href":"https:\/\/vimagazine.com.br\/index.php?rest_route=%2Fwp%2Fv2%2Fcomments&post=12743"}],"version-history":[{"count":2,"href":"https:\/\/vimagazine.com.br\/index.php?rest_route=\/wp\/v2\/posts\/12743\/revisions"}],"predecessor-version":[{"id":12749,"href":"https:\/\/vimagazine.com.br\/index.php?rest_route=\/wp\/v2\/posts\/12743\/revisions\/12749"}],"wp:featuredmedia":[{"embeddable":true,"href":"https:\/\/vimagazine.com.br\/index.php?rest_route=\/wp\/v2\/media\/12744"}],"wp:attachment":[{"href":"https:\/\/vimagazine.com.br\/index.php?rest_route=%2Fwp%2Fv2%2Fmedia&parent=12743"}],"wp:term":[{"taxonomy":"category","embeddable":true,"href":"https:\/\/vimagazine.com.br\/index.php?rest_route=%2Fwp%2Fv2%2Fcategories&post=12743"},{"taxonomy":"post_tag","embeddable":true,"href":"https:\/\/vimagazine.com.br\/index.php?rest_route=%2Fwp%2Fv2%2Ftags&post=12743"}],"curies":[{"name":"wp","href":"https:\/\/api.w.org\/{rel}","templated":true}]}}