{"id":12779,"date":"2024-03-01T13:05:54","date_gmt":"2024-03-01T16:05:54","guid":{"rendered":"https:\/\/vimagazine.com.br\/?p=12779"},"modified":"2024-03-01T13:05:55","modified_gmt":"2024-03-01T16:05:55","slug":"feira-gastronomica-itinerante-chega-ao-flamengo-com-edicao-especial-de-st-patricks-day","status":"publish","type":"post","link":"https:\/\/vimagazine.com.br\/?p=12779","title":{"rendered":"Feira Gastron\u00f4mica Itinerante chega ao Flamengo com edi\u00e7\u00e3o especial de St Patrick&#8217;s Day"},"content":{"rendered":"\n<p><\/p>\n\n\n\n<p class=\"has-medium-font-size\"><strong>Primeira vez da feira no Flamengo, edi\u00e7\u00e3o trar\u00e1 gastronomia, cervejas artesanais, m\u00fasica e programa\u00e7\u00e3o\u00a0para toda fam\u00edlia<\/strong><\/p>\n\n\n\n<p>Nos dias&nbsp;<strong>16 e 17 de mar\u00e7o<\/strong>, a&nbsp;<strong>Feira Gastron\u00f4mica Itinerante \u2013 FGI<\/strong>, apresenta aos cariocas sua&nbsp;<strong>edi\u00e7\u00e3o em comemora\u00e7\u00e3o ao St Patrick &#8216;s Day,<\/strong>&nbsp;com cerveja artesanal de produtores locais, gastronomia e muita anima\u00e7\u00e3o. A feira acontece no Aterro do Flamengo, posto 3. Entrada gratuita. Informa\u00e7\u00f5es pelo Instagram @<strong>feiragastronomicaitinerante.<\/strong><\/p>\n\n\n\n<p>As comemora\u00e7\u00f5es a S\u00e3o Patr\u00edcio, s\u00e3o tradicionais na Irlanda, mas, j\u00e1 ganharam o cora\u00e7\u00e3o dos brasileiros, com eventos em diversos lugares. Na oportunidade, o p\u00fablico contar\u00e1 com diversos<strong>&nbsp;<\/strong>r\u00f3tulos de cervejas artesanais, gastronomia variada, e muita m\u00fasica para agradar diferentes estilos musicais.<\/p>\n\n\n\n<p>Na programa\u00e7\u00e3o musical, os participantes contar\u00e3o com&nbsp;<strong>djs<\/strong>&nbsp;tocando os melhores hits do momento, al\u00e9m das bandas&nbsp;<strong>Roqueria Oficial<\/strong>, banda j\u00e1 conhecida na cena do rock carioca, sob o comando de Alexandre Amaral na voz, Eduardo Renatino na Guitarra, F\u00e1bio Oliveira&nbsp;e&nbsp;Joffre Almeida&nbsp;na bateria, com um repert\u00f3rio variado. Haver\u00e1 tamb\u00e9m a apresenta\u00e7\u00e3o da banda&nbsp;<strong>Vibe 021,<\/strong>&nbsp;nascida em Campo Grande e&nbsp;formada por 4 amigos: Alexia na voz, Pv (Paulo Vitor) na bateria, Rodrigo e Pelu (Pedro Lucas) nas guitarras, que tem ganhado o p\u00fablico com seu som; o&nbsp;<strong>cantor Gabriel Mezzalira<\/strong>&nbsp;e banda e a cantora&nbsp;<strong>Mary Jam<\/strong>&nbsp;e sua banda.<\/p>\n\n\n\n<p>E, n\u00e3o para por a\u00ed, o evento ainda conta com uma animada \u00c1rea Kids, onde os papais e mam\u00e3es poder\u00e3o se divertir em fam\u00edlia, levando seus filhos para aproveitar os brinquedos infl\u00e1veis, carrinhos el\u00e9tricos, bolhas de sab\u00e3o e muito mais.<\/p>\n\n\n\n<p>&nbsp;F\u00e1bio Loio, organizador da feira, conta a alegria de apresentar uma edi\u00e7\u00e3o no aterro do Flamengo, um lugar que para ele respira cultura, emoldurada pela natureza local.<\/p>\n\n\n\n<p>&#8220;Nosso trabalho \u00e9 realizado sempre com muito carinho aos cariocas, desde 2015, levando entretenimento e gastronomia por diversos bairros da cidade. Desejamos fomentar a economia criativa, promovendo oportunidade para produtores independentes, empreendedores da gastronomia, moda e artesanato. Que o p\u00fablico possa aproveitar nossa edi\u00e7\u00e3o&#8221;, conta.<\/p>\n\n\n\n<p>O evento conta com o apoio da Prefeitura do Rio e da Subprefeitura da Zona Sul.<\/p>\n\n\n\n<figure class=\"wp-container-2 wp-block-gallery-1 wp-block-gallery has-nested-images columns-2 is-cropped\">\n<figure class=\"wp-block-image size-medium\"><img width=\"300\" height=\"225\" data-id=\"12783\"  src=\"https:\/\/vimagazine.com.br\/wp-content\/uploads\/2024\/03\/Roqueria-Oficial_FGI-1-300x225.jpeg\" alt=\"\" class=\"wp-image-12783\" srcset=\"https:\/\/vimagazine.com.br\/wp-content\/uploads\/2024\/03\/Roqueria-Oficial_FGI-1-300x225.jpeg 300w, https:\/\/vimagazine.com.br\/wp-content\/uploads\/2024\/03\/Roqueria-Oficial_FGI-1-1024x768.jpeg 1024w, https:\/\/vimagazine.com.br\/wp-content\/uploads\/2024\/03\/Roqueria-Oficial_FGI-1-768x576.jpeg 768w, https:\/\/vimagazine.com.br\/wp-content\/uploads\/2024\/03\/Roqueria-Oficial_FGI-1.jpeg 1040w\" sizes=\"(max-width: 300px) 100vw, 300px\" \/><\/figure>\n\n\n\n<figure class=\"wp-block-image size-medium\"><img width=\"300\" height=\"251\" data-id=\"12784\"  src=\"https:\/\/vimagazine.com.br\/wp-content\/uploads\/2024\/03\/Vibe-021-Oficial-1-300x251.jpeg\" alt=\"\" class=\"wp-image-12784\" srcset=\"https:\/\/vimagazine.com.br\/wp-content\/uploads\/2024\/03\/Vibe-021-Oficial-1-300x251.jpeg 300w, https:\/\/vimagazine.com.br\/wp-content\/uploads\/2024\/03\/Vibe-021-Oficial-1-1024x857.jpeg 1024w, https:\/\/vimagazine.com.br\/wp-content\/uploads\/2024\/03\/Vibe-021-Oficial-1-768x643.jpeg 768w, https:\/\/vimagazine.com.br\/wp-content\/uploads\/2024\/03\/Vibe-021-Oficial-1.jpeg 1280w\" sizes=\"(max-width: 300px) 100vw, 300px\" \/><\/figure>\n\n\n\n<figure class=\"wp-block-image size-medium\"><img width=\"200\" height=\"300\" data-id=\"12785\"  src=\"https:\/\/vimagazine.com.br\/wp-content\/uploads\/2024\/03\/Gabriel-Mezzalira-1-200x300.jpeg\" alt=\"\" class=\"wp-image-12785\" srcset=\"https:\/\/vimagazine.com.br\/wp-content\/uploads\/2024\/03\/Gabriel-Mezzalira-1-200x300.jpeg 200w, https:\/\/vimagazine.com.br\/wp-content\/uploads\/2024\/03\/Gabriel-Mezzalira-1-682x1024.jpeg 682w, https:\/\/vimagazine.com.br\/wp-content\/uploads\/2024\/03\/Gabriel-Mezzalira-1-768x1153.jpeg 768w, https:\/\/vimagazine.com.br\/wp-content\/uploads\/2024\/03\/Gabriel-Mezzalira-1-1023x1536.jpeg 1023w, https:\/\/vimagazine.com.br\/wp-content\/uploads\/2024\/03\/Gabriel-Mezzalira-1-1024x1537.jpeg 1024w, https:\/\/vimagazine.com.br\/wp-content\/uploads\/2024\/03\/Gabriel-Mezzalira-1.jpeg 1066w\" sizes=\"(max-width: 200px) 100vw, 200px\" \/><\/figure>\n<\/figure>\n\n\n\n<p><strong>Confira a programa\u00e7\u00e3o:<\/strong><\/p>\n\n\n\n<p><strong>S\u00e1bado 16\/3<\/strong><\/p>\n\n\n\n<p>12h &#8211; In\u00edcio<\/p>\n\n\n\n<p>14h &#8211; Dj<\/p>\n\n\n\n<p>15h &#8211; Banda<\/p>\n\n\n\n<p>17h &#8211; Dj<\/p>\n\n\n\n<p>18h \u2013 Banda Roqueria Oficial<\/p>\n\n\n\n<p>20h \u2013 Gabriel Mezzalira<\/p>\n\n\n\n<p>21h \u2013 Dj + T\u00e9rmino&nbsp;<\/p>\n\n\n\n<p><strong>&nbsp;Domingo 17\/3<\/strong><\/p>\n\n\n\n<p>12h &#8211; In\u00edcio<\/p>\n\n\n\n<p>14h \u2013 Banda Vibe 021 Oficial<\/p>\n\n\n\n<p>15h &#8211; Dj<\/p>\n\n\n\n<p>17h &#8211; Dj<\/p>\n\n\n\n<p>18h \u2013 Mary Jam<\/p>\n\n\n\n<p>21h \u2013 Dj + T\u00e9rmino<\/p>\n\n\n\n<p>_____________________________________________ \/\/_______________________________________________________<\/p>\n\n\n\n<p><strong>Dias:&nbsp;<\/strong>16 e 17 de mar\u00e7o<\/p>\n\n\n\n<p><strong>Hor\u00e1rio:&nbsp;<\/strong>das 12h \u00e0s 21h<\/p>\n\n\n\n<p><strong>Entrada:&nbsp;<\/strong>gratuita<\/p>\n\n\n\n<p><strong>Realiza\u00e7\u00e3o: FGI &#8211; O sabor que move a cidade!<\/strong><\/p>\n\n\n\n<p><strong>Apoio:&nbsp;<\/strong>@prefeitura_rio e @subzonasul.rio<\/p>\n\n\n\n<p><strong>Local: Praia do Flamengo, posto 3.<\/strong><\/p>\n\n\n\n<p>#fgirio<\/p>\n\n\n\n<p>#stpatricksday<\/p>\n\n\n\n<p>#economiacriativa<\/p>\n\n\n\n<p>#feiragastronomicaitinerante<\/p>\n\n\n\n<p>#osaborquemoveacidade<\/p>\n\n\n\n<p>#flamengo #posto3flamengo&nbsp;#riodejaneiro<\/p>\n","protected":false},"excerpt":{"rendered":"<p>Primeira vez da feira no Flamengo, edi\u00e7\u00e3o trar\u00e1 gastronomia, cervejas artesanais, m\u00fasica e programa\u00e7\u00e3o\u00a0para toda&#8230;<\/p>\n","protected":false},"author":1,"featured_media":12786,"comment_status":"closed","ping_status":"open","sticky":false,"template":"","format":"standard","meta":{"om_disable_all_campaigns":false,"_monsterinsights_skip_tracking":false,"_monsterinsights_sitenote_active":false,"_monsterinsights_sitenote_note":"","_monsterinsights_sitenote_category":0,"spay_email":""},"categories":[27,1],"tags":[],"jetpack_featured_media_url":"https:\/\/vimagazine.com.br\/wp-content\/uploads\/2024\/03\/image001-1.jpg","_links":{"self":[{"href":"https:\/\/vimagazine.com.br\/index.php?rest_route=\/wp\/v2\/posts\/12779"}],"collection":[{"href":"https:\/\/vimagazine.com.br\/index.php?rest_route=\/wp\/v2\/posts"}],"about":[{"href":"https:\/\/vimagazine.com.br\/index.php?rest_route=\/wp\/v2\/types\/post"}],"author":[{"embeddable":true,"href":"https:\/\/vimagazine.com.br\/index.php?rest_route=\/wp\/v2\/users\/1"}],"replies":[{"embeddable":true,"href":"https:\/\/vimagazine.com.br\/index.php?rest_route=%2Fwp%2Fv2%2Fcomments&post=12779"}],"version-history":[{"count":1,"href":"https:\/\/vimagazine.com.br\/index.php?rest_route=\/wp\/v2\/posts\/12779\/revisions"}],"predecessor-version":[{"id":12787,"href":"https:\/\/vimagazine.com.br\/index.php?rest_route=\/wp\/v2\/posts\/12779\/revisions\/12787"}],"wp:featuredmedia":[{"embeddable":true,"href":"https:\/\/vimagazine.com.br\/index.php?rest_route=\/wp\/v2\/media\/12786"}],"wp:attachment":[{"href":"https:\/\/vimagazine.com.br\/index.php?rest_route=%2Fwp%2Fv2%2Fmedia&parent=12779"}],"wp:term":[{"taxonomy":"category","embeddable":true,"href":"https:\/\/vimagazine.com.br\/index.php?rest_route=%2Fwp%2Fv2%2Fcategories&post=12779"},{"taxonomy":"post_tag","embeddable":true,"href":"https:\/\/vimagazine.com.br\/index.php?rest_route=%2Fwp%2Fv2%2Ftags&post=12779"}],"curies":[{"name":"wp","href":"https:\/\/api.w.org\/{rel}","templated":true}]}}