{"id":12803,"date":"2024-03-01T19:46:18","date_gmt":"2024-03-01T22:46:18","guid":{"rendered":"https:\/\/vimagazine.com.br\/?p=12803"},"modified":"2024-03-01T19:46:20","modified_gmt":"2024-03-01T22:46:20","slug":"lideranca-e-empreendedorismo-feminino","status":"publish","type":"post","link":"https:\/\/vimagazine.com.br\/?p=12803","title":{"rendered":"Lideran\u00e7a e empreendedorismo feminino"},"content":{"rendered":"\n<p class=\"has-text-align-center\"><em>Estudo realizado pelo Talenses Group em parceria com o Insper, mostra que as mulheres passaram de 13% a 17% dos CEOs do pa\u00eds.<\/em><\/p>\n\n\n\n<figure class=\"wp-block-image size-full\"><img width=\"960\" height=\"716\" src=\"https:\/\/vimagazine.com.br\/wp-content\/uploads\/2024\/03\/c8d177f2-6653-495a-911e-6803972ae6f7.jpg\" alt=\"\" class=\"wp-image-12805\" srcset=\"https:\/\/vimagazine.com.br\/wp-content\/uploads\/2024\/03\/c8d177f2-6653-495a-911e-6803972ae6f7.jpg 960w, https:\/\/vimagazine.com.br\/wp-content\/uploads\/2024\/03\/c8d177f2-6653-495a-911e-6803972ae6f7-300x224.jpg 300w, https:\/\/vimagazine.com.br\/wp-content\/uploads\/2024\/03\/c8d177f2-6653-495a-911e-6803972ae6f7-768x573.jpg 768w\" sizes=\"(max-width: 960px) 100vw, 960px\" \/><\/figure>\n\n\n\n<p>\u00c9 ineg\u00e1vel a forte presen\u00e7a de empreendedoras nos pequenos neg\u00f3cios, que segundo dados do Sebrae, disponibilizados em novembro de 2023, as mulheres empreendedoras representam 34,4% dos neg\u00f3cios formais do pa\u00eds, o que equivale a mais de 10 milh\u00f5es de empresas. Esses neg\u00f3cios contribuem significativamente para a autonomia financeira de mulheres e, por conseguinte, mudan\u00e7as socioecon\u00f4micas em suas fam\u00edlias.<\/p>\n\n\n\n<p>Visando esse cen\u00e1rio do empreendedorismo feminino, o Programa Eu\/SA Mulheres tem o prop\u00f3sito de contribuir para o protagonismo das mulheres atrav\u00e9s da gest\u00e3o, autonomia econ\u00f4mica, empreendedorismo e lideran\u00e7a. Durante todo o m\u00eas de mar\u00e7o, em parceria com o Museu da Fotografia Fortaleza, o programa ir\u00e1 proporcionar um curso gratuito de Capacita\u00e7\u00e3o para Mulheres de Neg\u00f3cios.&nbsp;<\/p>\n\n\n\n<p>Ao longo de quatro dias intensivos, as participantes ter\u00e3o a oportunidade de aprimorar as suas habilidades de lideran\u00e7a, aperfei\u00e7oar estrat\u00e9gias de marketing e aprender t\u00e9cnicas eficazes de gest\u00e3o financeira. Al\u00e9m disso, haver\u00e1 uma \u00eanfase especial no desenvolvimento de uma mentalidade empreendedora e na constru\u00e7\u00e3o de uma rede de apoio s\u00f3lida entre as participantes.<\/p>\n\n\n\n<p>Os aul\u00f5es ocorrer\u00e3o sempre \u00e0s quartas-feiras, dias 6, 13, 20 e 27 de mar\u00e7o, das 19h30 \u00e0s 21h30, por meio da plataforma Google Meet e a inscri\u00e7\u00e3o ser\u00e1 realizada atrav\u00e9s do link: https:\/\/bit.ly\/capacitacaomulheresdenegocios, que tamb\u00e9m est\u00e1 disponibilizado na bio dos seguintes perfis: @halinecordeiro, @eusamulheres e @museudafotografiafortaleza. O curso ainda contar\u00e1 com a emiss\u00e3o gratuita de certificado.<\/p>\n\n\n\n<p>Ainda existem muitos desafios em rela\u00e7\u00e3o a sobreviv\u00eancia desses neg\u00f3cios, como aponta a pesquisa do Instituto Rede Mulher Empreendedora (IRME) de 2023, estudo tamb\u00e9m conhecido como \u201cEmpreendedoras e Seus Neg\u00f3cios 2023\u201d, que destacou o baixo faturamento, aliado a condi\u00e7\u00e3o de neg\u00f3cios criados por necessidade (83%). Ou seja, a abertura de neg\u00f3cios por mulheres resulta em sua grande maioria de uma busca de sobreviv\u00eancia.<\/p>\n\n\n\n<p>Outro aspecto importante em rela\u00e7\u00e3o ao empoderamento feminino trata-se da visibilidade de quest\u00f5es inerentes \u00e0 mulher, e esta decorre especialmente quando temos lideran\u00e7as femininas em organiza\u00e7\u00f5es, sejam p\u00fablicas, privadas ou do terceiro setor, al\u00e9m de posi\u00e7\u00f5es na esfera pol\u00edtica. &nbsp; &nbsp;<\/p>\n\n\n\n<p><strong>Sobre o Programa Eu\/Sa Mulheres<\/strong><strong><\/strong><\/p>\n\n\n\n<p>Contribuindo para a discuss\u00e3o do protagonismo feminino, o projeto EU\/SA Mulheres, foi idealizado e criado em 2018 pela administradora e consultora especialista em Gest\u00e3o de Neg\u00f3cios e Administra\u00e7\u00e3o P\u00fablica, Haline Cordeiro. O Programa aborda diversos temas, como: empreendedorismo, autoestima e sa\u00fade, neg\u00f3cios, lideran\u00e7a feminina, inova\u00e7\u00e3o, entre outras pautas. A idealizadora decidiu realizar o projeto, quando visou a sua expertise em rela\u00e7\u00e3o ao seu bom networking e a sua atua\u00e7\u00e3o como educadora e gestora, com objetivo de transformar a vida de muitas mulheres.&nbsp;<\/p>\n\n\n\n<p><strong>Empreendedorismo e lideran\u00e7a feminina<\/strong><strong><\/strong><\/p>\n\n\n\n<p>Mesmo com todos os desafios que ainda dever\u00e3o ser enfrentados pelas mulheres no mercado de trabalho, os dados v\u00eam crescendo quando o assunto \u00e9 empreendedorismo feminino. Falando do cen\u00e1rio local, tivemos um aumento de empresas registradas por mulheres, se compararmos 2022 e 2023. De acordo com a Junta Comercial do Estado do Cear\u00e1 (Jucec), o n\u00famero de empresas abertas por mulheres, seja atuando como microempreendedor ou como s\u00f3cia de um neg\u00f3cio, apresentou aumento em 2023, com 8.270 abertura de janeiro e fevereiro, em compara\u00e7\u00e3o aos 8.113 neg\u00f3cios abertos no mesmo per\u00edodo de 2022.&nbsp;<\/p>\n\n\n\n<p>A lideran\u00e7a feminina tamb\u00e9m \u00e9 uma pauta que tem sido bastante debatida, afinal ainda h\u00e1 diversas cr\u00edticas sem fundamento quando uma mulher toma a frente de um grande cargo em uma empresa. Mas mesmo com todos esses desafios, segundo a pesquisa do Panorama Mulheres 2023, a presen\u00e7a de mulheres em cargos de presid\u00eancia no Brasil alcan\u00e7ou 17% das organiza\u00e7\u00f5es, de 2019 a 2022. O estudo, realizado pelo Talenses Group em parceria com o Insper, mostra que as mulheres passaram de 13% a 17% dos CEOs do pa\u00eds.<\/p>\n\n\n\n<p><strong>Servi\u00e7o:<\/strong><strong><\/strong><\/p>\n\n\n\n<p><strong>Curso gratuito de Capacita\u00e7\u00e3o de Mulheres de neg\u00f3cio (online)<\/strong><strong><\/strong><\/p>\n\n\n\n<p>\u00b7 Aul\u00f5es Online pelo Google Meet.<\/p>\n\n\n\n<p>\u00b7 Datas: 6, 13, 20, 27\/03\/2024 (quartas seguidas do m\u00eas de mar\u00e7o)<\/p>\n\n\n\n<p>\u00b7 Hor\u00e1rio: 19h30 \u00e0s 21h30<\/p>\n\n\n\n<p>\u00b7 Curso gratuito.<\/p>\n\n\n\n<p>\u00b7 P\u00fablico: Mulheres que desejam empreender ou j\u00e1 possuem neg\u00f3cios<\/p>\n\n\n\n<p>\u00b7 Temas das Aulas:<\/p>\n\n\n\n<p>Aul\u00e3o 1 \u2013 Vida Financeira Equilibrada<\/p>\n\n\n\n<p>Aul\u00e3o 2 \u2013 Como Vender Mais.&nbsp;<\/p>\n\n\n\n<p>Aul\u00e3o 3 \u2013 Gest\u00e3o para Neg\u00f3cios de Sucesso<\/p>\n\n\n\n<p>Aul\u00e3o 4 &#8211; Empreendedorismo Feminino e Mindset de Crescimento<\/p>\n\n\n\n<p>\u00b7 Inscri\u00e7\u00e3o: via link https:\/\/bit.ly\/capacitacaomulheresdenegocios &nbsp;(disponibilizado na Bio HalineCordeiro e Eu S\/A Mulheres)<\/p>\n\n\n\n<p>&nbsp;\u00b7 Certificado: Emiss\u00e3o gratuita em fun\u00e7\u00e3o da participa\u00e7\u00e3o (quantidade de aulas).<\/p>\n\n\n\n<p>\u00b7 Parceria: Museu da Fotografia Fortaleza &#8211;&nbsp;MFF<\/p>\n\n\n\n<p><strong>Assertiva Comunica\u00e7\u00e3o<\/strong><strong>&nbsp;<\/strong><strong><\/strong><\/p>\n\n\n\n<p>Jordan Vall \u2013 (85)99650-7148<\/p>\n\n\n\n<p>E-mail: atendimento@assertivacomunicacao.com<\/p>\n\n\n\n<p>Instagram: @assertiva_comunicacao<\/p>\n\n\n\n<p>Site: assertivacomunicacao.com<\/p>\n\n\n\n<p><\/p>\n","protected":false},"excerpt":{"rendered":"<p>Estudo realizado pelo Talenses Group em parceria com o Insper, mostra que as mulheres passaram&#8230;<\/p>\n","protected":false},"author":2,"featured_media":12804,"comment_status":"closed","ping_status":"open","sticky":false,"template":"","format":"standard","meta":{"om_disable_all_campaigns":false,"_monsterinsights_skip_tracking":false,"_monsterinsights_sitenote_active":false,"_monsterinsights_sitenote_note":"","_monsterinsights_sitenote_category":0,"spay_email":""},"categories":[26,75,1],"tags":[810,811],"jetpack_featured_media_url":"https:\/\/vimagazine.com.br\/wp-content\/uploads\/2024\/03\/8c29ebe5-7972-4098-82d9-c9b60c64960f.jpg","_links":{"self":[{"href":"https:\/\/vimagazine.com.br\/index.php?rest_route=\/wp\/v2\/posts\/12803"}],"collection":[{"href":"https:\/\/vimagazine.com.br\/index.php?rest_route=\/wp\/v2\/posts"}],"about":[{"href":"https:\/\/vimagazine.com.br\/index.php?rest_route=\/wp\/v2\/types\/post"}],"author":[{"embeddable":true,"href":"https:\/\/vimagazine.com.br\/index.php?rest_route=\/wp\/v2\/users\/2"}],"replies":[{"embeddable":true,"href":"https:\/\/vimagazine.com.br\/index.php?rest_route=%2Fwp%2Fv2%2Fcomments&post=12803"}],"version-history":[{"count":1,"href":"https:\/\/vimagazine.com.br\/index.php?rest_route=\/wp\/v2\/posts\/12803\/revisions"}],"predecessor-version":[{"id":12806,"href":"https:\/\/vimagazine.com.br\/index.php?rest_route=\/wp\/v2\/posts\/12803\/revisions\/12806"}],"wp:featuredmedia":[{"embeddable":true,"href":"https:\/\/vimagazine.com.br\/index.php?rest_route=\/wp\/v2\/media\/12804"}],"wp:attachment":[{"href":"https:\/\/vimagazine.com.br\/index.php?rest_route=%2Fwp%2Fv2%2Fmedia&parent=12803"}],"wp:term":[{"taxonomy":"category","embeddable":true,"href":"https:\/\/vimagazine.com.br\/index.php?rest_route=%2Fwp%2Fv2%2Fcategories&post=12803"},{"taxonomy":"post_tag","embeddable":true,"href":"https:\/\/vimagazine.com.br\/index.php?rest_route=%2Fwp%2Fv2%2Ftags&post=12803"}],"curies":[{"name":"wp","href":"https:\/\/api.w.org\/{rel}","templated":true}]}}