{"id":12807,"date":"2024-03-01T20:55:52","date_gmt":"2024-03-01T23:55:52","guid":{"rendered":"https:\/\/vimagazine.com.br\/?p=12807"},"modified":"2024-03-01T23:46:47","modified_gmt":"2024-03-02T02:46:47","slug":"jairo-barboza-lanca-single-juntos-pra-se-amar","status":"publish","type":"post","link":"https:\/\/vimagazine.com.br\/?p=12807","title":{"rendered":"Jairo Barboza lan\u00e7a single &#8220;Juntos Pra Se Amar&#8221;"},"content":{"rendered":"\n<p class=\"has-text-align-left\">O cantor e compositor Jairo Barboza, n\u00e3o s\u00f3 brilha como um int\u00e9rprete excepcional, mas tamb\u00e9m se destaca como um dos compositores mais talentosos do cen\u00e1rio musical nacional. Sua mais recente obra-prima, &#8220;Junto pra Se Amar&#8221;, acaba de iluminar as plataformas digitais. A m\u00fasica, uma parceria entre o artista e os compositores Milton e Fl\u00e1vio Santar\u00e9m, deu origem a uma melodia \u00fanica, carregada com uma mensagem poderosa de uni\u00e3o e autenticidade.<br>Em suas pr\u00f3prias palavras, Jairo Barboza compartilha a inspira\u00e7\u00e3o por tr\u00e1s da obra: &#8220;Essa can\u00e7\u00e3o \u00e9 a express\u00e3o mais pura do amor, uma explos\u00e3o de emo\u00e7\u00e3o que desejo compartilhar com todos voc\u00eas. Ela aborda uni\u00e3o, amor e conex\u00e3o.&#8221;<\/p>\n\n\n\n<p class=\"has-text-align-left\">Junto Pra Se Amar destaca a import\u00e2ncia de dar as m\u00e3os, n\u00e3o apenas no \u00e2mbito art\u00edstico, mas na vida cotidiana. Em um mundo marcado por desafios, a can\u00e7\u00e3o busca inspirar a uni\u00e3o, o amor e a autenticidade. &#8220;Vamos nos dar as m\u00e3os. Vamos seguir juntos para nos amarmos. Juntos somos mais fortes&#8221;, enfatiza o artista.<\/p>\n\n\n\n<p class=\"has-text-align-left\"><br>Com uma carreira enraizada na tradi\u00e7\u00e3o do forr\u00f3, Jairo Barboza \u00e9 um defensor da rica heran\u00e7a musical do Brasil. Seu compromisso com a promo\u00e7\u00e3o e preserva\u00e7\u00e3o da cultura nordestina \u00e9 evidente, n\u00e3o apenas em sua m\u00fasica, mas tamb\u00e9m em seu papel como curador do Primeiro Festival de Forr\u00f3 de Serra Preta.<\/p>\n\n\n\n<p class=\"has-text-align-left\">&#8220;Junto pra Se Amar&#8221; \u00e9 uma explos\u00e3o de emo\u00e7\u00e3o e uma mensagem de amor que ecoar\u00e1 n\u00e3o apenas durante o S\u00e3o Jo\u00e3o, mas ao longo de todo o ano. Explicando sua conex\u00e3o pessoal com a letra, Jairo Barboza compartilha: &#8220;\u00c9 uma can\u00e7\u00e3o que reflete meus pensamentos sobre as pessoas e o amor. As pessoas precisam se dar as m\u00e3os, e essa letra captura essa ess\u00eancia. Eu me encontrei nela por ser apaixonado pelo xote rom\u00e2ntico, e a mensagem que fica \u00e9 clara: vamos juntos, vamos juntos pra a gente se amar.&#8221;<\/p>\n\n\n\n<p><\/p>\n\n\n\n<figure class=\"wp-container-2 wp-block-gallery-1 wp-block-gallery has-nested-images columns-default is-cropped\">\n<figure class=\"wp-block-image size-large\"><img width=\"789\" height=\"1024\" data-id=\"12823\"  src=\"https:\/\/vimagazine.com.br\/wp-content\/uploads\/2024\/03\/Foto-Caio-Lirio-@caiolirio-021A7995-Editar-789x1024.jpg\" alt=\"\" class=\"wp-image-12823\" srcset=\"https:\/\/vimagazine.com.br\/wp-content\/uploads\/2024\/03\/Foto-Caio-Lirio-@caiolirio-021A7995-Editar-789x1024.jpg 789w, https:\/\/vimagazine.com.br\/wp-content\/uploads\/2024\/03\/Foto-Caio-Lirio-@caiolirio-021A7995-Editar-231x300.jpg 231w, https:\/\/vimagazine.com.br\/wp-content\/uploads\/2024\/03\/Foto-Caio-Lirio-@caiolirio-021A7995-Editar-768x996.jpg 768w, https:\/\/vimagazine.com.br\/wp-content\/uploads\/2024\/03\/Foto-Caio-Lirio-@caiolirio-021A7995-Editar-1184x1536.jpg 1184w, https:\/\/vimagazine.com.br\/wp-content\/uploads\/2024\/03\/Foto-Caio-Lirio-@caiolirio-021A7995-Editar-1024x1328.jpg 1024w, https:\/\/vimagazine.com.br\/wp-content\/uploads\/2024\/03\/Foto-Caio-Lirio-@caiolirio-021A7995-Editar.jpg 1480w\" sizes=\"(max-width: 789px) 100vw, 789px\" \/><\/figure>\n<\/figure>\n","protected":false},"excerpt":{"rendered":"<p>O cantor e compositor Jairo Barboza, n\u00e3o s\u00f3 brilha como um int\u00e9rprete excepcional, mas tamb\u00e9m&#8230;<\/p>\n","protected":false},"author":18,"featured_media":12808,"comment_status":"closed","ping_status":"open","sticky":false,"template":"","format":"standard","meta":{"om_disable_all_campaigns":false,"_monsterinsights_skip_tracking":false,"_monsterinsights_sitenote_active":false,"_monsterinsights_sitenote_note":"","_monsterinsights_sitenote_category":0,"spay_email":""},"categories":[1],"tags":[],"jetpack_featured_media_url":"https:\/\/vimagazine.com.br\/wp-content\/uploads\/2024\/03\/Foto-Caio-Lirio-@caiolirio-021A8171-Editar.jpg","_links":{"self":[{"href":"https:\/\/vimagazine.com.br\/index.php?rest_route=\/wp\/v2\/posts\/12807"}],"collection":[{"href":"https:\/\/vimagazine.com.br\/index.php?rest_route=\/wp\/v2\/posts"}],"about":[{"href":"https:\/\/vimagazine.com.br\/index.php?rest_route=\/wp\/v2\/types\/post"}],"author":[{"embeddable":true,"href":"https:\/\/vimagazine.com.br\/index.php?rest_route=\/wp\/v2\/users\/18"}],"replies":[{"embeddable":true,"href":"https:\/\/vimagazine.com.br\/index.php?rest_route=%2Fwp%2Fv2%2Fcomments&post=12807"}],"version-history":[{"count":4,"href":"https:\/\/vimagazine.com.br\/index.php?rest_route=\/wp\/v2\/posts\/12807\/revisions"}],"predecessor-version":[{"id":12824,"href":"https:\/\/vimagazine.com.br\/index.php?rest_route=\/wp\/v2\/posts\/12807\/revisions\/12824"}],"wp:featuredmedia":[{"embeddable":true,"href":"https:\/\/vimagazine.com.br\/index.php?rest_route=\/wp\/v2\/media\/12808"}],"wp:attachment":[{"href":"https:\/\/vimagazine.com.br\/index.php?rest_route=%2Fwp%2Fv2%2Fmedia&parent=12807"}],"wp:term":[{"taxonomy":"category","embeddable":true,"href":"https:\/\/vimagazine.com.br\/index.php?rest_route=%2Fwp%2Fv2%2Fcategories&post=12807"},{"taxonomy":"post_tag","embeddable":true,"href":"https:\/\/vimagazine.com.br\/index.php?rest_route=%2Fwp%2Fv2%2Ftags&post=12807"}],"curies":[{"name":"wp","href":"https:\/\/api.w.org\/{rel}","templated":true}]}}