{"id":12826,"date":"2024-03-02T10:25:33","date_gmt":"2024-03-02T13:25:33","guid":{"rendered":"https:\/\/vimagazine.com.br\/?p=12826"},"modified":"2024-03-02T10:25:35","modified_gmt":"2024-03-02T13:25:35","slug":"12a-edicao-do-curso-mulheres-a-obraem-celebracao-ao-dia-internacional-da-mulher","status":"publish","type":"post","link":"https:\/\/vimagazine.com.br\/?p=12826","title":{"rendered":"12\u00aa edi\u00e7\u00e3o do curso \u201cMulheres a Obra\u201dem celebra\u00e7\u00e3o ao Dia Internacional da Mulher"},"content":{"rendered":"\n<p class=\"has-text-align-left\">O dia 8 de mar\u00e7o \u00e9 internacionalmente reconhecido como o Dia Internacional da Mulher. <\/p>\n\n\n\n<p class=\"has-text-align-left\"><\/p>\n\n\n\n<p class=\"has-text-align-left\">Nessa data, celebra as conquistas sociais, pol\u00edticas e econ\u00f4micas das mulheres,\u00a0provocando uma reflex\u00e3o\u00a0sobre as desigualdades e desafios que muitas ainda enfrentam em todo o mundo.<\/p>\n\n\n\n<ul><li><strong>Chegando em sua 12\u00ba edi\u00e7\u00e3o o curso \u201cMulheres a Obra\u201d uma iniciativa do Pal\u00e1cio da Ferramenta, apresenta em sua agenda 4 cursos para mulheres que querem sair do \u00f3bvio, promovendo a equidade de g\u00eanero no mercado de trabalho, nos dias&nbsp;2,&nbsp;9,&nbsp;16 e 23 de mar\u00e7o.<\/strong><\/li><\/ul>\n\n\n\n<p>Contabilizando os&nbsp;n\u00fameros&nbsp;de alunas que passaram no \u201cMulheres a Obra\u201d, j\u00e1 atingiu&nbsp;2000 alunas, j\u00e1 capacitadas, destacando o impacto positivo ao longo desse tempo, evidenciando o sucesso e a aceita\u00e7\u00e3o de todas participantes, proporcionando uma experi\u00eancia valiosa para todas.<\/p>\n\n\n\n<p>Sempre buscando inova\u00e7\u00e3o, a Diretora de Marketing Isabel Gomes que est\u00e1 \u00e0 frente do projeto, junto com seus parceiros, busca apresentar o que se tem de mais novo no mercado.<\/p>\n\n\n\n<figure class=\"wp-block-image size-large\"><img width=\"1024\" height=\"683\" src=\"https:\/\/vimagazine.com.br\/wp-content\/uploads\/2024\/03\/Foto-Divulgacao-Credi-Gabriela-Furlan-1-1024x683.jpg\" alt=\"\" class=\"wp-image-12828\" srcset=\"https:\/\/vimagazine.com.br\/wp-content\/uploads\/2024\/03\/Foto-Divulgacao-Credi-Gabriela-Furlan-1-1024x683.jpg 1024w, https:\/\/vimagazine.com.br\/wp-content\/uploads\/2024\/03\/Foto-Divulgacao-Credi-Gabriela-Furlan-1-300x200.jpg 300w, https:\/\/vimagazine.com.br\/wp-content\/uploads\/2024\/03\/Foto-Divulgacao-Credi-Gabriela-Furlan-1-768x512.jpg 768w, https:\/\/vimagazine.com.br\/wp-content\/uploads\/2024\/03\/Foto-Divulgacao-Credi-Gabriela-Furlan-1-1536x1024.jpg 1536w, https:\/\/vimagazine.com.br\/wp-content\/uploads\/2024\/03\/Foto-Divulgacao-Credi-Gabriela-Furlan-1.jpg 1920w\" sizes=\"(max-width: 1024px) 100vw, 1024px\" \/><\/figure>\n\n\n\n<p><strong>Para 12\u00ba edi\u00e7\u00e3o os cursos s\u00e3o:<\/strong><\/p>\n\n\n\n<ul><li>2 de mar\u00e7o: Tintas (com Suvinil e Atlas): Conceito b\u00e1sico de pintura, t\u00e9cnicas de pintura, como preparar uma parede para pintura, acabamento para madeira e metais, verniz, efeitos e aplica\u00e7\u00f5es.<\/li><li>9 de mar\u00e7o: Ferramentas&nbsp;El\u00e9tricas (com Makita):&nbsp;Manusear Furadeira, parafusadeira, serra tico-tico, lixadeira orbital e ainda trabalhar um projeto<\/li><li>16 de mar\u00e7o: Fixa\u00e7\u00e3o&nbsp;Profissional (com Tekbond): Diversos tipos de t\u00e9cnicas de fixa\u00e7\u00e3o com produtos profissionais: Adesivos instant\u00e2neos, Colas Pastilha, Cola Spray, Espuma&nbsp;Expansivas, Preg F\u00e1cil e outros.<\/li><li>23 de mar\u00e7o: Ferramentas Dremel (com Dremel&nbsp;e Bosch):&nbsp;O curso vai apresentar grava\u00e7\u00e3o em madeira, utilizados os produtos da BOSCH.<\/li><\/ul>\n\n\n\n<p>\u201c\u00c0s vezes me ligam perguntando se teremos novos cursos, explicou que trabalhamos com as melhores marcas, e estas sempre est\u00e3o inovando e trazendo novidades no mercado. Em 12 edi\u00e7\u00f5es nunca repetimos as aulas tanto que tem alunas que j\u00e1 est\u00e3o conosco desde a 1\u00ba edi\u00e7\u00e3o\u201d comentou Isabel Gomes.<\/p>\n\n\n\n<figure class=\"wp-block-image size-large\"><img width=\"1024\" height=\"683\" src=\"https:\/\/vimagazine.com.br\/wp-content\/uploads\/2024\/03\/Isabel-Gomes-Idealizadora-do-Projeto-Foto-Divulgacao-Credi-Gabriela-Furlan-6-1024x683.jpg\" alt=\"\" class=\"wp-image-12829\" srcset=\"https:\/\/vimagazine.com.br\/wp-content\/uploads\/2024\/03\/Isabel-Gomes-Idealizadora-do-Projeto-Foto-Divulgacao-Credi-Gabriela-Furlan-6-1024x683.jpg 1024w, https:\/\/vimagazine.com.br\/wp-content\/uploads\/2024\/03\/Isabel-Gomes-Idealizadora-do-Projeto-Foto-Divulgacao-Credi-Gabriela-Furlan-6-300x200.jpg 300w, https:\/\/vimagazine.com.br\/wp-content\/uploads\/2024\/03\/Isabel-Gomes-Idealizadora-do-Projeto-Foto-Divulgacao-Credi-Gabriela-Furlan-6-768x512.jpg 768w, https:\/\/vimagazine.com.br\/wp-content\/uploads\/2024\/03\/Isabel-Gomes-Idealizadora-do-Projeto-Foto-Divulgacao-Credi-Gabriela-Furlan-6-1536x1024.jpg 1536w, https:\/\/vimagazine.com.br\/wp-content\/uploads\/2024\/03\/Isabel-Gomes-Idealizadora-do-Projeto-Foto-Divulgacao-Credi-Gabriela-Furlan-6.jpg 1920w\" sizes=\"(max-width: 1024px) 100vw, 1024px\" \/><\/figure>\n\n\n\n<p><strong>Quando tudo come\u00e7ou:<\/strong><\/p>\n\n\n\n<p>&#8211;\u00a0A 1\u00aa edi\u00e7\u00e3o foi em mar\u00e7o de 2017, o m\u00eas escolhido foi de prop\u00f3sito, surgiu para homenagear as mulheres no m\u00eas delas, alusivo ao Dia Internacional da Mulher, que \u00e9 celebrado em 8 de mar\u00e7o. Bom, fez tanto sucesso que logo se programou a 2\u00aa edi\u00e7\u00e3o (em setembro do mesmo ano), e hoje, j\u00e1 registra mais de\u00a02000\u00a0participantes em\u00a011\u00a0edi\u00e7\u00f5es anteriores (cada edi\u00e7\u00e3o tem em torno de 5 aulas). <\/p>\n\n\n\n<p>O p\u00fablico \u00e9 o mais diversificado, atraindo alunas de todas as faixas et\u00e1rias, j\u00e1 recebeu inclusive m\u00e3e e filha na mesma atividade. <\/p>\n\n\n\n<p>As turmas s\u00e3o formadas com em torno de 40 alunas, a ideia \u00e9 ter um controle e maior participa\u00e7\u00e3o delas nas aulas te\u00f3ricas e pr\u00e1ticas.<\/p>\n\n\n\n<p>Pal\u00e1cio da Ferramenta\u00a0&#8211;\u00a0H\u00e1 52 anos, fornece o que h\u00e1 de melhor no ramo,\u00a0lojas nas ruas Buenos Aires, Pra\u00e7a da Rep\u00fablica e na Sete de Setembro,\u00a0situada no centro do Rio de Janeiro.\u00a0<\/p>\n\n\n\n<p>A empresa \u00e9 considerada a mais completa, com variados produtos, com uma grande op\u00e7\u00e3o de m\u00e1quinas, fechaduras, material el\u00e9trico, ferro fundido, parafusos, dobradi\u00e7as, tintas, pisos, azulejos, metais e muito mais! Oferece em torno de 30 mil produtos.<\/p>\n\n\n\n<figure class=\"wp-block-image size-large\"><img width=\"683\" height=\"1024\" src=\"https:\/\/vimagazine.com.br\/wp-content\/uploads\/2024\/03\/Foto-Divulgacao-Credi-Gabriela-Furlan-2-683x1024.jpg\" alt=\"\" class=\"wp-image-12830\" srcset=\"https:\/\/vimagazine.com.br\/wp-content\/uploads\/2024\/03\/Foto-Divulgacao-Credi-Gabriela-Furlan-2-683x1024.jpg 683w, https:\/\/vimagazine.com.br\/wp-content\/uploads\/2024\/03\/Foto-Divulgacao-Credi-Gabriela-Furlan-2-200x300.jpg 200w, https:\/\/vimagazine.com.br\/wp-content\/uploads\/2024\/03\/Foto-Divulgacao-Credi-Gabriela-Furlan-2-768x1152.jpg 768w, https:\/\/vimagazine.com.br\/wp-content\/uploads\/2024\/03\/Foto-Divulgacao-Credi-Gabriela-Furlan-2-1024x1536.jpg 1024w, https:\/\/vimagazine.com.br\/wp-content\/uploads\/2024\/03\/Foto-Divulgacao-Credi-Gabriela-Furlan-2.jpg 1280w\" sizes=\"(max-width: 683px) 100vw, 683px\" \/><\/figure>\n\n\n\n<p><strong> Em destaque o e-commerce, mais um canal de vendas.<\/strong><\/p>\n\n\n\n<p>&#8220;O Mulheres \u00e0 Obra \u00e9 o jeito que o Pal\u00e1cio da Ferramenta encontrou para homenagear mulheres no seu dia internacional, empoderando e transformando as suas vidas&#8221;, contextualiza Isabel Gomes.<\/p>\n\n\n\n<p>Ah! tudo foi pensado, para despertar o interesse delas, mas com refer\u00eancias, a logomarca \u00e9 uma mulher com uma bandana vermelha, o bra\u00e7o em pose de for\u00e7a e os dizeres: &#8220;O lugar de mulher \u00e9 onde ela quiser&#8221; \u2013 E essa mensagem foi inspirada na musa feminista Naomi Parker Fraley, falecida em janeiro de 2018 (ela foi um marco na segunda guerra mundial e na hist\u00f3ria do feminismo).<\/p>\n\n\n\n<figure class=\"wp-block-image size-large\"><img width=\"1024\" height=\"683\" src=\"https:\/\/vimagazine.com.br\/wp-content\/uploads\/2024\/03\/Emanuella-Fidelis-e-Isabel-Gomes-Cred-Gabriela-Furlan-1024x683.jpg\" alt=\"\" class=\"wp-image-12831\" srcset=\"https:\/\/vimagazine.com.br\/wp-content\/uploads\/2024\/03\/Emanuella-Fidelis-e-Isabel-Gomes-Cred-Gabriela-Furlan-1024x683.jpg 1024w, https:\/\/vimagazine.com.br\/wp-content\/uploads\/2024\/03\/Emanuella-Fidelis-e-Isabel-Gomes-Cred-Gabriela-Furlan-300x200.jpg 300w, https:\/\/vimagazine.com.br\/wp-content\/uploads\/2024\/03\/Emanuella-Fidelis-e-Isabel-Gomes-Cred-Gabriela-Furlan-768x512.jpg 768w, https:\/\/vimagazine.com.br\/wp-content\/uploads\/2024\/03\/Emanuella-Fidelis-e-Isabel-Gomes-Cred-Gabriela-Furlan-1536x1024.jpg 1536w, https:\/\/vimagazine.com.br\/wp-content\/uploads\/2024\/03\/Emanuella-Fidelis-e-Isabel-Gomes-Cred-Gabriela-Furlan.jpg 1920w\" sizes=\"(max-width: 1024px) 100vw, 1024px\" \/><\/figure>\n\n\n\n<p>Dias&nbsp;2,&nbsp;9,&nbsp;16 e 23 de mar\u00e7o&nbsp;\/ sempre no s\u00e1bado.&nbsp;<\/p>\n\n\n\n<p>A inscri\u00e7\u00e3o&nbsp;tem o valor de R$ 100,00 \u2013 cada aula&nbsp;<\/p>\n\n\n\n<p>Um mimo, cada&nbsp;aluna&nbsp;recebe ainda um voucher de R$ 50,00 &#8211; para utiliza\u00e7\u00e3o na loja Pal\u00e1cio da Ferramenta<\/p>\n\n\n\n<p>As aulas acontecem na Escola T\u00e9cnica Centro Rio<\/p>\n\n\n\n<p>Rua Camerino, n\u00ba 130 &#8211; Centro &#8211; RJ<\/p>\n\n\n\n<p>Turmas com 40 participantes.&nbsp;<\/p>\n\n\n\n<p>Inscri\u00e7\u00f5es atrav\u00e9s do site:&nbsp;<a href=\"http:\/\/www.palacio.com.br\/\" target=\"_blank\" rel=\"noreferrer noopener\">www.palacio.com.br<\/a><\/p>\n\n\n\n<figure class=\"wp-block-embed\"><div class=\"wp-block-embed__wrapper\">\nhttps:\/\/www.sympla.com.br\/evento\/mulheres-a-obra-12-edicao-\n<\/div><\/figure>\n\n\n\n<p>Informa\u00e7\u00f5es no tel: 96403 8334<\/p>\n\n\n\n<figure class=\"wp-block-image size-large\"><img width=\"1024\" height=\"683\" src=\"https:\/\/vimagazine.com.br\/wp-content\/uploads\/2024\/03\/Foto-Divulgacao-Credi-Gabriela-Furlan-8-1024x683.jpg\" alt=\"\" class=\"wp-image-12832\" srcset=\"https:\/\/vimagazine.com.br\/wp-content\/uploads\/2024\/03\/Foto-Divulgacao-Credi-Gabriela-Furlan-8-1024x683.jpg 1024w, https:\/\/vimagazine.com.br\/wp-content\/uploads\/2024\/03\/Foto-Divulgacao-Credi-Gabriela-Furlan-8-300x200.jpg 300w, https:\/\/vimagazine.com.br\/wp-content\/uploads\/2024\/03\/Foto-Divulgacao-Credi-Gabriela-Furlan-8-768x512.jpg 768w, https:\/\/vimagazine.com.br\/wp-content\/uploads\/2024\/03\/Foto-Divulgacao-Credi-Gabriela-Furlan-8-1536x1024.jpg 1536w, https:\/\/vimagazine.com.br\/wp-content\/uploads\/2024\/03\/Foto-Divulgacao-Credi-Gabriela-Furlan-8.jpg 1920w\" sizes=\"(max-width: 1024px) 100vw, 1024px\" \/><\/figure>\n\n\n\n<figure class=\"wp-block-image size-large\"><img width=\"683\" height=\"1024\" src=\"https:\/\/vimagazine.com.br\/wp-content\/uploads\/2024\/03\/Foto-Divulgacao-Credi-Gabriela-Furlan-7-683x1024.jpg\" alt=\"\" class=\"wp-image-12833\" srcset=\"https:\/\/vimagazine.com.br\/wp-content\/uploads\/2024\/03\/Foto-Divulgacao-Credi-Gabriela-Furlan-7-683x1024.jpg 683w, https:\/\/vimagazine.com.br\/wp-content\/uploads\/2024\/03\/Foto-Divulgacao-Credi-Gabriela-Furlan-7-200x300.jpg 200w, https:\/\/vimagazine.com.br\/wp-content\/uploads\/2024\/03\/Foto-Divulgacao-Credi-Gabriela-Furlan-7-768x1152.jpg 768w, https:\/\/vimagazine.com.br\/wp-content\/uploads\/2024\/03\/Foto-Divulgacao-Credi-Gabriela-Furlan-7-1024x1536.jpg 1024w, https:\/\/vimagazine.com.br\/wp-content\/uploads\/2024\/03\/Foto-Divulgacao-Credi-Gabriela-Furlan-7.jpg 1280w\" sizes=\"(max-width: 683px) 100vw, 683px\" \/><\/figure>\n\n\n\n<figure class=\"wp-block-image size-large\"><img width=\"683\" height=\"1024\" src=\"https:\/\/vimagazine.com.br\/wp-content\/uploads\/2024\/03\/Foto-Divulgacao-Credi-Gabriela-Furlan-3-683x1024.jpg\" alt=\"\" class=\"wp-image-12834\" srcset=\"https:\/\/vimagazine.com.br\/wp-content\/uploads\/2024\/03\/Foto-Divulgacao-Credi-Gabriela-Furlan-3-683x1024.jpg 683w, https:\/\/vimagazine.com.br\/wp-content\/uploads\/2024\/03\/Foto-Divulgacao-Credi-Gabriela-Furlan-3-200x300.jpg 200w, https:\/\/vimagazine.com.br\/wp-content\/uploads\/2024\/03\/Foto-Divulgacao-Credi-Gabriela-Furlan-3-768x1152.jpg 768w, https:\/\/vimagazine.com.br\/wp-content\/uploads\/2024\/03\/Foto-Divulgacao-Credi-Gabriela-Furlan-3-1024x1536.jpg 1024w, https:\/\/vimagazine.com.br\/wp-content\/uploads\/2024\/03\/Foto-Divulgacao-Credi-Gabriela-Furlan-3.jpg 1280w\" sizes=\"(max-width: 683px) 100vw, 683px\" \/><\/figure>\n","protected":false},"excerpt":{"rendered":"<p>O dia 8 de mar\u00e7o \u00e9 internacionalmente reconhecido como o Dia Internacional da Mulher. Nessa&#8230;<\/p>\n","protected":false},"author":3,"featured_media":12827,"comment_status":"closed","ping_status":"open","sticky":false,"template":"","format":"standard","meta":{"om_disable_all_campaigns":false,"_monsterinsights_skip_tracking":false,"_monsterinsights_sitenote_active":false,"_monsterinsights_sitenote_note":"","_monsterinsights_sitenote_category":0,"spay_email":""},"categories":[1],"tags":[],"jetpack_featured_media_url":"https:\/\/vimagazine.com.br\/wp-content\/uploads\/2024\/03\/Foto-Divulgacao-Credi-Gabriela-Furlan-5-e1709385558342.jpg","_links":{"self":[{"href":"https:\/\/vimagazine.com.br\/index.php?rest_route=\/wp\/v2\/posts\/12826"}],"collection":[{"href":"https:\/\/vimagazine.com.br\/index.php?rest_route=\/wp\/v2\/posts"}],"about":[{"href":"https:\/\/vimagazine.com.br\/index.php?rest_route=\/wp\/v2\/types\/post"}],"author":[{"embeddable":true,"href":"https:\/\/vimagazine.com.br\/index.php?rest_route=\/wp\/v2\/users\/3"}],"replies":[{"embeddable":true,"href":"https:\/\/vimagazine.com.br\/index.php?rest_route=%2Fwp%2Fv2%2Fcomments&post=12826"}],"version-history":[{"count":1,"href":"https:\/\/vimagazine.com.br\/index.php?rest_route=\/wp\/v2\/posts\/12826\/revisions"}],"predecessor-version":[{"id":12835,"href":"https:\/\/vimagazine.com.br\/index.php?rest_route=\/wp\/v2\/posts\/12826\/revisions\/12835"}],"wp:featuredmedia":[{"embeddable":true,"href":"https:\/\/vimagazine.com.br\/index.php?rest_route=\/wp\/v2\/media\/12827"}],"wp:attachment":[{"href":"https:\/\/vimagazine.com.br\/index.php?rest_route=%2Fwp%2Fv2%2Fmedia&parent=12826"}],"wp:term":[{"taxonomy":"category","embeddable":true,"href":"https:\/\/vimagazine.com.br\/index.php?rest_route=%2Fwp%2Fv2%2Fcategories&post=12826"},{"taxonomy":"post_tag","embeddable":true,"href":"https:\/\/vimagazine.com.br\/index.php?rest_route=%2Fwp%2Fv2%2Ftags&post=12826"}],"curies":[{"name":"wp","href":"https:\/\/api.w.org\/{rel}","templated":true}]}}