{"id":12943,"date":"2024-03-06T12:47:29","date_gmt":"2024-03-06T15:47:29","guid":{"rendered":"https:\/\/vimagazine.com.br\/?p=12943"},"modified":"2024-03-06T12:49:21","modified_gmt":"2024-03-06T15:49:21","slug":"rosto-de-ozempic-dermatologista-indica-os-melhores-tratamentos-esteticos-para-flacidez-apos-emagrecimento-rapido","status":"publish","type":"post","link":"https:\/\/vimagazine.com.br\/?p=12943","title":{"rendered":"Rosto\u00a0de\u00a0Ozempic?\u00a0"},"content":{"rendered":"\n<p><br><\/p>\n\n\n\n<figure class=\"wp-block-image aligncenter size-full is-resized\"><img src=\"https:\/\/vimagazine.com.br\/wp-content\/uploads\/2024\/03\/image.jpg\" alt=\"\" class=\"wp-image-12944\" width=\"558\" height=\"372\" srcset=\"https:\/\/vimagazine.com.br\/wp-content\/uploads\/2024\/03\/image.jpg 689w, https:\/\/vimagazine.com.br\/wp-content\/uploads\/2024\/03\/image-300x200.jpg 300w\" sizes=\"(max-width: 558px) 100vw, 558px\" \/><\/figure>\n\n\n\n<p class=\"has-text-align-center\" style=\"font-size:25px\"><strong>Dermatologista\u00a0indica\u00a0os\u00a0melhores\u00a0tratamentos\u00a0est\u00e9ticos\u00a0<\/strong><\/p>\n\n\n\n<p class=\"has-text-align-center\" style=\"font-size:25px\"><strong>para\u00a0flacidez\u00a0ap\u00f3s\u00a0emagrecimento\u00a0r\u00e1pido<\/strong><\/p>\n\n\n\n<p>Ap\u00f3s&nbsp;os&nbsp;30 anos, perdemos de forma natural 1 % de col\u00e1geno ao ano. Mas, existem tamb\u00e9m outros fatores que aumentam essa porcentagem, como: exposi\u00e7\u00e3o excessiva ao sol e o n\u00e3o uso de protetores solares, a n\u00e3o hidrata\u00e7\u00e3o da pele atrav\u00e9s de cremes e ingest\u00e3o de \u00e1gua, tabagismo e doen\u00e7as cr\u00f4nicas.<\/p>\n\n\n\n<p>Segundo&nbsp;o&nbsp;Dr.&nbsp;Jos\u00e9&nbsp;Roberto&nbsp;Fraga&nbsp;Filho, dermatologista membro Titular da Sociedade Brasileira de Dermatologia e Diretor Cl\u00ednico&nbsp;do&nbsp;Instituto&nbsp;Fraga&nbsp;de Dermatologia,&nbsp;&nbsp;ap\u00f3s&nbsp;o&nbsp;emagrecimento&nbsp;\u00e9 comum acontecer a&nbsp;flacidez, pois a&nbsp;gordura faz um colch\u00e3o de sustenta\u00e7\u00e3o na pele e sem isso ela se torna mais fl\u00e1cida ainda. &#8220;Um exemplo bem atual \u00e9 o uso do medicamento&nbsp;Ozempic&nbsp;para&nbsp;emagrecer. Ele leva \u00e0 perda de peso de forma r\u00e1pida, deixando as pessoas com aquele&nbsp;rosto&nbsp;ca\u00eddo, conhecido como &#8220;rosto&nbsp;de&nbsp;Ozempic&#8221;, comenta o&nbsp;dermatologista.<\/p>\n\n\n\n<p>Para&nbsp;a estria, uma cicatriz por estiramento da pele que acontece por crescimento, gravidez e aumento de peso, existem v\u00e1rios&nbsp;tratamentos, entre eles o de forma domiciliar com uso de \u00e1cidos e procedimentos como peelings, e o uso de tecnologia como radiofrequ\u00eancia e lasers.<\/p>\n\n\n\n<p><em>&#8220;Na&nbsp;flacidez&nbsp;corporal temos excelentes resultados com procedimentos, entre&nbsp;os&nbsp;que mais se destacam s\u00e3o: aplica\u00e7\u00e3o de Bioestimulador de col\u00e1geno, Radiofrequ\u00eancia, Ultrassom Microfocado e Laser, tanto ablativos como n\u00e3o ablativos. Lembrando que quando se associa procedimentos a resposta \u00e9 melhor.&nbsp;Os&nbsp;cremes hidratantes e o protetor solar s\u00e3o preventivos e n\u00e3o curativos no caso da&nbsp;flacidez. Assim, fazem parte do nosso arsenal de tratamento&#8221;,<\/em>&nbsp;destaca Dr. Fraga.<\/p>\n\n\n\n<p>J\u00e1 uso oral do col\u00e1geno sempre foi algo muito questionado na literatura m\u00e9dica. Hoje preconiza-se o uso de alguns como o Verisol e vitaminas como o Sil\u00edcio Org\u00e2nico. Lembrando que n\u00e3o formamos novo col\u00e1geno, mas sim estimulamos o que j\u00e1 temos que vai diminuindo com o passar dos anos.<\/p>\n\n\n\n<p>Para&nbsp;finalizar, o especialista refor\u00e7a que o grande segredo&nbsp;para&nbsp;uma vida saud\u00e1vel \u00e9 a alimenta\u00e7\u00e3o adequada, hidrata\u00e7\u00e3o, quantidade de sono ideal, evitar abusos com \u00e1lcool e cigarro, e finalmente atividade f\u00edsica constante. Com isso n\u00e3o s\u00f3 teremos uma pele saud\u00e1vel como todo nosso organismo.<\/p>\n\n\n\n<p><strong>Fonte:<\/strong><\/p>\n\n\n\n<p>Dr. Jos\u00e9&nbsp;Roberto&nbsp;Fraga&nbsp;Filho<\/p>\n\n\n\n<p>M\u00e9dico dermatologista, membro Titular da Sociedade Brasileira de Dermatologia, fundador e Diretor Cl\u00ednico&nbsp;do&nbsp;Instituto&nbsp;Fraga&nbsp;de Dermatologia.<\/p>\n\n\n\n<p>Instagram: @fragadermatologia<br><\/p>\n\n\n\n<p><em>Imagem:  Freepik<\/em><\/p>\n","protected":false},"excerpt":{"rendered":"<p>Dermatologista\u00a0indica\u00a0os\u00a0melhores\u00a0tratamentos\u00a0est\u00e9ticos\u00a0 para\u00a0flacidez\u00a0ap\u00f3s\u00a0emagrecimento\u00a0r\u00e1pido Ap\u00f3s&nbsp;os&nbsp;30 anos, perdemos de forma natural 1 % de col\u00e1geno ao ano. Mas,&#8230;<\/p>\n","protected":false},"author":1,"featured_media":12944,"comment_status":"closed","ping_status":"open","sticky":false,"template":"","format":"standard","meta":{"om_disable_all_campaigns":false,"_monsterinsights_skip_tracking":false,"_monsterinsights_sitenote_active":false,"_monsterinsights_sitenote_note":"","_monsterinsights_sitenote_category":0,"spay_email":""},"categories":[1],"tags":[],"jetpack_featured_media_url":"https:\/\/vimagazine.com.br\/wp-content\/uploads\/2024\/03\/image.jpg","_links":{"self":[{"href":"https:\/\/vimagazine.com.br\/index.php?rest_route=\/wp\/v2\/posts\/12943"}],"collection":[{"href":"https:\/\/vimagazine.com.br\/index.php?rest_route=\/wp\/v2\/posts"}],"about":[{"href":"https:\/\/vimagazine.com.br\/index.php?rest_route=\/wp\/v2\/types\/post"}],"author":[{"embeddable":true,"href":"https:\/\/vimagazine.com.br\/index.php?rest_route=\/wp\/v2\/users\/1"}],"replies":[{"embeddable":true,"href":"https:\/\/vimagazine.com.br\/index.php?rest_route=%2Fwp%2Fv2%2Fcomments&post=12943"}],"version-history":[{"count":2,"href":"https:\/\/vimagazine.com.br\/index.php?rest_route=\/wp\/v2\/posts\/12943\/revisions"}],"predecessor-version":[{"id":12947,"href":"https:\/\/vimagazine.com.br\/index.php?rest_route=\/wp\/v2\/posts\/12943\/revisions\/12947"}],"wp:featuredmedia":[{"embeddable":true,"href":"https:\/\/vimagazine.com.br\/index.php?rest_route=\/wp\/v2\/media\/12944"}],"wp:attachment":[{"href":"https:\/\/vimagazine.com.br\/index.php?rest_route=%2Fwp%2Fv2%2Fmedia&parent=12943"}],"wp:term":[{"taxonomy":"category","embeddable":true,"href":"https:\/\/vimagazine.com.br\/index.php?rest_route=%2Fwp%2Fv2%2Fcategories&post=12943"},{"taxonomy":"post_tag","embeddable":true,"href":"https:\/\/vimagazine.com.br\/index.php?rest_route=%2Fwp%2Fv2%2Ftags&post=12943"}],"curies":[{"name":"wp","href":"https:\/\/api.w.org\/{rel}","templated":true}]}}