{"id":12948,"date":"2024-03-06T13:23:32","date_gmt":"2024-03-06T16:23:32","guid":{"rendered":"https:\/\/vimagazine.com.br\/?p=12948"},"modified":"2024-03-06T13:29:50","modified_gmt":"2024-03-06T16:29:50","slug":"a-illycaffe-parceira-da-arcomadrid-apresenta-a-colecao-illy-art-collection-assinada-por-lee-ufan-que-marca-a-celebracao-da-17a-edicao-do-premio-illy-sustainart","status":"publish","type":"post","link":"https:\/\/vimagazine.com.br\/?p=12948","title":{"rendered":"A illycaff\u00e8, parceira da ARCOmadrid, apresenta a cole\u00e7\u00e3o illy Art Collection assinada por Lee Ufan, que marca a celebra\u00e7\u00e3o da 17\u00aa edi\u00e7\u00e3o do pr\u00eamio illy SustainArt"},"content":{"rendered":"\n<p><\/p>\n\n\n\n<figure class=\"wp-block-image size-full\"><img width=\"677\" height=\"321\" src=\"https:\/\/vimagazine.com.br\/wp-content\/uploads\/2024\/03\/da96a8c7-ed5b-49a8-a32e-a0d32ea16bb8.png\" alt=\"\" class=\"wp-image-12950\" srcset=\"https:\/\/vimagazine.com.br\/wp-content\/uploads\/2024\/03\/da96a8c7-ed5b-49a8-a32e-a0d32ea16bb8.png 677w, https:\/\/vimagazine.com.br\/wp-content\/uploads\/2024\/03\/da96a8c7-ed5b-49a8-a32e-a0d32ea16bb8-300x142.png 300w\" sizes=\"(max-width: 677px) 100vw, 677px\" \/><\/figure>\n\n\n\n<p><\/p>\n\n\n\n<p><strong>As x\u00edcaras especialmente projetadas por Lee Ufan decoram o lounge da illy, ao lado de uma obra de arte criada para o evento por Cristina Mej\u00edas, a artista espanhola vencedora do pr\u00eamio illy SustainArt na Arco 2023<\/strong><\/p>\n\n\n\n<p>\u00b7&nbsp;&nbsp;&nbsp;&nbsp;&nbsp;&nbsp;&nbsp;&nbsp;<strong>No dia 7 de mar\u00e7o, o vencedor da edi\u00e7\u00e3o de 2024 do pr\u00eamio, destinado a promover as carreiras de jovens artistas emergentes em escala global, ser\u00e1 revelado pela illy<\/strong><\/p>\n\n\n\n<p><\/p>\n\n\n\n<p>H\u00e1 19 anos que a illycaff\u00e8 tem o orgulho de ser a patrocinadora oficial da ARCOmadrid, exposi\u00e7\u00e3o de arte contempor\u00e2nea realizada na capital espanhola, de 6 a 10 de mar\u00e7o de 2024. Este ano, a empresa ir\u00e1 mostrar a mais recente edi\u00e7\u00e3o da illy Art Collection, assinada pelo artista coreano Lee Ufan, e apresentar o prestigiado pr\u00eamio illy SustainArt. Criado h\u00e1 17 anos, este pr\u00eamio reflete o compromisso da illycaff\u00e8 com a promo\u00e7\u00e3o da arte e da cultura, apoiando artistas e institui\u00e7\u00f5es.<\/p>\n\n\n\n<p><em>&#8220;Temos muito orgulho no nosso apoio cont\u00ednuo \u00e0 ARCOmadrid, uma das feiras de arte mais importantes da Europa, onde transmitimos os valores da marca illy atrav\u00e9s da linguagem da arte h\u00e1 quase duas d\u00e9cadas. Simultaneamente, nos dedicamos a projetar artistas emergentes e mestres estabelecidos&#8221;, diz&nbsp;<\/em><strong><em>Cristina Scocchia, CEO da illycaff\u00e8.<\/em><\/strong><\/p>\n\n\n\n<p>Os visitantes do&nbsp;<strong>lounge da illy no stand B26 no Pavilh\u00e3o 7<\/strong>&nbsp;da IFEMA MADRID ter\u00e3o a oportunidade de saborear o exclusivo blend illy enquanto exploram a mais recente&nbsp;<strong>illy Art Collection<\/strong>&nbsp;de&nbsp;<strong>Lee Ufan.<\/strong>&nbsp;Reconhecido por sua busca pela simplicidade, Ufan imprime sua filosofia no design da illy Art Collection, caracterizada por linhas fl\u00faidas e pinceladas que lembram a pintura reducionista. Cada pincelada incorpora o conceito de descoberta de Ufan, capturando o momento em que o pincel encontra a tela. Em especial, as x\u00edcaras apresentam \u00e1reas n\u00e3o pintadas, permitindo uma liga\u00e7\u00e3o entre a porcelana branca e a cria\u00e7\u00e3o do artista.<\/p>\n\n\n\n<p><strong>\u00c0s 16h30 da quinta-feira, 7 de mar\u00e7o<\/strong>, no illy lounge, ser\u00e1 anunciado o vencedor do&nbsp;<strong>pr\u00eamio illy SustainArt 2024,&nbsp;<\/strong>criado pela illycaff\u00e8 em colabora\u00e7\u00e3o com a ARCOmadrid para apoiar artistas emergentes. Os vencedores anteriores incluem Ana Navas, Felipe Cohen, Hellen Ascoli e Marcelo Cidade, refletindo o objetivo do pr\u00eamio em promover internacionalmente as carreiras de jovens criativos. Este ano, o pr\u00eamio reconhecer\u00e1 um dos artistas expositores com menos de 40 anos. O j\u00fari de 2024 inclui&nbsp;<strong>Patrizia Sandretto<\/strong>&nbsp;(curadora e fundadora da Funda\u00e7\u00e3o Sandretto Re Rebaudengo),&nbsp;<strong>Tania Pardo<\/strong>&nbsp;(vice-diretora do Museu CA2M, Centro de Arte Dos de Mayo),&nbsp;<strong>Ianko L\u00f3pez<\/strong>&nbsp;(jornalista da Vanity Fair) e&nbsp;<strong>Carlo Bach<\/strong>&nbsp;(diretor criativo da illycaff\u00e8). O pr\u00eamio, no valor de 15.000 euros, financiar\u00e1 a cria\u00e7\u00e3o de uma obra que ser\u00e1 apresentada no lounge da illy durante a ARCOmadrid 2025.<\/p>\n\n\n\n<p>Al\u00e9m disso, o illy lounge apresentar\u00e1 &#8220;<strong>Costas Quentes&#8221;,<\/strong>&nbsp;uma obra de arte de&nbsp;<strong>Cristina Mej\u00edas<\/strong>, a artista espanhola que ganhou o pr\u00eamio illy SustainArt 2023.<\/p>\n\n\n\n<p><strong>Costas Quentes&nbsp;<\/strong><\/p>\n\n\n\n<p>Esta obra pertence \u00e0 s\u00e9rie &#8220;Aprendices Errantes&#8221;, exposta por Cristina Mej\u00edas (Jerez de la Frontera, 1986) no Museu Patio Herreriano de Valladolid. Com \u00eanfase na materialidade do som e no potencial de express\u00e3o das formas, Mej\u00edas emprega uma abordagem arrojada ao trabalho da madeira, influenciada por suas ra\u00edzes familiares e pela an\u00e1lise de v\u00e1rios tipos de madeira. O seu trabalho procura transcender os modelos padronizados, explorando diversas subjetividades e express\u00f5es inseridas em diferentes tradi\u00e7\u00f5es, fragilizadas pela passagem do tempo. Reconhecendo o dom\u00ednio hist\u00f3rico da escrita na express\u00e3o, Mej\u00edas destaca a visibilidade da oralidade, reconhecendo que a ess\u00eancia emocional da comunica\u00e7\u00e3o ultrapassa muitas vezes a linguagem, encontrando eloqu\u00eancia no movimento corporal. Perante as obras de Mej\u00edas, \u00e9 poss\u00edvel perceber a interliga\u00e7\u00e3o de ideias, desejos e medos, cada elemento fluindo do seu antecessor numa narrativa cont\u00ednua.<\/p>\n\n\n\n<p><\/p>\n\n\n\n<figure class=\"wp-block-image size-large\"><img width=\"1024\" height=\"1024\" src=\"https:\/\/vimagazine.com.br\/wp-content\/uploads\/2024\/03\/2196457d-3808-453e-82b5-121fccba31bf-1024x1024.jpg\" alt=\"\" class=\"wp-image-12949\" srcset=\"https:\/\/vimagazine.com.br\/wp-content\/uploads\/2024\/03\/2196457d-3808-453e-82b5-121fccba31bf-1024x1024.jpg 1024w, https:\/\/vimagazine.com.br\/wp-content\/uploads\/2024\/03\/2196457d-3808-453e-82b5-121fccba31bf-300x300.jpg 300w, https:\/\/vimagazine.com.br\/wp-content\/uploads\/2024\/03\/2196457d-3808-453e-82b5-121fccba31bf-150x150.jpg 150w, https:\/\/vimagazine.com.br\/wp-content\/uploads\/2024\/03\/2196457d-3808-453e-82b5-121fccba31bf-768x768.jpg 768w, https:\/\/vimagazine.com.br\/wp-content\/uploads\/2024\/03\/2196457d-3808-453e-82b5-121fccba31bf-1536x1536.jpg 1536w, https:\/\/vimagazine.com.br\/wp-content\/uploads\/2024\/03\/2196457d-3808-453e-82b5-121fccba31bf.jpg 1920w\" sizes=\"(max-width: 1024px) 100vw, 1024px\" \/><\/figure>\n\n\n\n<p><\/p>\n\n\n\n<p><strong>illycaff\u00e8<\/strong>&nbsp;\u00e9 uma empresa familiar italiana fundada em 1933, em Trieste, que tem como miss\u00e3o oferecer o melhor caf\u00e9 ao mundo. Produz um exclusivo blend 100% Ar\u00e1bica composto por 9 ingredientes diferentes. A empresa seleciona apenas 1% dos melhores gr\u00e3os de Ar\u00e1bica do mundo. Todos os dias s\u00e3o servidas 8 milh\u00f5es de x\u00edcaras de caf\u00e9 illy em mais de 140 pa\u00edses em todo o mundo, nos caf\u00e9s, restaurantes e hot\u00e9is, em caf\u00e9s e lojas de marca pr\u00f3pria, em casa e nos escrit\u00f3rios, nos quais a empresa est\u00e1 presente atrav\u00e9s de filiais e distribuidores. Desde a sua funda\u00e7\u00e3o, illycaff\u00e8 tem direcionado as suas estrat\u00e9gias para um modelo de neg\u00f3cio sustent\u00e1vel, compromisso que refor\u00e7ou em 2019 ao adotar o estatuto de Benefit Company e em 2021 ao tornar-se a primeira empresa de caf\u00e9 italiana a obter a certifica\u00e7\u00e3o internacional B Corp. Desde 2013, a empresa \u00e9 tamb\u00e9m uma das Empresas Mais \u00c9ticas do Mundo. Tudo o que \u00e9 &#8220;made in illy&#8221; tem a ver com beleza e arte,&nbsp;princ\u00edpios fundamentais da marca, desde o seu logotipo, desenhado pelo artista James Rosenquist, at\u00e9 \u00e0s x\u00edcaras da illy Art Collection, decoradas por mais de 125 artistas internacionais, ou m\u00e1quinas de caf\u00e9 concebidas por designers de renome internacional. Com o objetivo de difundir a cultura de qualidade a produtores, baristas e amantes do caf\u00e9, a empresa desenvolveu a Universit\u00e0 del Caff\u00e8 que hoje realiza cursos em 25 pa\u00edses em todo o mundo. Em 2021, a Rh\u00f4ne Capital tornou-se acionista minorit\u00e1ria da illycaff\u00e8 com o objetivo de contribuir para os planos de crescimento internacional da empresa. Em 2022, a empresa contava com 1230 colaboradores e um volume de neg\u00f3cios de 567,7 milh\u00f5es de euros. A rede de caf\u00e9s illy de marca pr\u00f3pria tem 190 pontos de venda em 34 pa\u00edses.&nbsp;<\/p>\n","protected":false},"excerpt":{"rendered":"<p>As x\u00edcaras especialmente projetadas por Lee Ufan decoram o lounge da illy, ao lado de&#8230;<\/p>\n","protected":false},"author":1,"featured_media":12951,"comment_status":"closed","ping_status":"open","sticky":false,"template":"","format":"standard","meta":{"om_disable_all_campaigns":false,"_monsterinsights_skip_tracking":false,"_monsterinsights_sitenote_active":false,"_monsterinsights_sitenote_note":"","_monsterinsights_sitenote_category":0,"spay_email":""},"categories":[1],"tags":[],"jetpack_featured_media_url":"https:\/\/vimagazine.com.br\/wp-content\/uploads\/2024\/03\/da96a8c7-ed5b-49a8-a32e-a0d32ea16bb8-1.png","_links":{"self":[{"href":"https:\/\/vimagazine.com.br\/index.php?rest_route=\/wp\/v2\/posts\/12948"}],"collection":[{"href":"https:\/\/vimagazine.com.br\/index.php?rest_route=\/wp\/v2\/posts"}],"about":[{"href":"https:\/\/vimagazine.com.br\/index.php?rest_route=\/wp\/v2\/types\/post"}],"author":[{"embeddable":true,"href":"https:\/\/vimagazine.com.br\/index.php?rest_route=\/wp\/v2\/users\/1"}],"replies":[{"embeddable":true,"href":"https:\/\/vimagazine.com.br\/index.php?rest_route=%2Fwp%2Fv2%2Fcomments&post=12948"}],"version-history":[{"count":4,"href":"https:\/\/vimagazine.com.br\/index.php?rest_route=\/wp\/v2\/posts\/12948\/revisions"}],"predecessor-version":[{"id":12956,"href":"https:\/\/vimagazine.com.br\/index.php?rest_route=\/wp\/v2\/posts\/12948\/revisions\/12956"}],"wp:featuredmedia":[{"embeddable":true,"href":"https:\/\/vimagazine.com.br\/index.php?rest_route=\/wp\/v2\/media\/12951"}],"wp:attachment":[{"href":"https:\/\/vimagazine.com.br\/index.php?rest_route=%2Fwp%2Fv2%2Fmedia&parent=12948"}],"wp:term":[{"taxonomy":"category","embeddable":true,"href":"https:\/\/vimagazine.com.br\/index.php?rest_route=%2Fwp%2Fv2%2Fcategories&post=12948"},{"taxonomy":"post_tag","embeddable":true,"href":"https:\/\/vimagazine.com.br\/index.php?rest_route=%2Fwp%2Fv2%2Ftags&post=12948"}],"curies":[{"name":"wp","href":"https:\/\/api.w.org\/{rel}","templated":true}]}}