{"id":13111,"date":"2024-03-13T19:51:12","date_gmt":"2024-03-13T22:51:12","guid":{"rendered":"https:\/\/vimagazine.com.br\/?p=13111"},"modified":"2024-03-13T19:51:13","modified_gmt":"2024-03-13T22:51:13","slug":"raquel-se-apresenta-em-evento-na-sede-da-onu-em-nova-york","status":"publish","type":"post","link":"https:\/\/vimagazine.com.br\/?p=13111","title":{"rendered":"RAQUEL SE APRESENTA EM EVENTO NA SEDE DA ONU &#8211; EM NOVA YORK"},"content":{"rendered":"\n<p><\/p>\n\n\n\n<figure class=\"wp-block-image aligncenter size-large is-resized\"><img src=\"https:\/\/vimagazine.com.br\/wp-content\/uploads\/2024\/03\/63409b7d-a042-4cfc-8261-7e02a24f4640-768x1024.jpeg\" alt=\"\" class=\"wp-image-13112\" width=\"384\" height=\"512\" srcset=\"https:\/\/vimagazine.com.br\/wp-content\/uploads\/2024\/03\/63409b7d-a042-4cfc-8261-7e02a24f4640-768x1024.jpeg 768w, https:\/\/vimagazine.com.br\/wp-content\/uploads\/2024\/03\/63409b7d-a042-4cfc-8261-7e02a24f4640-225x300.jpeg 225w, https:\/\/vimagazine.com.br\/wp-content\/uploads\/2024\/03\/63409b7d-a042-4cfc-8261-7e02a24f4640-1152x1536.jpeg 1152w, https:\/\/vimagazine.com.br\/wp-content\/uploads\/2024\/03\/63409b7d-a042-4cfc-8261-7e02a24f4640-1024x1365.jpeg 1024w, https:\/\/vimagazine.com.br\/wp-content\/uploads\/2024\/03\/63409b7d-a042-4cfc-8261-7e02a24f4640.jpeg 1440w\" sizes=\"(max-width: 384px) 100vw, 384px\" \/><figcaption>Foto: Fernando Torquatto<\/figcaption><\/figure>\n\n\n\n<p class=\"has-medium-font-size\"><em><strong>Cantora duas vezes indicada ao Grammy torna-se a primeira mulher trans e negra a cantar nas Na\u00e7\u00f5es Unidas<\/strong><\/em><\/p>\n\n\n\n<p>A cantora Raquel canta, nesta quinta-feira (14), em evento do Pacto Global da ONU \u2013 Rede Brasil, em Nova York. A apresenta\u00e7\u00e3o ocorrer\u00e1 durante a programa\u00e7\u00e3o paralela \u00e0 68\u00aa Comiss\u00e3o Sobre a Situa\u00e7\u00e3o da Mulher (CSW), que foi criada em 1946 para debater temas globais de empoderamento e direitos femininos. E a artista est\u00e1 fazendo hist\u00f3ria, pois \u00e9 a primeira mulher trans e negra a se apresentar na sede das Na\u00e7\u00f5es Unidas.<\/p>\n\n\n\n<p>A performance musical da cantora paulistana ser\u00e1 uma homenagem a duas mulheres essenciais da m\u00fasica brasileira, Rita Lee e Elza Soares. A obra de Gilberto Gil tamb\u00e9m ser\u00e1 lembrada no repert\u00f3rio.<\/p>\n\n\n\n<p>&#8220;Que honra, Brasil! Como artista, tenho muito a dizer sobre minhas viv\u00eancias como mulher, na sociedade em que vivemos. T\u00f4 feliz e realizada de poder transmitir essa mensagem via m\u00fasica, minha linguagem principal&#8221;, celebra.<\/p>\n\n\n\n<p>&#8220;Da me M\u00e1s&#8221;, primeira m\u00fasica de trabalho de Raquel, chega a todas as plataformas musicais no dia seguinte ao evento da ONU, na sexta-feira (15). Primeira amostra do \u00e1lbum de estreia da cantora, a can\u00e7\u00e3o revela uma faceta mais pop, sexualmente livre e divertida de sua int\u00e9rprete, que chegou a ser indicada ao Grammy Latino duas vezes por seu trabalho na banda As Ba\u00edas.&nbsp;<\/p>\n\n\n\n<p><strong>REPERT\u00d3RIO: RAQUEL NA ONU<\/strong><\/p>\n\n\n\n<p>Que Bloco \u00c9 Esse? (Gilberto Gil)<\/p>\n\n\n\n<p>Volta por Cima (homenagem a Elza Soares)<\/p>\n\n\n\n<p>Pagu (homenagem a Rita Lee)<\/p>\n","protected":false},"excerpt":{"rendered":"<p>Cantora duas vezes indicada ao Grammy torna-se a primeira mulher trans e negra a cantar&#8230;<\/p>\n","protected":false},"author":1,"featured_media":13113,"comment_status":"closed","ping_status":"open","sticky":false,"template":"","format":"standard","meta":{"om_disable_all_campaigns":false,"_monsterinsights_skip_tracking":false,"_monsterinsights_sitenote_active":false,"_monsterinsights_sitenote_note":"","_monsterinsights_sitenote_category":0,"spay_email":""},"categories":[27,1],"tags":[],"jetpack_featured_media_url":"https:\/\/vimagazine.com.br\/wp-content\/uploads\/2024\/03\/63409b7d-a042-4cfc-8261-7e02a24f4640-1.jpeg","_links":{"self":[{"href":"https:\/\/vimagazine.com.br\/index.php?rest_route=\/wp\/v2\/posts\/13111"}],"collection":[{"href":"https:\/\/vimagazine.com.br\/index.php?rest_route=\/wp\/v2\/posts"}],"about":[{"href":"https:\/\/vimagazine.com.br\/index.php?rest_route=\/wp\/v2\/types\/post"}],"author":[{"embeddable":true,"href":"https:\/\/vimagazine.com.br\/index.php?rest_route=\/wp\/v2\/users\/1"}],"replies":[{"embeddable":true,"href":"https:\/\/vimagazine.com.br\/index.php?rest_route=%2Fwp%2Fv2%2Fcomments&post=13111"}],"version-history":[{"count":1,"href":"https:\/\/vimagazine.com.br\/index.php?rest_route=\/wp\/v2\/posts\/13111\/revisions"}],"predecessor-version":[{"id":13114,"href":"https:\/\/vimagazine.com.br\/index.php?rest_route=\/wp\/v2\/posts\/13111\/revisions\/13114"}],"wp:featuredmedia":[{"embeddable":true,"href":"https:\/\/vimagazine.com.br\/index.php?rest_route=\/wp\/v2\/media\/13113"}],"wp:attachment":[{"href":"https:\/\/vimagazine.com.br\/index.php?rest_route=%2Fwp%2Fv2%2Fmedia&parent=13111"}],"wp:term":[{"taxonomy":"category","embeddable":true,"href":"https:\/\/vimagazine.com.br\/index.php?rest_route=%2Fwp%2Fv2%2Fcategories&post=13111"},{"taxonomy":"post_tag","embeddable":true,"href":"https:\/\/vimagazine.com.br\/index.php?rest_route=%2Fwp%2Fv2%2Ftags&post=13111"}],"curies":[{"name":"wp","href":"https:\/\/api.w.org\/{rel}","templated":true}]}}