{"id":13155,"date":"2024-03-17T21:22:29","date_gmt":"2024-03-18T00:22:29","guid":{"rendered":"https:\/\/vimagazine.com.br\/?p=13155"},"modified":"2024-03-18T14:32:04","modified_gmt":"2024-03-18T17:32:04","slug":"fig-lanca-campanha-com-fernanda-motta-em-almoco-exclusivo","status":"publish","type":"post","link":"https:\/\/vimagazine.com.br\/?p=13155","title":{"rendered":"FIG lan\u00e7a campanha com Fernanda Motta em almo\u00e7o exclusivo"},"content":{"rendered":"\n<p><\/p>\n\n\n\n<p>Jo Foresti e Fernanda Motta receberam ontem amigas e convidadas para um almo\u00e7o especial em comemora\u00e7\u00e3o ao lan\u00e7amento da cole\u00e7\u00e3o Eloquence da FIG Cool Leather.<\/p>\n\n\n\n<p>O encontro aconteceu no Gero Priv\u00ea, no Fasano, e contou com a participa\u00e7\u00e3o de 20 mulheres que puderam conhecer um pouco mais das novas cria\u00e7\u00f5es da marca e da campanha estrelada pela top.&nbsp;Ticiane Pinheiro, Mariana Rios, Mirella Santos, Patricia Romano, M\u00f4nica Salgado, Val\u00e9ria Almeida e Ju Ferraz foram algumas das mulheres presentes no almo\u00e7o.<\/p>\n\n\n\n<p>Jo Foresti, Diretora Criativa da FIG, comemorou o sucesso da campanha e a parceria com Fernanda Motta: &#8220;Estou muito feliz com esse almo\u00e7o e o lan\u00e7amento da cole\u00e7\u00e3o Eloquence; n\u00e3o poder\u00edamos ter outro rosto para nossa campanha que n\u00e3o fosse a Fernanda Motta. Al\u00e9m de admir\u00e1-la como mulher, ela tem a ess\u00eancia e a eloqu\u00eancia da mulher FIG e ver todas essas pot\u00eancias femininas reunidas, foi especial&#8221;.<\/p>\n\n\n\n<p>A campanha traz como ponto de partida o tema eloqu\u00eancia, que \u00e9 habilmente mesclado com o poder de express\u00e3o da mulher. A capacidade de falar e expressar-se com desenvoltura \u00e9 vista como uma ferramenta fundamental para construir uma imagem forte, seja por meio da escrita, orat\u00f3ria, imagem pessoal e, principalmente, da express\u00e3o por meio da moda. Para encapsular esses sentimentos e inspira\u00e7\u00f5es, Eloquence adota cinco palavras-chave que permeiam as cria\u00e7\u00f5es e os momentos da mulher FIG: for\u00e7a, express\u00e3o, moda, confian\u00e7a e narrativa.<\/p>\n\n\n\n<p><strong>FIG Cool Leather + Fernanda Motta<\/strong><\/p>\n\n\n\n<p><strong>ELOQUENCE<\/strong><\/p>\n\n\n\n<p><em>Modelo e apresentadora \u00e9 a estrela da campanha da marca que ressalta o poder de express\u00e3o da mulher.<\/em><\/p>\n\n\n\n<p>Com a chegada de uma nova temporada, o cen\u00e1rio se renova, trazendo consigo uma aura repleta de inspira\u00e7\u00e3o e estilo. A FIG.ura feminina da FIG se destaca como forte, expressiva e confiante, buscando sempre sua melhor vers\u00e3o. Ela \u00e9 a protagonista de sua pr\u00f3pria hist\u00f3ria, moldando sua moda de forma \u00fanica e aut\u00eantica. E, para celebrar a campanha &#8220;Eloquence&#8221;, Jo Foresti, Diretora Criativa da FIG, escolheu a top model Fernanda Motta.<\/p>\n\n\n\n<p>A rela\u00e7\u00e3o entre a FIG e Fernanda Motta come\u00e7ou quando ao compartilhar sua jornada desafiadora enfrentando o c\u00e2ncer de mama na capa de uma das revistas mais conceituadas do Brasil, Fernanda optou por vestir uma regata da FIG criada para apoiar a causa do Outubro Rosa, dando voz a esse tema t\u00e3o sens\u00edvel.<\/p>\n\n\n\n<p>&#8220;Minha rela\u00e7\u00e3o com a FIG foi uma surpresa maravilhosa! H\u00e1 alguns anos, me mandaram uma pe\u00e7a de cole\u00e7\u00e3o, uma regata rosa, logo depois, recebi meu diagn\u00f3stico de c\u00e2ncer de mama. Quando fui fazer a capa da revista CARAS usei essa pe\u00e7a, por conta da cor e corte. Ficou marcada para mim. Logo na sequ\u00eancia, fui procurada pela marca para trabalharmos juntos, e eu senti que era para ser. \u00c9 uma marca que me identifico bastante. N\u00e3o s\u00f3 pelo formato e corte do couro, mas pela eleg\u00e2ncia, tem a ver comigo. Todas as pessoas envolvidas no projeto mostram a felicidade e o amor por estarem fazendo o que amam, assim como eu. Esse \u00e9 o come\u00e7o de uma hist\u00f3ria que ser\u00e1 bonita de ser contada&#8221;, destaca Fernanda.<\/p>\n\n\n\n<p>A campanha traz como ponto de partida o tema eloqu\u00eancia, que \u00e9 habilmente mesclado com o poder de express\u00e3o da mulher. A capacidade de falar e expressar-se com desenvoltura \u00e9 vista como uma ferramenta fundamental para construir uma imagem forte, seja por meio da escrita, orat\u00f3ria, imagem pessoal e, principalmente, da express\u00e3o por meio da moda. Para encapsular esses sentimentos e inspira\u00e7\u00f5es, Eloquence adota cinco palavras-chave que permeiam as cria\u00e7\u00f5es e os momentos da mulher FIG: for\u00e7a, express\u00e3o, moda, confian\u00e7a e narrativa.<\/p>\n\n\n\n<p>&#8220;A minha forma de express\u00e3o sempre foi baseada na minha verdade. Ela \u00e9 forte porque \u00e9 a minha raiz, a minha veracidade e car\u00e1ter. Consigo transmitir isso quando me expresso e fa\u00e7o isso pela forma de me vestir, dos meus acess\u00f3rios, onde frequento e meu estilo de vida&#8221;, ressalta a estrela da campanha.<\/p>\n\n\n\n<p>A cole\u00e7\u00e3o Eloquence traz como destaque o Vestido Gutta, na cor Safira (azul), um dos favoritos de Fernanda. O&nbsp;modelo reflete uma forte conex\u00e3o com a moda contempor\u00e2nea e eleg\u00e2ncia atemporal.&nbsp;Sua modelagem ajustada oferece um visual confiante e vers\u00e1til para todas as ocasi\u00f5es. Com mangas longas e um decote canoa delicado, o vestido equilibra sutileza e ousadia. A fenda na medida certa proporciona eleg\u00e2ncia ao caminhar, enquanto os bolsos adicionam praticidade, um detalhe que conquistou a top model.<\/p>\n\n\n\n<p>A campanha ser\u00e1 lan\u00e7ada em 14 de mar\u00e7o com almo\u00e7o especial de Fernanda Motta e convidadas, apresentando composi\u00e7\u00f5es poderosas com as novas pe\u00e7as da FIG Cool Leather. As cria\u00e7\u00f5es s\u00e3o voltadas para mulheres que est\u00e3o sempre em busca da melhor express\u00e3o de si mesmas, de eloqu\u00eancia, assim como a Fernanda Motta que ao longo de sua consolidada carreira demonstra a cada ato de sua vida a for\u00e7a de ser mulher.<\/p>\n\n\n\n<p>&#8220;Minhas expectativas para esse lan\u00e7amento est\u00e3o alt\u00edssimas. O trabalho est\u00e1 lindo, tivemos muita sintonia! Trabalhar com uma marca que sempre respeitou e admirou minha trajet\u00f3ria e carreira \u00e9 um presente. Como profissional, isso \u00e9 o pr\u00eamio m\u00e1ximo para mim. O resultado ficou incr\u00edvel, \u00e9 um presente de 2024&#8221;, finaliza Fernanda.<\/p>\n\n\n\n<p><strong>Sobre a FIG Cool Leather<\/strong><\/p>\n\n\n\n<p>Expressando a ess\u00eancia da moda autoral, a FIG combina a liberdade do streetstyle com o respeito ao tempo do feito \u00e0 m\u00e3o. Especializada em couro nobre, a marca transcende as tend\u00eancias passageiras ao se associar ao luxo atrav\u00e9s de designs primorosos, com mat\u00e9ria-prima de qualidade, cortes impec\u00e1veis, eleg\u00e2ncia e distin\u00e7\u00e3o.<\/p>\n\n\n\n<p>A modelagem incompar\u00e1vel e os detalhes artesanais tornam as cole\u00e7\u00f5es da marca a escolha ideal para a mulher moderna, urbana e inteligente. Com uma linguagem contempor\u00e2nea, a FIG captura a ess\u00eancia da mulher que preza por um estilo cool e din\u00e2mico, sem nunca abrir m\u00e3o da eleg\u00e2ncia e distin\u00e7\u00e3o.<\/p>\n\n\n\n<p>Todo o processo de produ\u00e7\u00e3o \u00e9 conduzido de forma individual, desacelerada e manual, onde a qualidade \u00e9 controlada em cada etapa, pe\u00e7a por pe\u00e7a. A abordagem da FIG \u00e9 baseada no consumo consciente, na produ\u00e7\u00e3o em baixa escala e na valoriza\u00e7\u00e3o da cadeia produtiva local. O trabalho de cria\u00e7\u00e3o, aliado \u00e0 habilidade dos artes\u00e3os, garante uma pe\u00e7a eterna que permite muitas combina\u00e7\u00f5es ao longo do tempo, pois para a FIG, consumir menos \u00e9 consumir melhor.<\/p>\n\n\n\n<p>A moda FIG \u00e9 inspirada em mulheres que gostam de se expressar com clareza e independ\u00eancia, especialmente por meio da roupa. Valores como coragem, liberdade e a beleza da mulher em todas as idades s\u00e3o celebrados.<\/p>\n\n\n\n<p>&nbsp;Atrav\u00e9s da loja f\u00edsica e do site, a beleza e versatilidade das pe\u00e7as inspiram confian\u00e7a em mulheres espalhadas pelo Brasil, conquistando o cora\u00e7\u00e3o de influenciadoras e celebridades que desempenham um papel fundamental na hist\u00f3ria de sucesso da marca. A rela\u00e7\u00e3o pr\u00f3xima com as clientes &#8211; denominadas FIG.lovers &#8211; permite que a marca crie pe\u00e7as exclusivas, proporcionando uma experi\u00eancia cool e de luxo.<\/p>\n\n\n\n<p><\/p>\n\n\n\n<figure class=\"wp-container-2 wp-block-gallery-1 wp-block-gallery has-nested-images columns-default is-cropped\">\n<figure class=\"wp-block-image size-large\"><img width=\"682\" height=\"1024\" data-id=\"13156\"  src=\"https:\/\/vimagazine.com.br\/wp-content\/uploads\/2024\/03\/b95b25a6-50a7-42a3-a81c-d53f036fcea0.jpg\" alt=\"\" class=\"wp-image-13156\" srcset=\"https:\/\/vimagazine.com.br\/wp-content\/uploads\/2024\/03\/b95b25a6-50a7-42a3-a81c-d53f036fcea0.jpg 682w, https:\/\/vimagazine.com.br\/wp-content\/uploads\/2024\/03\/b95b25a6-50a7-42a3-a81c-d53f036fcea0-200x300.jpg 200w\" sizes=\"(max-width: 682px) 100vw, 682px\" \/><figcaption>ALmo\u00e7o<\/figcaption><\/figure>\n\n\n\n<figure class=\"wp-block-image size-large\"><img width=\"682\" height=\"1024\" data-id=\"13157\"  src=\"https:\/\/vimagazine.com.br\/wp-content\/uploads\/2024\/03\/15b3d883-d387-468f-ad21-24d81658146d.jpg\" alt=\"\" class=\"wp-image-13157\" srcset=\"https:\/\/vimagazine.com.br\/wp-content\/uploads\/2024\/03\/15b3d883-d387-468f-ad21-24d81658146d.jpg 682w, https:\/\/vimagazine.com.br\/wp-content\/uploads\/2024\/03\/15b3d883-d387-468f-ad21-24d81658146d-200x300.jpg 200w\" sizes=\"(max-width: 682px) 100vw, 682px\" \/><figcaption>Almo\u00e7o<\/figcaption><\/figure>\n\n\n\n<figure class=\"wp-block-image size-large\"><img width=\"682\" height=\"1024\" data-id=\"13158\"  src=\"https:\/\/vimagazine.com.br\/wp-content\/uploads\/2024\/03\/cedb7a5a-b57f-43c3-8cb8-1ca4b5af84d8.jpg\" alt=\"\" class=\"wp-image-13158\" srcset=\"https:\/\/vimagazine.com.br\/wp-content\/uploads\/2024\/03\/cedb7a5a-b57f-43c3-8cb8-1ca4b5af84d8.jpg 682w, https:\/\/vimagazine.com.br\/wp-content\/uploads\/2024\/03\/cedb7a5a-b57f-43c3-8cb8-1ca4b5af84d8-200x300.jpg 200w\" sizes=\"(max-width: 682px) 100vw, 682px\" \/><figcaption>VALERIA ALMEIDA<\/figcaption><\/figure>\n\n\n\n<figure class=\"wp-block-image size-large\"><img width=\"682\" height=\"1024\" data-id=\"13159\"  src=\"https:\/\/vimagazine.com.br\/wp-content\/uploads\/2024\/03\/97538925-7a65-407c-b36d-6ecc3595cc9e.jpg\" alt=\"\" class=\"wp-image-13159\" srcset=\"https:\/\/vimagazine.com.br\/wp-content\/uploads\/2024\/03\/97538925-7a65-407c-b36d-6ecc3595cc9e.jpg 682w, https:\/\/vimagazine.com.br\/wp-content\/uploads\/2024\/03\/97538925-7a65-407c-b36d-6ecc3595cc9e-200x300.jpg 200w\" sizes=\"(max-width: 682px) 100vw, 682px\" \/><figcaption><em>PATRICIA ROMANO<\/em><\/figcaption><\/figure>\n\n\n\n<figure class=\"wp-block-image size-large\"><img width=\"682\" height=\"1024\" data-id=\"13160\"  src=\"https:\/\/vimagazine.com.br\/wp-content\/uploads\/2024\/03\/88038899-17c0-4189-a498-e04e3cec2b13.jpg\" alt=\"\" class=\"wp-image-13160\" srcset=\"https:\/\/vimagazine.com.br\/wp-content\/uploads\/2024\/03\/88038899-17c0-4189-a498-e04e3cec2b13.jpg 682w, https:\/\/vimagazine.com.br\/wp-content\/uploads\/2024\/03\/88038899-17c0-4189-a498-e04e3cec2b13-200x300.jpg 200w\" sizes=\"(max-width: 682px) 100vw, 682px\" \/><figcaption>MIRELLA SANTOS E FERNANDA MOTTA<\/figcaption><\/figure>\n\n\n\n<figure class=\"wp-block-image size-large\"><img width=\"682\" height=\"1024\" data-id=\"13161\"  src=\"https:\/\/vimagazine.com.br\/wp-content\/uploads\/2024\/03\/0db0dd2e-3bd4-4fc0-bb6a-6ce6e54f587f.jpg\" alt=\"\" class=\"wp-image-13161\" srcset=\"https:\/\/vimagazine.com.br\/wp-content\/uploads\/2024\/03\/0db0dd2e-3bd4-4fc0-bb6a-6ce6e54f587f.jpg 682w, https:\/\/vimagazine.com.br\/wp-content\/uploads\/2024\/03\/0db0dd2e-3bd4-4fc0-bb6a-6ce6e54f587f-200x300.jpg 200w\" sizes=\"(max-width: 682px) 100vw, 682px\" \/><figcaption>KARINA SATO<\/figcaption><\/figure>\n\n\n\n<figure class=\"wp-block-image size-large\"><img width=\"682\" height=\"1024\" data-id=\"13162\"  src=\"https:\/\/vimagazine.com.br\/wp-content\/uploads\/2024\/03\/ae931e35-33b1-4576-b3e3-dea4e1c0f92d.jpg\" alt=\"\" class=\"wp-image-13162\" srcset=\"https:\/\/vimagazine.com.br\/wp-content\/uploads\/2024\/03\/ae931e35-33b1-4576-b3e3-dea4e1c0f92d.jpg 682w, https:\/\/vimagazine.com.br\/wp-content\/uploads\/2024\/03\/ae931e35-33b1-4576-b3e3-dea4e1c0f92d-200x300.jpg 200w\" sizes=\"(max-width: 682px) 100vw, 682px\" \/><figcaption>JU FERRAZ, CECILIA SAINT VITEUX E JO FORESTI<\/figcaption><\/figure>\n\n\n\n<figure class=\"wp-block-image size-large\"><img width=\"682\" height=\"1024\" data-id=\"13163\"  src=\"https:\/\/vimagazine.com.br\/wp-content\/uploads\/2024\/03\/cfcf8426-28a5-490c-bf18-224386624f65.jpg\" alt=\"\" class=\"wp-image-13163\" srcset=\"https:\/\/vimagazine.com.br\/wp-content\/uploads\/2024\/03\/cfcf8426-28a5-490c-bf18-224386624f65.jpg 682w, https:\/\/vimagazine.com.br\/wp-content\/uploads\/2024\/03\/cfcf8426-28a5-490c-bf18-224386624f65-200x300.jpg 200w\" sizes=\"(max-width: 682px) 100vw, 682px\" \/><figcaption>JO FORESTI <\/figcaption><\/figure>\n\n\n\n<figure class=\"wp-block-image size-large\"><img width=\"682\" height=\"1024\" data-id=\"13164\"  src=\"https:\/\/vimagazine.com.br\/wp-content\/uploads\/2024\/03\/a19d8625-c66c-4f8f-ab22-7760bde0d33f.jpg\" alt=\"\" class=\"wp-image-13164\" srcset=\"https:\/\/vimagazine.com.br\/wp-content\/uploads\/2024\/03\/a19d8625-c66c-4f8f-ab22-7760bde0d33f.jpg 682w, https:\/\/vimagazine.com.br\/wp-content\/uploads\/2024\/03\/a19d8625-c66c-4f8f-ab22-7760bde0d33f-200x300.jpg 200w\" sizes=\"(max-width: 682px) 100vw, 682px\" \/><\/figure>\n\n\n\n<figure class=\"wp-block-image size-large\"><img width=\"682\" height=\"1024\" data-id=\"13165\"  src=\"https:\/\/vimagazine.com.br\/wp-content\/uploads\/2024\/03\/70fbf398-0112-484d-bcb9-156bcd4c131d.jpg\" alt=\"\" class=\"wp-image-13165\" srcset=\"https:\/\/vimagazine.com.br\/wp-content\/uploads\/2024\/03\/70fbf398-0112-484d-bcb9-156bcd4c131d.jpg 682w, https:\/\/vimagazine.com.br\/wp-content\/uploads\/2024\/03\/70fbf398-0112-484d-bcb9-156bcd4c131d-200x300.jpg 200w\" sizes=\"(max-width: 682px) 100vw, 682px\" \/><figcaption>JO FORESTI E BRUNA REZENDE<\/figcaption><\/figure>\n\n\n\n<figure class=\"wp-block-image size-large\"><img width=\"682\" height=\"1024\" data-id=\"13166\"  src=\"https:\/\/vimagazine.com.br\/wp-content\/uploads\/2024\/03\/af8e87ce-e552-4bc4-aeab-9970378d275b.jpg\" alt=\"\" class=\"wp-image-13166\" srcset=\"https:\/\/vimagazine.com.br\/wp-content\/uploads\/2024\/03\/af8e87ce-e552-4bc4-aeab-9970378d275b.jpg 682w, https:\/\/vimagazine.com.br\/wp-content\/uploads\/2024\/03\/af8e87ce-e552-4bc4-aeab-9970378d275b-200x300.jpg 200w\" sizes=\"(max-width: 682px) 100vw, 682px\" \/><figcaption>FERNANDA MOTTA, JO FORESTI E MONICA SALGADO<\/figcaption><\/figure>\n<\/figure>\n\n\n\n<p><\/p>\n\n\n\n<p><strong>Quem Faz a FIG Cool Leather<\/strong><\/p>\n\n\n\n<p>A FIG Cool Leather foi criada por Jo Foresti, cuja paix\u00e3o pela moda moldou o nascimento da marca desde o in\u00edcio. Sua inf\u00e2ncia, passada acompanhando seu pai em uma f\u00e1brica de cal\u00e7ados da fam\u00edlia, tra\u00e7ou os primeiros passos de sua jornada e alimentou seu amor pela moda. Foi dividindo a rotina com o pai na f\u00e1brica da fam\u00edlia que Jo absorveu o conhecimento sobre o trabalho com couro e desvendou os segredos do desenvolvimento de produtos.<\/p>\n\n\n\n<p>Em busca incessante de novas experi\u00eancias, cursou Design no Brasil e, ap\u00f3s sua gradua\u00e7\u00e3o, partiu para Londres, onde realizou uma especializa\u00e7\u00e3o em Design de Moda na San Martin Art School. Ao retornar \u00e0 sua terra natal, a empres\u00e1ria realizou uma p\u00f3s-gradua\u00e7\u00e3o em Design Estrat\u00e9gico, que se revelou um ponto de virada crucial para sua vis\u00e3o empreendedora. Nesse momento, imersa em uma fase em que valorizava a qualidade sobre a quantidade na moda, Jo deu vida \u00e0 FIG Cool Leather.<\/p>\n\n\n\n<p>A op\u00e7\u00e3o pelo couro como principal mat\u00e9ria-prima de suas cria\u00e7\u00f5es n\u00e3o foi por acaso. A empres\u00e1ria acredita na for\u00e7a desse material e nas in\u00fameras possibilidades que ele oferece. Seja na moda feminina, acess\u00f3rios ou cal\u00e7ados, ela enxerga a vastid\u00e3o de op\u00e7\u00f5es que podem ser exploradas com ele. Para Jo, a dificuldade inerente ao trabalho com essa mat\u00e9ria-prima \u00e9 o que mais a encanta. A adversidade gera a motiva\u00e7\u00e3o para criar e fazer acontecer de maneira t\u00e3o distinta.<\/p>\n\n\n\n<p>Sua miss\u00e3o em expandir seu talento e conceber cria\u00e7\u00f5es memor\u00e1veis em couro tem um prop\u00f3sito claro: acompanhar e inspirar mulheres fascinantes que expressam sua personalidade com irrever\u00eancia e frescor, proporcionando-lhes uma experi\u00eancia de compra \u00edntima e personalizada.<\/p>\n\n\n\n<p>&#8220;Quando decidi criar a FIG, n\u00e3o queria apenas lan\u00e7ar mais uma marca no mercado e sim fazer a diferen\u00e7a na vida de cada mulher que comprasse uma pe\u00e7a FIG. Por isso, cada produto \u00e9 cuidadosamente produzido de forma manual, garantindo qualidade em cada etapa. Priorizamos o consumo consciente, resultando em uma pe\u00e7a eterna. Nossa moda \u00e9 uma express\u00e3o de coragem, liberdade e beleza feminina, celebrando a individualidade e a clareza na express\u00e3o pessoal.&#8221;, Jo Foresti \u2013 Diretora Criativa da FIG.<\/p>\n\n\n\n<p><\/p>\n\n\n\n<p><\/p>\n","protected":false},"excerpt":{"rendered":"<p>Jo Foresti e Fernanda Motta receberam ontem amigas e convidadas para um almo\u00e7o especial em&#8230;<\/p>\n","protected":false},"author":1,"featured_media":13171,"comment_status":"closed","ping_status":"open","sticky":false,"template":"","format":"standard","meta":{"om_disable_all_campaigns":false,"_monsterinsights_skip_tracking":false,"_monsterinsights_sitenote_active":false,"_monsterinsights_sitenote_note":"","_monsterinsights_sitenote_category":0,"spay_email":""},"categories":[1],"tags":[],"jetpack_featured_media_url":"https:\/\/vimagazine.com.br\/wp-content\/uploads\/2024\/03\/04c03eef-a29f-47d2-b180-4a73493de170-2.jpg","_links":{"self":[{"href":"https:\/\/vimagazine.com.br\/index.php?rest_route=\/wp\/v2\/posts\/13155"}],"collection":[{"href":"https:\/\/vimagazine.com.br\/index.php?rest_route=\/wp\/v2\/posts"}],"about":[{"href":"https:\/\/vimagazine.com.br\/index.php?rest_route=\/wp\/v2\/types\/post"}],"author":[{"embeddable":true,"href":"https:\/\/vimagazine.com.br\/index.php?rest_route=\/wp\/v2\/users\/1"}],"replies":[{"embeddable":true,"href":"https:\/\/vimagazine.com.br\/index.php?rest_route=%2Fwp%2Fv2%2Fcomments&post=13155"}],"version-history":[{"count":2,"href":"https:\/\/vimagazine.com.br\/index.php?rest_route=\/wp\/v2\/posts\/13155\/revisions"}],"predecessor-version":[{"id":13186,"href":"https:\/\/vimagazine.com.br\/index.php?rest_route=\/wp\/v2\/posts\/13155\/revisions\/13186"}],"wp:featuredmedia":[{"embeddable":true,"href":"https:\/\/vimagazine.com.br\/index.php?rest_route=\/wp\/v2\/media\/13171"}],"wp:attachment":[{"href":"https:\/\/vimagazine.com.br\/index.php?rest_route=%2Fwp%2Fv2%2Fmedia&parent=13155"}],"wp:term":[{"taxonomy":"category","embeddable":true,"href":"https:\/\/vimagazine.com.br\/index.php?rest_route=%2Fwp%2Fv2%2Fcategories&post=13155"},{"taxonomy":"post_tag","embeddable":true,"href":"https:\/\/vimagazine.com.br\/index.php?rest_route=%2Fwp%2Fv2%2Ftags&post=13155"}],"curies":[{"name":"wp","href":"https:\/\/api.w.org\/{rel}","templated":true}]}}