{"id":13187,"date":"2024-03-18T17:24:47","date_gmt":"2024-03-18T20:24:47","guid":{"rendered":"https:\/\/vimagazine.com.br\/?p=13187"},"modified":"2024-03-18T17:40:52","modified_gmt":"2024-03-18T20:40:52","slug":"claudia-metne-celebra-dia-internacional-da-mulher-com-um-evento-memoravel","status":"publish","type":"post","link":"https:\/\/vimagazine.com.br\/?p=13187","title":{"rendered":"Claudia M\u00e9tne  celebra Dia Internacional da Mulher com um evento memor\u00e1vel"},"content":{"rendered":"\n<figure class=\"wp-block-image aligncenter size-large is-resized\"><img src=\"https:\/\/vimagazine.com.br\/wp-content\/uploads\/2024\/03\/WhatsApp-Image-2024-03-16-at-14.22.47-2-854x1024.jpeg\" alt=\"\" class=\"wp-image-13188\" width=\"476\" height=\"571\" srcset=\"https:\/\/vimagazine.com.br\/wp-content\/uploads\/2024\/03\/WhatsApp-Image-2024-03-16-at-14.22.47-2-854x1024.jpeg 854w, https:\/\/vimagazine.com.br\/wp-content\/uploads\/2024\/03\/WhatsApp-Image-2024-03-16-at-14.22.47-2-250x300.jpeg 250w, https:\/\/vimagazine.com.br\/wp-content\/uploads\/2024\/03\/WhatsApp-Image-2024-03-16-at-14.22.47-2-768x920.jpeg 768w, https:\/\/vimagazine.com.br\/wp-content\/uploads\/2024\/03\/WhatsApp-Image-2024-03-16-at-14.22.47-2-1024x1227.jpeg 1024w, https:\/\/vimagazine.com.br\/wp-content\/uploads\/2024\/03\/WhatsApp-Image-2024-03-16-at-14.22.47-2.jpeg 1068w\" sizes=\"(max-width: 476px) 100vw, 476px\" \/><\/figure>\n\n\n\n<figure class=\"wp-block-image aligncenter size-large is-resized\"><img src=\"https:\/\/vimagazine.com.br\/wp-content\/uploads\/2024\/03\/IMG-20240314-WA0282-1-1024x575.jpg\" alt=\"\" class=\"wp-image-13189\" width=\"557\" height=\"312\" srcset=\"https:\/\/vimagazine.com.br\/wp-content\/uploads\/2024\/03\/IMG-20240314-WA0282-1-1024x575.jpg 1024w, https:\/\/vimagazine.com.br\/wp-content\/uploads\/2024\/03\/IMG-20240314-WA0282-1-300x168.jpg 300w, https:\/\/vimagazine.com.br\/wp-content\/uploads\/2024\/03\/IMG-20240314-WA0282-1-768x431.jpg 768w, https:\/\/vimagazine.com.br\/wp-content\/uploads\/2024\/03\/IMG-20240314-WA0282-1-1536x862.jpg 1536w, https:\/\/vimagazine.com.br\/wp-content\/uploads\/2024\/03\/IMG-20240314-WA0282-1.jpg 1600w\" sizes=\"(max-width: 557px) 100vw, 557px\" \/><\/figure>\n\n\n\n<figure class=\"wp-block-image aligncenter size-large is-resized\"><img src=\"https:\/\/vimagazine.com.br\/wp-content\/uploads\/2024\/03\/WhatsApp-Image-2024-03-16-at-14.22.47-4-686x1024.jpeg\" alt=\"\" class=\"wp-image-13190\" width=\"441\" height=\"658\" srcset=\"https:\/\/vimagazine.com.br\/wp-content\/uploads\/2024\/03\/WhatsApp-Image-2024-03-16-at-14.22.47-4-686x1024.jpeg 686w, https:\/\/vimagazine.com.br\/wp-content\/uploads\/2024\/03\/WhatsApp-Image-2024-03-16-at-14.22.47-4-201x300.jpeg 201w, https:\/\/vimagazine.com.br\/wp-content\/uploads\/2024\/03\/WhatsApp-Image-2024-03-16-at-14.22.47-4-768x1147.jpeg 768w, https:\/\/vimagazine.com.br\/wp-content\/uploads\/2024\/03\/WhatsApp-Image-2024-03-16-at-14.22.47-4.jpeg 857w\" sizes=\"(max-width: 441px) 100vw, 441px\" \/><\/figure>\n\n\n\n<p>Tave Pharma e Claudia M\u00e9tne celebram o Dia Internacional da Mulher com um evento memor\u00e1vel!&nbsp;<\/p>\n\n\n\n<p>Em um dia dedicado a celebrar a for\u00e7a e a conquista feminina, a Tave Pharma proporcionou uma tarde inesquec\u00edvel para suas convidadas em uma de suas lojas.&nbsp;<\/p>\n\n\n\n<p>&nbsp;O evento, organizado por Claudia M\u00e9tne e Anelise Taleb, reuniu mulheres em um ambiente acolhedor e inspirador para celebrar o Dia Internacional da Mulher.As convidadas, vestidas com as camisas da Fascynios, tiveram a oportunidade de elaborar seus pr\u00f3prios cosm\u00e9ticos preferidos, com a orienta\u00e7\u00e3o e o suporte de profissionais experientes.&nbsp;<\/p>\n\n\n\n<p>Degustando del\u00edcias saborosas da Maxifour Comida Libanesa e apreciando a presen\u00e7a de diversos parceiros, as participantes se conectaram e celebraram juntas.O evento contou com a anima\u00e7\u00e3o do DJ Ricardo Fracari e da cantora Paulah Gauss, que criaram um ambiente vibrante e contagiante.&nbsp;<\/p>\n\n\n\n<p>A tarde na Tave Pharma foi mais do que um simples evento. Foi um momento de uni\u00e3o, empoderamento e celebra\u00e7\u00e3o da jornada feminina. Uma oportunidade para as mulheres se conectarem, compartilharem experi\u00eancias e se inspirarem umas nas outras.&nbsp;<\/p>\n\n\n\n<p>Ao promover este evento, a Tave Pharma juntamente com Claudia M\u00e9tne refor\u00e7a seu compromisso com a valoriza\u00e7\u00e3o da mulher e seu papel fundamental na sociedade. A empresa acredita na for\u00e7a e no potencial feminino e se dedica a criar oportunidades para que as mulheres brilhem e alcancem seus objetivos.&nbsp;<\/p>\n\n\n\n<p>Servi\u00e7o: Tave Pharma&nbsp;<\/p>\n\n\n\n<p>Local &#8211; Al Ministro Rocha Avezedo 1337&nbsp;<\/p>\n\n\n\n<p>Jardins- SP&nbsp;<\/p>\n\n\n\n<p>@tavepharma&nbsp;<\/p>\n\n\n\n<p>@claudiametne&nbsp;<\/p>\n\n\n\n<p>@cecbrasil&nbsp;<\/p>\n\n\n\n<p>@solangeasuzuki&nbsp;<\/p>\n\n\n\n<p>@br.deluz&nbsp;<\/p>\n\n\n\n<p>@dicapri_co&nbsp;<\/p>\n\n\n\n<p>@maxifour&nbsp;<\/p>\n\n\n\n<p>@giloricchio&nbsp;<\/p>\n\n\n\n<p>@quintavalentina.alessandra&nbsp;<\/p>\n\n\n\n<p>@adrisiqueira_bolsaseacessorios&nbsp;<\/p>\n\n\n\n<p>@granolasdagaby&nbsp;<\/p>\n\n\n\n<p>@paulahgauss&nbsp;<\/p>\n\n\n\n<p>@bffsemijoias&nbsp;<\/p>\n\n\n\n<p>@ricardofracari&nbsp;<\/p>\n\n\n\n<p>@lollo.tenucci&nbsp;<\/p>\n\n\n\n<p>@sleepsolutions&nbsp;<\/p>\n\n\n\n<p>@dicabaeza&nbsp;<\/p>\n\n\n\n<p>@azucarstore&nbsp;<\/p>\n\n\n\n<p>@renatapassarin&nbsp;<\/p>\n\n\n\n<p>@paulinho.ladeira&nbsp;<\/p>\n\n\n\n<p>@drapatricianakahodo&nbsp;<\/p>\n\n\n\n<p>@starhousevarais&nbsp;<\/p>\n\n\n\n<p>@brunnodematteo&nbsp;<\/p>\n\n\n\n<p>@chefgabycosta&nbsp;<\/p>\n","protected":false},"excerpt":{"rendered":"<p>Tave Pharma e Claudia M\u00e9tne celebram o Dia Internacional da Mulher com um evento memor\u00e1vel!&nbsp;&#8230;<\/p>\n","protected":false},"author":19,"featured_media":13194,"comment_status":"closed","ping_status":"open","sticky":false,"template":"","format":"standard","meta":{"om_disable_all_campaigns":false,"_monsterinsights_skip_tracking":false,"_monsterinsights_sitenote_active":false,"_monsterinsights_sitenote_note":"","_monsterinsights_sitenote_category":0,"spay_email":""},"categories":[26],"tags":[],"jetpack_featured_media_url":"https:\/\/vimagazine.com.br\/wp-content\/uploads\/2024\/03\/Captura-de-tela-2024-03-18-173732.jpg","_links":{"self":[{"href":"https:\/\/vimagazine.com.br\/index.php?rest_route=\/wp\/v2\/posts\/13187"}],"collection":[{"href":"https:\/\/vimagazine.com.br\/index.php?rest_route=\/wp\/v2\/posts"}],"about":[{"href":"https:\/\/vimagazine.com.br\/index.php?rest_route=\/wp\/v2\/types\/post"}],"author":[{"embeddable":true,"href":"https:\/\/vimagazine.com.br\/index.php?rest_route=\/wp\/v2\/users\/19"}],"replies":[{"embeddable":true,"href":"https:\/\/vimagazine.com.br\/index.php?rest_route=%2Fwp%2Fv2%2Fcomments&post=13187"}],"version-history":[{"count":2,"href":"https:\/\/vimagazine.com.br\/index.php?rest_route=\/wp\/v2\/posts\/13187\/revisions"}],"predecessor-version":[{"id":13195,"href":"https:\/\/vimagazine.com.br\/index.php?rest_route=\/wp\/v2\/posts\/13187\/revisions\/13195"}],"wp:featuredmedia":[{"embeddable":true,"href":"https:\/\/vimagazine.com.br\/index.php?rest_route=\/wp\/v2\/media\/13194"}],"wp:attachment":[{"href":"https:\/\/vimagazine.com.br\/index.php?rest_route=%2Fwp%2Fv2%2Fmedia&parent=13187"}],"wp:term":[{"taxonomy":"category","embeddable":true,"href":"https:\/\/vimagazine.com.br\/index.php?rest_route=%2Fwp%2Fv2%2Fcategories&post=13187"},{"taxonomy":"post_tag","embeddable":true,"href":"https:\/\/vimagazine.com.br\/index.php?rest_route=%2Fwp%2Fv2%2Ftags&post=13187"}],"curies":[{"name":"wp","href":"https:\/\/api.w.org\/{rel}","templated":true}]}}