{"id":13216,"date":"2024-03-19T17:40:47","date_gmt":"2024-03-19T20:40:47","guid":{"rendered":"https:\/\/vimagazine.com.br\/?p=13216"},"modified":"2024-03-19T17:40:48","modified_gmt":"2024-03-19T20:40:48","slug":"intervencao-do-artista-visual-jean-smekatz-acontece-no-final-de-marco","status":"publish","type":"post","link":"https:\/\/vimagazine.com.br\/?p=13216","title":{"rendered":"INTERVEN\u00c7\u00c3O DO ARTISTA VISUAL JEAN SMEKATZ ACONTECE NO FINAL DE MAR\u00c7O"},"content":{"rendered":"\n<p class=\"has-text-align-center\"><em>2\u00aa apresenta\u00e7\u00e3o da s\u00e9rie de interven\u00e7\u00f5es executadas em espa\u00e7os p\u00fablicos de Joinville, questiona o universo LGBTQIA<\/em>+<em>&nbsp;em v\u00e1rios aspectos.<\/em><\/p>\n\n\n\n<p class=\"has-text-align-center\">No dia 30 de mar\u00e7o, s\u00e1bado, \u00e1s 11h, no Museu Nacional de Imigra\u00e7\u00e3o e Coloniza\u00e7\u00e3o, em Joinville, o artista visual e performer Jean Smekatz, dar\u00e1 sequ\u00eancia a s\u00e9rie de interven\u00e7\u00f5es art\u00edsticas iniciadas em dezembro, em locais emblem\u00e1ticos e simb\u00f3licos da maior cidade catarinense. <\/p>\n\n\n\n<p class=\"has-text-align-center\">O projeto que mescla, dan\u00e7a, teatro e artes visuais, \u00e9 Intitulado \u201cTrabalho de Corpo\u201d, tem \u00a0a curadoria da renomada atriz- dan\u00e7arina, performer e professora de dan\u00e7a Marta Soares, e \u00e9 financiado pelo Sistema Municipal de Desenvolvimento pela Cultura (SIMDEC).<\/p>\n\n\n\n<p class=\"has-text-align-center\">\u00a0\u00a0\u00a0\u00a0\u00a0\u00a0\u00a0\u00a0\u00a0\u00a0\u00a0\u00a0\u00a0\u00a0 Jean apresentou no final do ano passado no Museu de Arte de Joinville, a performance\u00a0&#8220;Derra-mar&#8221;, agora ser\u00e1 a vez de apresentar para os Joinvilenses a performance &#8220;Rito de \u00c9thos &#8211;\u00a0<em>Para o Arm\u00e1rio Jamais Voltaremos\u201d,\u00a0<\/em>um trabalho onde as energias das cores ganham vida. <\/p>\n\n\n\n<figure class=\"wp-block-image aligncenter size-large\"><img width=\"576\" height=\"1024\" src=\"https:\/\/vimagazine.com.br\/wp-content\/uploads\/2024\/03\/PHOTO-2024-03-13-13-58-00-576x1024.jpg\" alt=\"\" class=\"wp-image-13218\" srcset=\"https:\/\/vimagazine.com.br\/wp-content\/uploads\/2024\/03\/PHOTO-2024-03-13-13-58-00-576x1024.jpg 576w, https:\/\/vimagazine.com.br\/wp-content\/uploads\/2024\/03\/PHOTO-2024-03-13-13-58-00-169x300.jpg 169w, https:\/\/vimagazine.com.br\/wp-content\/uploads\/2024\/03\/PHOTO-2024-03-13-13-58-00-768x1365.jpg 768w, https:\/\/vimagazine.com.br\/wp-content\/uploads\/2024\/03\/PHOTO-2024-03-13-13-58-00-864x1536.jpg 864w, https:\/\/vimagazine.com.br\/wp-content\/uploads\/2024\/03\/PHOTO-2024-03-13-13-58-00.jpg 900w\" sizes=\"(max-width: 576px) 100vw, 576px\" \/><\/figure>\n\n\n\n<p class=\"has-text-align-center\">Seis bacias revelam l\u00edquidos em matizes vibrantes. <\/p>\n\n\n\n<p class=\"has-text-align-center\">O artista, imerso na 4\u00aa Sinfonia de\u00a0Tchaikovsky,\u00a0tingi\u00a0tecidos e os estende no interior de um arm\u00e1rio, criando uma pintura no campo expandido. <\/p>\n\n\n\n<p class=\"has-text-align-center\">Ao t\u00e9rmino, o arm\u00e1rio, repleto de cores e hist\u00f3rias, torna-se uma testemunha da dan\u00e7a vibrante e po\u00e9tica.<\/p>\n\n\n\n<p class=\"has-text-align-center\">\u00a0\u00a0\u00a0\u00a0\u00a0\u00a0\u00a0\u00a0\u00a0\u00a0\u00a0\u00a0\u00a0\u00a0 O artista com essa performance, que se utiliza da subjetividade, semi\u00f3tica, e principalmente um termo muito utilizado no movimento LGTBTQIA+, que \u00e9 o termo; \u2018no arm\u00e1rio\u2019, onde pessoas ainda n\u00e3o assumiram sua op\u00e7\u00e3o sexual, ou seja, por medo, preconceito, retalia\u00e7\u00e3o por parte de amigos e familiares, esconde e isola-se na sua orienta\u00e7\u00e3o sexual, grita por liberdade e respeito.\u00a0<\/p>\n\n\n\n<p class=\"has-text-align-center\"> Segundo o artista:<em>\u00a0\u2018<\/em>N\u00f3s n\u00e3o aceitamos retrocessos nos nossos direitos, n\u00e3o queremos voltar a viver em guetos ou ter nossas rela\u00e7\u00f5es n\u00e3o reconhecidas.<\/p>\n\n\n\n<p class=\"has-text-align-center\"> Para o arm\u00e1rio a gente n\u00e3o volta mais. <\/p>\n\n\n\n<p class=\"has-text-align-center\">Para a clandestinidade e a marginalidade n\u00e3o voltamos mais, e \u00e9 muito importante expressar isso atrav\u00e9s da arte tamb\u00e9m\u2019.<\/p>\n\n\n\n<p class=\"has-text-align-center\"><strong>JEAN SMEKATZ<\/strong><\/p>\n\n\n\n<figure class=\"wp-block-image size-large\"><img width=\"1024\" height=\"683\" src=\"https:\/\/vimagazine.com.br\/wp-content\/uploads\/2024\/03\/Rito-de-Ethos-Jean-Smekatz7-1024x683.jpg\" alt=\"\" class=\"wp-image-13219\" srcset=\"https:\/\/vimagazine.com.br\/wp-content\/uploads\/2024\/03\/Rito-de-Ethos-Jean-Smekatz7-1024x683.jpg 1024w, https:\/\/vimagazine.com.br\/wp-content\/uploads\/2024\/03\/Rito-de-Ethos-Jean-Smekatz7-300x200.jpg 300w, https:\/\/vimagazine.com.br\/wp-content\/uploads\/2024\/03\/Rito-de-Ethos-Jean-Smekatz7-768x512.jpg 768w, https:\/\/vimagazine.com.br\/wp-content\/uploads\/2024\/03\/Rito-de-Ethos-Jean-Smekatz7-1536x1024.jpg 1536w, https:\/\/vimagazine.com.br\/wp-content\/uploads\/2024\/03\/Rito-de-Ethos-Jean-Smekatz7.jpg 1920w\" sizes=\"(max-width: 1024px) 100vw, 1024px\" \/><\/figure>\n\n\n\n<p class=\"has-text-align-center\">Jean Smekatz \u00e9 um artista visual natural de Rio Negro, Paran\u00e1, que atualmente reside e trabalha entre Joinville, Santa Catarina e S\u00e3o Paulo.<\/p>\n\n\n\n<p class=\"has-text-align-center\"> Sua jornada art\u00edstica come\u00e7ou na inf\u00e2ncia, atrav\u00e9s da participa\u00e7\u00e3o em grupos de teatro e escolas de dan\u00e7a, o que o levou a participar de eventos de renome internacional, como o Festival de Dan\u00e7a de Joinville e a Mostra Paranaense de Dan\u00e7a. Smekatz \u00e9 bacharel em Design de Moda e estudou disciplinas do bacharelado em Artes Visuais, ambos na Universidade da Regi\u00e3o de Joinville (Univille).<\/p>\n\n\n\n<p class=\"has-text-align-center\">\u2002\u2002\u2002\u2002\u2002\u2002Al\u00e9m disso, ele possui forma\u00e7\u00e3o em artes atrav\u00e9s de cursos livres e acompanhamento de artistas e curadores da cena art\u00edstica nacional, incluindo a participa\u00e7\u00e3o na Resid\u00eancia Art\u00edstica Expressionismo Abstrato, conduzida por Ricardo Kolb, na Galeria 33, a mesma que o representa.<\/p>\n\n\n\n<p class=\"has-text-align-center\">Smekatz executou in\u00fameros projetos de arte, cultura, design e moda, sendo um dos destaques a concep\u00e7\u00e3o do Carnaval para uma das escolas de samba mais antigas de SC, a Pr\u00edncipes do Samba.<\/p>\n\n\n\n<p class=\"has-text-align-center\">\u2002\u2002\u2002\u2002\u2002\u2002Como artista visual, ele apresentou a performance \u201cDerra_mar\u201d, no Centro de Artes e Design da Universidades da regi\u00e3o de Joinville (Univille) em 2021. <\/p>\n\n\n\n<p class=\"has-text-align-center\">Em 2022 inaugurou o projeto \u201cGaleria a c\u00e9u aberto\u201d, da Galeria Municipal Victor Kursancew, com a performance \u201cActus\u201d. <\/p>\n\n\n\n<p class=\"has-text-align-center\">Em 2023 participou da coletiva Jovens artistas Catarinenses na Galeria de Arte Contempor\u00e2nea da Funda\u00e7\u00e3o Cultural de Crici\u00fama e Vis\u00f5es Catarinenses na Galeria 33. <\/p>\n\n\n\n<p class=\"has-text-align-center\">\u00a0Em 2023 o artista \u00a0viabilizou via lei de incentivo o projeto Trabalho de Corpo com performances no Museu de Arte de Joinville.<\/p>\n\n\n\n<p class=\"has-text-align-center\">\u2002\u2002\u2002\u2002\u2002\u2002Smekatz integra como artista o curso na Escola da Cidade, Reflex\u00e3o e Pintura com orienta\u00e7\u00e3o do artista Paulo Pasta, tamb\u00e9m \u00e9 conselheiro da AAPLAJ &#8211; Associa\u00e7\u00e3o de Artistas Pl\u00e1sticos de Joinville e do Museu de Arte Contempor\u00e2nea Luiz Henrique Schwanke | Mac Schwanke.<\/p>\n\n\n\n<p class=\"has-text-align-center\"><strong>MARTA SOARES<\/strong><\/p>\n\n\n\n<p class=\"has-text-align-center\">Marta Soares \u00e9 dan\u00e7arina e core\u00f3grafa. Completou o One Year Course no Laban Centre for Movement and Dance em Londres. <\/p>\n\n\n\n<figure class=\"wp-block-image size-large\"><img width=\"1024\" height=\"683\" src=\"https:\/\/vimagazine.com.br\/wp-content\/uploads\/2024\/03\/Rito-de-Ethos-Jean-Smekatz9-1024x683.jpg\" alt=\"\" class=\"wp-image-13220\" srcset=\"https:\/\/vimagazine.com.br\/wp-content\/uploads\/2024\/03\/Rito-de-Ethos-Jean-Smekatz9-1024x683.jpg 1024w, https:\/\/vimagazine.com.br\/wp-content\/uploads\/2024\/03\/Rito-de-Ethos-Jean-Smekatz9-300x200.jpg 300w, https:\/\/vimagazine.com.br\/wp-content\/uploads\/2024\/03\/Rito-de-Ethos-Jean-Smekatz9-768x512.jpg 768w, https:\/\/vimagazine.com.br\/wp-content\/uploads\/2024\/03\/Rito-de-Ethos-Jean-Smekatz9-1536x1024.jpg 1536w, https:\/\/vimagazine.com.br\/wp-content\/uploads\/2024\/03\/Rito-de-Ethos-Jean-Smekatz9.jpg 1920w\" sizes=\"(max-width: 1024px) 100vw, 1024px\" \/><\/figure>\n\n\n\n<p class=\"has-text-align-center\">Em Nova Iorque completou o bacharelado em artes (BA) no Empire State College na State University of New York (SUNY), o Certificado em An\u00e1lise de Movimento Laban (CMA) no Laban\/Bartenieff Institute of Movement Studies (LIMS), estudou e trabalhou com a diretora e dramaturga Lee Nagrin (fundadora do grupo \u201cThe House\u201d dirigido por Meredith Monk e ganhadora do Pr\u00eamio OBIE em dramaturgia) e nas escolas Movement Research, Susan Klein, Alwin Nickolais, entre outras. <\/p>\n\n\n\n<p class=\"has-text-align-center\">Apresentou seus trabalhos em show cases em v\u00e1rios teatros downtown de Nova Iorque, entre os quais destacam-se: PS 122, DIA Arts Foundation e The Knitting Factory. Recebeu a Bolsa para artistas da Funda\u00e7\u00e3o Jap\u00e3o atrav\u00e9s da qual estudou dan\u00e7a but\u00f4 com Kazuo Ohno em T\u00f3quio.<\/p>\n\n\n\n<p class=\"has-text-align-center\">Os seus trabalhos foram apresentados em v\u00e1rios festivais nacionais e internacionais, tais como: F\u00f3rum Internacional de Dan\u00e7a em Belo Horizonte (FID), Festival Panorama Rio Arte de Dan\u00e7a, Festival Porto Alegre Em Cena, Festival Internacional de Dan\u00e7a de Recife, Bienal Internacional de Dan\u00e7a do Cear\u00e1 e Festival de Dan\u00e7a de Joinville. Festival Temps d\u2019Images no CentQuatre em Paris, Fran\u00e7a, Festival Queer Zagreb em Zagreb, Cro\u00e1cia, Festival Europ\u00e1lia no The Single na Antuerpia, B\u00e9lgica e Festival In Transit na Haus der Culturen der Welt em Berlim, Alemanha.<\/p>\n\n\n\n<p class=\"has-text-align-center\">\u00c9 mestre em Comunica\u00e7\u00e3o e Semi\u00f3tica e doutora em Psicologia Cl\u00ednica\/Artes (N\u00facleo de Subjetividade) pela Pontif\u00edcia Universidade Cat\u00f3lica de S\u00e3o Paulo, onde tamb\u00e9m lecionou na Faculdade das Artes do Corpo no per\u00edodo entre 1999 e 2012. <\/p>\n\n\n\n<p class=\"has-text-align-center\">A artista tem quatro pr\u00eamios da APCA (Associa\u00e7\u00e3o Paulista de Cr\u00edticos de Arte) na \u00e1rea da dan\u00e7a.<\/p>\n\n\n\n<p class=\"has-text-align-center\"><strong>CRONOGRAMA DAS PERFORMANCES<\/strong><\/p>\n\n\n\n<p class=\"has-text-align-center\"><strong>Performance Rito de \u00c9thos<\/strong><\/p>\n\n\n\n<p class=\"has-text-align-center\"><strong>Quando:<\/strong>&nbsp;30\/03\/2024 \u00e0s 11h<\/p>\n\n\n\n<p class=\"has-text-align-center\"><strong>Onde:<\/strong>&nbsp;Museu Nacional de Imigra\u00e7\u00e3o e Coloniza\u00e7\u00e3o<\/p>\n\n\n\n<p class=\"has-text-align-center\"><strong>Performance Territ\u00f3rio<\/strong><\/p>\n\n\n\n<p class=\"has-text-align-center\"><strong>Quando:<\/strong>&nbsp;06\/04\/2024 \u00e0s 17h<\/p>\n\n\n\n<p class=\"has-text-align-center\"><strong>Onde:<\/strong>&nbsp;Galeria 33<\/p>\n\n\n\n<p class=\"has-text-align-center\"><strong>Performance Rito de \u00c9thos<\/strong><\/p>\n\n\n\n<p class=\"has-text-align-center\"><strong>Quando:<\/strong>&nbsp;18\/05\/2024 \u00e0s 19h<\/p>\n\n\n\n<p class=\"has-text-align-center\"><strong>Onde:<\/strong>&nbsp;Galeria 33<\/p>\n\n\n\n<p class=\"has-text-align-center\"><strong>Performance Territ\u00f3rio<\/strong><\/p>\n\n\n\n<p class=\"has-text-align-center\"><strong>Quando:<\/strong>&nbsp;29\/06\/2024 \u00e0s 11h<\/p>\n\n\n\n<p class=\"has-text-align-center\"><strong>Onde:<\/strong>&nbsp;Museu Arqueol\u00f3gico de Sambaqui de Joinville<\/p>\n\n\n\n<p class=\"has-text-align-center\"><strong>Performance Derra-mar<\/strong><\/p>\n\n\n\n<p class=\"has-text-align-center\"><strong>Quando:<\/strong>&nbsp;20\/07\/2024 \u00e0s 19h<\/p>\n\n\n\n<p class=\"has-text-align-center\"><strong>Onde:<\/strong>&nbsp;Galeria 33<\/p>\n\n\n\n<p class=\"has-text-align-center\"><strong>SERVI\u00c7O<\/strong><\/p>\n\n\n\n<p class=\"has-text-align-center\"><br><strong>O Qu\u00ea:<\/strong>&nbsp;&nbsp;Performance Rito de \u00c9thos<\/p>\n\n\n\n<p class=\"has-text-align-center\"><strong>Quando:<\/strong>&nbsp;30 de mar\u00e7o de 2024 &#8211; s\u00e1bado<\/p>\n\n\n\n<p class=\"has-text-align-center\"><strong>Onde:&nbsp;<\/strong>&nbsp;Museu Nacional de Imigra\u00e7\u00e3o e Coloniza\u00e7\u00e3o \u2013 MNIC,&nbsp; Rua Rio Branco, 229 &#8211; Centro, Joinville &#8211; SC<\/p>\n\n\n\n<p class=\"has-text-align-center\"><strong>Hor\u00e1rio:<\/strong>&nbsp; 11h<\/p>\n\n\n\n<p class=\"has-text-align-center\"><strong>Quanto:<\/strong>&nbsp;entrada gratuita<\/p>\n\n\n\n<p class=\"has-text-align-center\"><strong><u><br>INFORMA\u00c7\u00d5ES&nbsp;<\/u><\/strong><\/p>\n\n\n\n<p class=\"has-text-align-center\"><strong>Jean Smekatz<\/strong>&nbsp;<strong>\u2013 Artista Visual<\/strong><\/p>\n\n\n\n<p class=\"has-text-align-center\"><strong>E mail:&nbsp;&nbsp;<\/strong><a href=\"mailto:smekatzart@gmail.com\" target=\"_blank\" rel=\"noreferrer noopener\">smekatzart@gmail.com<\/a><\/p>\n\n\n\n<p class=\"has-text-align-center\"><strong>Site<\/strong>:&nbsp;<a href=\"http:\/\/www.jeansmekatz.com\/\" target=\"_blank\" rel=\"noreferrer noopener\">http:\/\/www.jeansmekatz.com<\/a><\/p>\n\n\n\n<p class=\"has-text-align-center\"><strong>Instagram:&nbsp;<\/strong>@jeansmekatz<\/p>\n\n\n\n<p class=\"has-text-align-center\"><strong>Dom Comunica &#8211; assessoria&nbsp;de&nbsp;comunica\u00e7\u00e3o<\/strong>&nbsp; &nbsp;&nbsp;&nbsp;<\/p>\n\n\n\n<p class=\"has-text-align-center\"><strong>Telefone:&nbsp;<\/strong>47 99612 3517&nbsp; &nbsp;&nbsp;&nbsp;<\/p>\n\n\n\n<p class=\"has-text-align-center\"><strong>E mail:&nbsp;<\/strong><a href=\"mailto:rodrigo@domcomunica.com.br\" target=\"_blank\" rel=\"noreferrer noopener\">rodrigo@domcomunica.com.br<\/a>&nbsp; &nbsp;&nbsp;&nbsp;<a href=\"mailto:rodrigocomunica@hotmail.com\" target=\"_blank\" rel=\"noreferrer noopener\">rodrigocomunica@hotmail.com<\/a><\/p>\n\n\n\n<p class=\"has-text-align-center\"><strong>Instagram:&nbsp;<\/strong>@domcomunica&nbsp;&nbsp;<\/p>\n\n\n\n<p><\/p>\n","protected":false},"excerpt":{"rendered":"<p>2\u00aa apresenta\u00e7\u00e3o da s\u00e9rie de interven\u00e7\u00f5es executadas em espa\u00e7os p\u00fablicos de Joinville, questiona o universo&#8230;<\/p>\n","protected":false},"author":3,"featured_media":13217,"comment_status":"closed","ping_status":"open","sticky":false,"template":"","format":"standard","meta":{"om_disable_all_campaigns":false,"_monsterinsights_skip_tracking":false,"_monsterinsights_sitenote_active":false,"_monsterinsights_sitenote_note":"","_monsterinsights_sitenote_category":0,"spay_email":""},"categories":[1],"tags":[],"jetpack_featured_media_url":"https:\/\/vimagazine.com.br\/wp-content\/uploads\/2024\/03\/Rito-de-Ethos-Jean-Smekatz6-e1710880500979.jpg","_links":{"self":[{"href":"https:\/\/vimagazine.com.br\/index.php?rest_route=\/wp\/v2\/posts\/13216"}],"collection":[{"href":"https:\/\/vimagazine.com.br\/index.php?rest_route=\/wp\/v2\/posts"}],"about":[{"href":"https:\/\/vimagazine.com.br\/index.php?rest_route=\/wp\/v2\/types\/post"}],"author":[{"embeddable":true,"href":"https:\/\/vimagazine.com.br\/index.php?rest_route=\/wp\/v2\/users\/3"}],"replies":[{"embeddable":true,"href":"https:\/\/vimagazine.com.br\/index.php?rest_route=%2Fwp%2Fv2%2Fcomments&post=13216"}],"version-history":[{"count":1,"href":"https:\/\/vimagazine.com.br\/index.php?rest_route=\/wp\/v2\/posts\/13216\/revisions"}],"predecessor-version":[{"id":13221,"href":"https:\/\/vimagazine.com.br\/index.php?rest_route=\/wp\/v2\/posts\/13216\/revisions\/13221"}],"wp:featuredmedia":[{"embeddable":true,"href":"https:\/\/vimagazine.com.br\/index.php?rest_route=\/wp\/v2\/media\/13217"}],"wp:attachment":[{"href":"https:\/\/vimagazine.com.br\/index.php?rest_route=%2Fwp%2Fv2%2Fmedia&parent=13216"}],"wp:term":[{"taxonomy":"category","embeddable":true,"href":"https:\/\/vimagazine.com.br\/index.php?rest_route=%2Fwp%2Fv2%2Fcategories&post=13216"},{"taxonomy":"post_tag","embeddable":true,"href":"https:\/\/vimagazine.com.br\/index.php?rest_route=%2Fwp%2Fv2%2Ftags&post=13216"}],"curies":[{"name":"wp","href":"https:\/\/api.w.org\/{rel}","templated":true}]}}