{"id":13222,"date":"2024-03-19T18:25:19","date_gmt":"2024-03-19T21:25:19","guid":{"rendered":"https:\/\/vimagazine.com.br\/?p=13222"},"modified":"2024-03-19T18:25:21","modified_gmt":"2024-03-19T21:25:21","slug":"estilista-se-destaca-ao-fazer-o-seu-proprio-vestido-para-desfilar-na-miss-santa-catarina","status":"publish","type":"post","link":"https:\/\/vimagazine.com.br\/?p=13222","title":{"rendered":"<strong>Estilista se destaca ao fazer o seu pr\u00f3prio vestido para desfilar na Miss Santa Catarina<\/strong>"},"content":{"rendered":"\n<figure class=\"wp-block-image size-large\"><img width=\"907\" height=\"1024\" src=\"https:\/\/vimagazine.com.br\/wp-content\/uploads\/2024\/03\/59b8574a-ebc2-44d3-af2f-a483774d7cb8-907x1024.jpg\" alt=\"Estilista se destaca ao fazer o seu pr\u00f3prio vestido para desfilar na Miss Santa Catarina\" class=\"wp-image-13224\" srcset=\"https:\/\/vimagazine.com.br\/wp-content\/uploads\/2024\/03\/59b8574a-ebc2-44d3-af2f-a483774d7cb8-907x1024.jpg 907w, https:\/\/vimagazine.com.br\/wp-content\/uploads\/2024\/03\/59b8574a-ebc2-44d3-af2f-a483774d7cb8-266x300.jpg 266w, https:\/\/vimagazine.com.br\/wp-content\/uploads\/2024\/03\/59b8574a-ebc2-44d3-af2f-a483774d7cb8-768x867.jpg 768w, https:\/\/vimagazine.com.br\/wp-content\/uploads\/2024\/03\/59b8574a-ebc2-44d3-af2f-a483774d7cb8-1024x1156.jpg 1024w, https:\/\/vimagazine.com.br\/wp-content\/uploads\/2024\/03\/59b8574a-ebc2-44d3-af2f-a483774d7cb8.jpg 1048w\" sizes=\"(max-width: 907px) 100vw, 907px\" \/><\/figure>\n\n\n\n<p><strong><em>Como foi a sua participa\u00e7\u00e3o no Miss Brasil?<\/em><\/strong><\/p>\n\n\n\n<p>\u00a0<strong>R:<\/strong> Foi uma experiencia incr\u00edvel! Estar ali desfilando com um vestido feito por mim me deixou imensamente realizada!<\/p>\n\n\n\n<figure class=\"wp-block-image size-full is-resized\"><img src=\"https:\/\/vimagazine.com.br\/wp-content\/uploads\/2024\/03\/dd3e8ca3-d591-494a-b63d-fd82f16ab5b0.jpg\" alt=\"\" class=\"wp-image-13225\" width=\"839\" height=\"1032\" srcset=\"https:\/\/vimagazine.com.br\/wp-content\/uploads\/2024\/03\/dd3e8ca3-d591-494a-b63d-fd82f16ab5b0.jpg 790w, https:\/\/vimagazine.com.br\/wp-content\/uploads\/2024\/03\/dd3e8ca3-d591-494a-b63d-fd82f16ab5b0-244x300.jpg 244w, https:\/\/vimagazine.com.br\/wp-content\/uploads\/2024\/03\/dd3e8ca3-d591-494a-b63d-fd82f16ab5b0-768x945.jpg 768w\" sizes=\"(max-width: 839px) 100vw, 839px\" \/><\/figure>\n\n\n\n<p><strong><em>Em que categoria voc\u00ea ganhou?<\/em><\/strong><\/p>\n\n\n\n<p><em>&nbsp;<\/em><strong>R:<\/strong>&nbsp; <em>Fiquei em terceiro lugar na categoria MRS<\/em><\/p>\n\n\n\n<p><strong><em>Como foi e qual a import\u00e2ncia da participa\u00e7\u00e3o do ateli\u00ea Juliana Pontes, no Miss?<\/em><\/strong><\/p>\n\n\n\n<p>&nbsp;<strong>R:<\/strong> Sem d\u00favidas o Miss me abriu uma porta enorme para mostrar meu talento a todos voc\u00eas! Nesse evento, fiz o meu vestido de Gala, o da Rafaelly Braun, Vice Miss o da Vanessa Nilsen, que \u00e9 Miss Brasil WW e da Thalia Prust, que foi primeiro lugar como Princesa Brasil. \u201cE \u00e9 uma emo\u00e7\u00e3o muito grande ver minhas cria\u00e7\u00f5es desfilando no Miss Santa Catarina\u201d!!<\/p>\n\n\n\n<p><strong><em>Qual a sua avalia\u00e7\u00e3o de todo o trabalho que foi feito pela franquia do Miss?<\/em><\/strong><\/p>\n\n\n\n<p>&nbsp;<strong>R:<\/strong> Fiz tudo com muito amor e me entreguei de corpo e alma!!! Sei que n\u00e3o s\u00e3o apenas vestidos s\u00e3o sonhos!!<\/p>\n\n\n\n<p><strong><em>Como foi a sua prepara\u00e7\u00e3o para a miss no dia anterior ao evento?<\/em><\/strong><\/p>\n\n\n\n<p><strong>&nbsp;R:<\/strong> N\u00e3o teve! Rsrsrs. Trabalhei at\u00e9 o \u00faltimo momento para deixar todos os looks incr\u00edveis para voc\u00eas!!<\/p>\n\n\n\n<p><strong><em>Quais as suas perspectivas para o futuro?<\/em><\/strong><\/p>\n\n\n\n<p><strong>&nbsp;R:<\/strong> Hoje compreendo exatamente o que eu quero, e j\u00e1 defini muito bem tudo que eu preciso alcan\u00e7ar. Para isso Vou trabalhar constantemente com muito foco e dedica\u00e7\u00e3o!!<\/p>\n\n\n\n<p><strong><em>Quais os principais conselhos que voc\u00ea d\u00e1 para quem deseja concorrer ao Miss?<\/em><\/strong><\/p>\n\n\n\n<p><strong>&nbsp;R:<\/strong> N\u00e3o se limite, n\u00e3o duvide de voc\u00ea e do que voc\u00ea \u00e9 capaz de fazer, eu sem d\u00favidas n\u00e3o sou mais a mesma Juliana, o Miss me moldou, me preparou para eu viver esse momento lindo e compartilhar isso com voc\u00eas! Ser miss \u00e9 muito mais que ter um rosto e um corpo bonito, ser miss \u00e9 inspirar as pessoas a acreditar nelas mesmas!!<\/p>\n\n\n\n<p><strong><em>Qual a foi a sua inspira\u00e7\u00e3o para fazer seu vestido para o Miss SC?<\/em><\/strong><\/p>\n\n\n\n<p><strong>R:<\/strong>&nbsp; Me inspirei em Santa Catarina e nas suas belezas naturais!!!! Usei muitas flores e deixei como destaque principal, no meu vestido!!!<\/p>\n\n\n\n<p>&nbsp;-A flor para mim simboliza beleza, perfei\u00e7\u00e3o, amor, a gl\u00f3ria, a alegria, e tamb\u00e9m a entrega a Deus, a evolu\u00e7\u00e3o espiritual e a pr\u00f3pria alma!! A flor \u00e9 tamb\u00e9m um s\u00edmbolo feminino, ligado ao elemento \u00e1gua, ao planeta Lua e, consequentemente, \u00e0 cria\u00e7\u00e3o, \u00e0 fertilidade e ao nascimento.<\/p>\n\n\n\n<p><strong><em>Qual foi a sua inspira\u00e7\u00e3o para criar o vestido da vice miss Rafaelly braun?<\/em><\/strong><\/p>\n\n\n\n<p>&nbsp;<strong>R:<\/strong>&nbsp; No vestido da Rafaelly eu usei uma cor especial que acendia o tom da pele dela, o azul cobalto!! Misturei com detalhes no prata que deu um charme incr\u00edvel ao vestido!! Me entreguei de cora\u00e7\u00e3o nesse modelo e fiz muito mais do que eu imaginava. Rafaelly pediu um vestido de princesa e eu entreguei uma joia em forma de vestido!!!<\/p>\n\n\n\n<p>&nbsp;&#8211; O vestido de Rafaelly foi feito com acabamentos de alta costura e uma saia em ferro leve e confort\u00e1vel, criada por mim que dava impress\u00e3o dela estar flutuando enquanto andava!!! Usei minha identidade que s\u00e3o as flores em 3D, fiz 400 flores e coloquei em toda calda do vestido da Rafaelly!! Me lembro quando ela viu o vestido e se emocionou foi um sonho para mim, ver o sonho dela se realizar.<\/p>\n\n\n\n<p><strong><em>Considera\u00e7\u00f5es finais?<\/em><\/strong><\/p>\n\n\n\n<p>&nbsp;<strong>R:<\/strong> &nbsp;Eu quero agradecer primeiramente a Deus, sem \u201cEle\u201d nada disso seria poss\u00edvel, a minha fam\u00edlia aos meus amigos, e em especial ao meu marido Junior wachsman, por me apoiar, por me assessorar e por viver esse sonho comigo!!<\/p>\n\n\n\n<p>Fotografia <a href=\"https:\/\/www.instagram.com\/danielzattafilms\/\">@danielzattafilms<\/a><\/p>\n\n\n\n<p>Fotografia <a href=\"https:\/\/www.instagram.com\/rodrigo.moska\/\">@rodrigo.moska<\/a><\/p>\n\n\n\n<p>Produ\u00e7\u00e3o <a href=\"https:\/\/www.instagram.com\/marlonpallazo\/\">@marlonpallazo<\/a> <a href=\"https:\/\/www.instagram.com\/digital_brandmkt\/\">@digital_brandmkt<\/a><\/p>\n\n\n\n<p><strong><em>Sobre:<\/em><\/strong><\/p>\n\n\n\n<p><strong>&nbsp;&nbsp; Juliana Pontes<\/strong> \u00e9estilista,com forma\u00e7\u00e3o em moda, \u00e9 formada em moda, empres\u00e1ria, \u00e9 <strong>Miss Balne\u00e1rio Cambori\u00fa MRS<\/strong> <strong>2024<\/strong>, fez faculdade de designer de moda pela <strong>UNIC<\/strong> de Cuiab\u00e1 &#8211; Mato Grosso, fez curso de costura avan\u00e7ada no <strong>SENAI<\/strong>, curso de noivas com Samuel Cirnansck, foi finalista do reality show \u201cBrasil Fashion designers\u201d, e atualmente, faz especializa\u00e7\u00e3o em alta costura, no <strong>Instituto di Moda Burgo Brasil<\/strong>.<\/p>\n\n\n\n<p>Redes sociais:&nbsp;<a href=\"https:\/\/www.instagram.com\/minnidres\/\">@minnidres<\/a>&nbsp;e&nbsp;<a href=\"https:\/\/www.instagram.com\/julianapontesatelie\/\">@julianapontesatelie<\/a>&nbsp;ou fa\u00e7a contato pelo nosso WhatsApp: (47) 98816-4529.<\/p>\n\n\n\n<p>Produ\u00e7\u00e3o: Marlon Pallazo e Diego Brand\u00e3o<\/p>\n\n\n\n<p>Fotos: Rodrigo Moska<\/p>\n","protected":false},"excerpt":{"rendered":"<p>Como foi a sua participa\u00e7\u00e3o no Miss Brasil? \u00a0R: Foi uma experiencia incr\u00edvel! Estar ali&#8230;<\/p>\n","protected":false},"author":2,"featured_media":13223,"comment_status":"closed","ping_status":"open","sticky":false,"template":"","format":"standard","meta":{"om_disable_all_campaigns":false,"_monsterinsights_skip_tracking":false,"_monsterinsights_sitenote_active":false,"_monsterinsights_sitenote_note":"","_monsterinsights_sitenote_category":0,"spay_email":""},"categories":[26,31],"tags":[805,79],"jetpack_featured_media_url":"https:\/\/vimagazine.com.br\/wp-content\/uploads\/2024\/03\/ed51f61a-4203-4b0e-9920-0c71ab5ae840.jpg","_links":{"self":[{"href":"https:\/\/vimagazine.com.br\/index.php?rest_route=\/wp\/v2\/posts\/13222"}],"collection":[{"href":"https:\/\/vimagazine.com.br\/index.php?rest_route=\/wp\/v2\/posts"}],"about":[{"href":"https:\/\/vimagazine.com.br\/index.php?rest_route=\/wp\/v2\/types\/post"}],"author":[{"embeddable":true,"href":"https:\/\/vimagazine.com.br\/index.php?rest_route=\/wp\/v2\/users\/2"}],"replies":[{"embeddable":true,"href":"https:\/\/vimagazine.com.br\/index.php?rest_route=%2Fwp%2Fv2%2Fcomments&post=13222"}],"version-history":[{"count":1,"href":"https:\/\/vimagazine.com.br\/index.php?rest_route=\/wp\/v2\/posts\/13222\/revisions"}],"predecessor-version":[{"id":13226,"href":"https:\/\/vimagazine.com.br\/index.php?rest_route=\/wp\/v2\/posts\/13222\/revisions\/13226"}],"wp:featuredmedia":[{"embeddable":true,"href":"https:\/\/vimagazine.com.br\/index.php?rest_route=\/wp\/v2\/media\/13223"}],"wp:attachment":[{"href":"https:\/\/vimagazine.com.br\/index.php?rest_route=%2Fwp%2Fv2%2Fmedia&parent=13222"}],"wp:term":[{"taxonomy":"category","embeddable":true,"href":"https:\/\/vimagazine.com.br\/index.php?rest_route=%2Fwp%2Fv2%2Fcategories&post=13222"},{"taxonomy":"post_tag","embeddable":true,"href":"https:\/\/vimagazine.com.br\/index.php?rest_route=%2Fwp%2Fv2%2Ftags&post=13222"}],"curies":[{"name":"wp","href":"https:\/\/api.w.org\/{rel}","templated":true}]}}