{"id":13228,"date":"2024-03-20T13:27:46","date_gmt":"2024-03-20T16:27:46","guid":{"rendered":"https:\/\/vimagazine.com.br\/?p=13228"},"modified":"2024-03-20T13:28:19","modified_gmt":"2024-03-20T16:28:19","slug":"a-ascensao-de-uma-artista","status":"publish","type":"post","link":"https:\/\/vimagazine.com.br\/?p=13228","title":{"rendered":"A Ascens\u00e3o de uma Artista"},"content":{"rendered":"\n<p><\/p>\n\n\n\n<p style=\"font-size:25px\"><strong>Reflex\u00f5es de Samara Vanziller, Miss Acre 2023<\/strong><\/p>\n\n\n\n<p>Prestes a passar a coroa \u00e0 sua nova sucessora, que representar\u00e1 seu estado no concurso Miss Brasil Terra 2024, a bela estudante de engenharia gen\u00e9tica Samara Vanziller falou a imprensa sobre este novo momento:<\/p>\n\n\n\n<p>\u201cO palco \u00e9 mais do que um local de brilho superficial; \u00e9 um espa\u00e7o que nos fortalece internamente. Receber a coroa de Miss Acre,n\u00e3o foi apenas uma responsabilidade de manter-se impec\u00e1vel, mas sim uma oportunidade de mostrar ao mundo a for\u00e7a interior que transcende a beleza externa. Acredito firmemente que tudo \u00e9 poss\u00edvel para aqueles que t\u00eam f\u00e9. Durante meu reinado, mergulhei na ess\u00eancia da minha terra, o Acre, e me conectei com sua hist\u00f3ria de luta e supera\u00e7\u00e3o, especialmente durante o ciclo da borracha. Inspirada por aqueles que perseguiram seus sonhos apesar das adversidades, encontrei na simplicidade a verdadeira riqueza. Orgulho-me de carregar o sangue guerreiro desses her\u00f3is.<\/p>\n\n\n\n<p>A cultura ind\u00edgena agora \u00e9 uma parte essencial da minha vida. Ao vivenciar momentos na aldeia, aprendi que a ess\u00eancia da felicidade reside na simplicidade: estar em comunidade, sorrir, e fazer o bem aos que nos rodeiam. Este \u00e9 o verdadeiro tesouro da selva branca.<\/p>\n\n\n\n<p>Hoje, mais do que nunca, reconhe\u00e7o que a verdadeira transforma\u00e7\u00e3o vem de dentro. Enquanto anuncio o fim do meu reinado como Miss Acre 2023, celebro n\u00e3o apenas as conquistas externas, mas principalmente o crescimento pessoal e art\u00edstico que essa jornada me proporcionou. Aplausos podem animar, mas a verdadeira gratifica\u00e7\u00e3o est\u00e1 na jornada de autodescoberta e na capacidade de inspirar outros a encontrarem a beleza e a for\u00e7a dentro de si mesmos.\u201d declarou Samara Vanziller, Miss Acre 2023.<\/p>\n\n\n\n<figure class=\"wp-block-image size-large\"><img width=\"683\" height=\"1024\" src=\"https:\/\/vimagazine.com.br\/wp-content\/uploads\/2024\/03\/IMG_0829-Editar-683x1024.jpg\" alt=\"\" class=\"wp-image-13229\" srcset=\"https:\/\/vimagazine.com.br\/wp-content\/uploads\/2024\/03\/IMG_0829-Editar-683x1024.jpg 683w, https:\/\/vimagazine.com.br\/wp-content\/uploads\/2024\/03\/IMG_0829-Editar-200x300.jpg 200w, https:\/\/vimagazine.com.br\/wp-content\/uploads\/2024\/03\/IMG_0829-Editar-768x1152.jpg 768w, https:\/\/vimagazine.com.br\/wp-content\/uploads\/2024\/03\/IMG_0829-Editar-1024x1536.jpg 1024w, https:\/\/vimagazine.com.br\/wp-content\/uploads\/2024\/03\/IMG_0829-Editar.jpg 1280w\" sizes=\"(max-width: 683px) 100vw, 683px\" \/><\/figure>\n","protected":false},"excerpt":{"rendered":"<p>Reflex\u00f5es de Samara Vanziller, Miss Acre 2023 Prestes a passar a coroa \u00e0 sua nova&#8230;<\/p>\n","protected":false},"author":1,"featured_media":13230,"comment_status":"closed","ping_status":"open","sticky":false,"template":"","format":"standard","meta":{"om_disable_all_campaigns":false,"_monsterinsights_skip_tracking":false,"_monsterinsights_sitenote_active":false,"_monsterinsights_sitenote_note":"","_monsterinsights_sitenote_category":0,"spay_email":""},"categories":[1],"tags":[],"jetpack_featured_media_url":"https:\/\/vimagazine.com.br\/wp-content\/uploads\/2024\/03\/IMG_0829-Editar-1.jpg","_links":{"self":[{"href":"https:\/\/vimagazine.com.br\/index.php?rest_route=\/wp\/v2\/posts\/13228"}],"collection":[{"href":"https:\/\/vimagazine.com.br\/index.php?rest_route=\/wp\/v2\/posts"}],"about":[{"href":"https:\/\/vimagazine.com.br\/index.php?rest_route=\/wp\/v2\/types\/post"}],"author":[{"embeddable":true,"href":"https:\/\/vimagazine.com.br\/index.php?rest_route=\/wp\/v2\/users\/1"}],"replies":[{"embeddable":true,"href":"https:\/\/vimagazine.com.br\/index.php?rest_route=%2Fwp%2Fv2%2Fcomments&post=13228"}],"version-history":[{"count":2,"href":"https:\/\/vimagazine.com.br\/index.php?rest_route=\/wp\/v2\/posts\/13228\/revisions"}],"predecessor-version":[{"id":13233,"href":"https:\/\/vimagazine.com.br\/index.php?rest_route=\/wp\/v2\/posts\/13228\/revisions\/13233"}],"wp:featuredmedia":[{"embeddable":true,"href":"https:\/\/vimagazine.com.br\/index.php?rest_route=\/wp\/v2\/media\/13230"}],"wp:attachment":[{"href":"https:\/\/vimagazine.com.br\/index.php?rest_route=%2Fwp%2Fv2%2Fmedia&parent=13228"}],"wp:term":[{"taxonomy":"category","embeddable":true,"href":"https:\/\/vimagazine.com.br\/index.php?rest_route=%2Fwp%2Fv2%2Fcategories&post=13228"},{"taxonomy":"post_tag","embeddable":true,"href":"https:\/\/vimagazine.com.br\/index.php?rest_route=%2Fwp%2Fv2%2Ftags&post=13228"}],"curies":[{"name":"wp","href":"https:\/\/api.w.org\/{rel}","templated":true}]}}