{"id":13253,"date":"2024-03-21T14:53:48","date_gmt":"2024-03-21T17:53:48","guid":{"rendered":"https:\/\/vimagazine.com.br\/?p=13253"},"modified":"2024-03-21T15:03:19","modified_gmt":"2024-03-21T18:03:19","slug":"nao-ha-saude-sem-saude-mental%ef%bf%bc","status":"publish","type":"post","link":"https:\/\/vimagazine.com.br\/?p=13253","title":{"rendered":"N\u00e3o h\u00e1 sa\u00fade, sem sa\u00fade mental"},"content":{"rendered":"\n<p><\/p>\n\n\n\n<p><strong>Por: Karla Fran\u00e7oise Gon\u00e7alo &#8211; Psicanalista<\/strong><\/p>\n\n\n\n<p>Nos recantos silenciosos da mente, reside um tesouro invis\u00edvel, mas de imensur\u00e1vel import\u00e2ncia: a nossa sa\u00fade mental.<\/p>\n\n\n\n<p>Num mundo que se move a uma velocidade vertiginosa, onde o estresse \u00e9 a norma e as press\u00f5es di\u00e1rias podem se tornar avassaladoras, \u00e9 vital reconhecer que a sa\u00fade mental \u00e9 um dos pilares da nossa exist\u00eancia. \u00c9 um tema que n\u00e3o pode ser subestimado, pois, mais do que nunca, compreendemos que n\u00e3o h\u00e1 sa\u00fade sem sa\u00fade mental.<\/p>\n\n\n\n<p>Sa\u00fade mental \u00e9 um conceito amplo que engloba nosso estado psicol\u00f3gico, emocional e social. Abrange a nossa capacidade de lidar com o estresse, compreender e gerir as emo\u00e7\u00f5es, manter relacionamentos saud\u00e1veis e tomar decis\u00f5es assertivas.<\/p>\n\n\n\n<p>N\u00e3o se trata apenas da aus\u00eancia de doen\u00e7as mentais, mas sim de uma condi\u00e7\u00e3o de bem-estar emocional que nos permite viver plenamente. <strong>\u00c9 a base sobre a qual constru\u00edmos nossas vidas, relacionamentos e conquistas.<\/strong><\/p>\n\n\n\n<p>A rela\u00e7\u00e3o entre sa\u00fade mental e sa\u00fade f\u00edsica \u00e9 profundamente entrela\u00e7ada. Estudos demonstram que problemas de sa\u00fade mental podem aumentar o risco de desenvolver doen\u00e7as f\u00edsicas, como card\u00edacas, diabetes e at\u00e9 mesmo o c\u00e2ncer. Al\u00e9m disso, a sa\u00fade mental desempenha um papel fundamental na recupera\u00e7\u00e3o de doen\u00e7as f\u00edsicas e na manuten\u00e7\u00e3o de h\u00e1bitos saud\u00e1veis.<\/p>\n\n\n\n<p>Imagine a sa\u00fade mental como a funda\u00e7\u00e3o de uma casa. Se a base est\u00e1 enfraquecida, a estrutura toda corre um s\u00e9rio risco. Por isso, a sa\u00fade mental n\u00e3o deve ser vista como um complemento opcional, mas sim como essencial da nossa sa\u00fade global.<\/p>\n\n\n\n<p>Apesar dos avan\u00e7os na compreens\u00e3o da sa\u00fade mental, o estigma social continua sendo um dos maiores obst\u00e1culos para a busca de ajuda. As pessoas muitas vezes relutam em falar sobre suas lutas emocionais devido ao medo de serem julgadas ou rotuladas.<\/p>\n\n\n\n<p>A promo\u00e7\u00e3o da sa\u00fade mental come\u00e7a com a preven\u00e7\u00e3o. Da mesma forma que adotamos h\u00e1bitos saud\u00e1veis para proteger nossa sa\u00fade f\u00edsica, tamb\u00e9m devemos cultivar pr\u00e1ticas que fortale\u00e7am nossa sa\u00fade mental. E isso inclui:<\/p>\n\n\n\n<p><strong>Autoconhecimento<\/strong>: entender nossas emo\u00e7\u00f5es, gatilhos e limita\u00e7\u00f5es nos ajudam a lidar melhor com o estresse e a ansiedade.<\/p>\n\n\n\n<p><strong>Estilo de Vida Saud\u00e1vel:<\/strong> alimenta\u00e7\u00e3o equilibrada, exerc\u00edcios regulares e sono de qualidade contribuem significativamente para a sa\u00fade mental.<\/p>\n\n\n\n<p><strong>Equil\u00edbrio Entre Trabalho e Vida Pessoal:<\/strong> excesso de trabalho e estresse cr\u00f4nico podem ter um impacto adverso na sa\u00fade mental.<\/p>\n\n\n\n<p><strong>Relacionamento:<\/strong> Fortalecer relacionamentos pessoais e buscar apoio social s\u00e3o fundamentais para a resili\u00eancia mental.<\/p>\n\n\n\n<p>\u00c0 medida que avan\u00e7amos em um mundo em constante transforma\u00e7\u00e3o, a sa\u00fade mental n\u00e3o pode mais ser negligenciada.<\/p>\n\n\n\n<p>Precisamos comprometer-nos a reconhecer, promover e proteger nossa sa\u00fade mental, e a encorajar os outros a fazerem o mesmo.<\/p>\n\n\n\n<p>Finalizo com uma dica:<\/p>\n\n\n\n<p>Comprometa-se, com paix\u00e3o e determina\u00e7\u00e3o, a reconhecer, promover e proteger sua sa\u00fade mental. Este \u00e9 um convite para que voc\u00ea seja um embaixador da sua vida.<\/p>\n\n\n\n<p>At\u00e9 por que, <strong><u>n\u00e3o existe sa\u00fade sem sa\u00fade mental. Ela \u00e9 a ess\u00eancia que nos capacita a evoluir como seres humanos.<\/u><\/strong><\/p>\n\n\n\n<p><\/p>\n","protected":false},"excerpt":{"rendered":"<p>Por: Karla Fran\u00e7oise Gon\u00e7alo &#8211; Psicanalista Nos recantos silenciosos da mente, reside um tesouro invis\u00edvel,&#8230;<\/p>\n","protected":false},"author":1,"featured_media":13255,"comment_status":"closed","ping_status":"open","sticky":false,"template":"","format":"standard","meta":{"om_disable_all_campaigns":false,"_monsterinsights_skip_tracking":false,"_monsterinsights_sitenote_active":false,"_monsterinsights_sitenote_note":"","_monsterinsights_sitenote_category":0,"spay_email":""},"categories":[1],"tags":[],"jetpack_featured_media_url":"https:\/\/vimagazine.com.br\/wp-content\/uploads\/2024\/03\/WhatsApp-Image-2024-03-19-at-5.38.36-PM-1.jpeg","_links":{"self":[{"href":"https:\/\/vimagazine.com.br\/index.php?rest_route=\/wp\/v2\/posts\/13253"}],"collection":[{"href":"https:\/\/vimagazine.com.br\/index.php?rest_route=\/wp\/v2\/posts"}],"about":[{"href":"https:\/\/vimagazine.com.br\/index.php?rest_route=\/wp\/v2\/types\/post"}],"author":[{"embeddable":true,"href":"https:\/\/vimagazine.com.br\/index.php?rest_route=\/wp\/v2\/users\/1"}],"replies":[{"embeddable":true,"href":"https:\/\/vimagazine.com.br\/index.php?rest_route=%2Fwp%2Fv2%2Fcomments&post=13253"}],"version-history":[{"count":3,"href":"https:\/\/vimagazine.com.br\/index.php?rest_route=\/wp\/v2\/posts\/13253\/revisions"}],"predecessor-version":[{"id":13262,"href":"https:\/\/vimagazine.com.br\/index.php?rest_route=\/wp\/v2\/posts\/13253\/revisions\/13262"}],"wp:featuredmedia":[{"embeddable":true,"href":"https:\/\/vimagazine.com.br\/index.php?rest_route=\/wp\/v2\/media\/13255"}],"wp:attachment":[{"href":"https:\/\/vimagazine.com.br\/index.php?rest_route=%2Fwp%2Fv2%2Fmedia&parent=13253"}],"wp:term":[{"taxonomy":"category","embeddable":true,"href":"https:\/\/vimagazine.com.br\/index.php?rest_route=%2Fwp%2Fv2%2Fcategories&post=13253"},{"taxonomy":"post_tag","embeddable":true,"href":"https:\/\/vimagazine.com.br\/index.php?rest_route=%2Fwp%2Fv2%2Ftags&post=13253"}],"curies":[{"name":"wp","href":"https:\/\/api.w.org\/{rel}","templated":true}]}}