{"id":13291,"date":"2024-03-26T08:17:00","date_gmt":"2024-03-26T11:17:00","guid":{"rendered":"https:\/\/vimagazine.com.br\/?p=13291"},"modified":"2024-03-26T08:17:03","modified_gmt":"2024-03-26T11:17:03","slug":"matteo-bocelli-se-apresentara-com-o-pai-andrea-bocelli-em-sua-turne-no-brasil","status":"publish","type":"post","link":"https:\/\/vimagazine.com.br\/?p=13291","title":{"rendered":"Matteo Bocelli se apresentar\u00e1 com o pai Andrea Bocelli em sua turn\u00ea no Brasil"},"content":{"rendered":"\n<p><\/p>\n\n\n\n<p class=\"has-medium-font-size\"><em><strong>Pela primeira vez no pa\u00eds, Matteo completa a lista de convidados, ao lado da cantora Sandy, a soprano Cristina Pasaroiu, o pianista e maestro Carlo Bernini, a Orquestra Jovem do Estado e o Coral Jovem do Estado de S\u00e3o Paulo<\/strong><\/em><\/p>\n\n\n\n<p>Matteo Bocelli \u00e9 presen\u00e7a confirmada na turn\u00ea de Andrea Bocelli no Brasil, que passar\u00e1 por Belo Horizonte, Bras\u00edlia e S\u00e3o Paulo em maio. \u00c9 a primeira vez que o filho do tenor se apresentar\u00e1 oficialmente no pa\u00eds, e em uma ocasi\u00e3o t\u00e3o especial quanto acompanhar o pai na celebra\u00e7\u00e3o dos 30 anos de carreira.<\/p>\n\n\n\n<p>Imerso na m\u00fasica desde muito jovem, Matteo come\u00e7ou a ter aulas de piano quando crian\u00e7a. Como filho e colaborador do pai em diversas ocasi\u00f5es, foi criado com uma educa\u00e7\u00e3o musical ampla e uma natureza curiosa. Embora seu pai quisesse que ele conhecesse o mundo antes de se lan\u00e7ar em uma carreira musical, Matteo percebeu sua voca\u00e7\u00e3o na adolesc\u00eancia<em>. &#8220;Desde pequeno, sempre amei m\u00fasica, mas percebi que estava se tornando mais do que uma paix\u00e3o por volta dos 16 ou 17 ano<\/em>s.&#8221; Sua primeira apresenta\u00e7\u00e3o ao vivo foi no Coliseu de Roma, aos 18 anos. J\u00e1 a parceria entre pai e filho na m\u00fasica vem de longa data &#8211; em 2018, lan\u00e7aram juntos a faixa &#8220;<em>Fall On Me<\/em>&#8220;, que j\u00e1 tem mais de 400 milh\u00f5es de streamings em plataformas digitais.&nbsp;<\/p>\n\n\n\n<p>Em 2020, Matteo lan\u00e7ou &#8220;<em>Solo<\/em>&#8220;, uma can\u00e7\u00e3o de amor de tirar o f\u00f4lego que lembra tanto \u00e1rias cl\u00e1ssicas quanto sucessos elegantes de r\u00e1dio, e desde ent\u00e3o, se aprofundou ainda mais em seu apre\u00e7o pelo pop.<\/p>\n\n\n\n<p>Em 2023, Matteo Bocelli lan\u00e7ou o primeiro \u00e1lbum, intitulado &#8220;Matteo&#8221;, que mistura as refer\u00eancias cl\u00e1ssicas \u00e0 sonoridade do pop e tem como destaques &#8220;<em>For You<\/em>&#8220;, primeira faixa de trabalho de Matteo, e &#8220;<em>Chasing Stars<\/em>&#8220;, escrita por Ed Sheeran especialmente para o artista.&nbsp;<\/p>\n\n\n\n<p>Com apenas 25 anos, o cantor e compositor Matteo Bocelli j\u00e1 se apresentou em alguns dos maiores palcos do mundo, compartilhando suas m\u00fasicas sens\u00edveis e performances vocais din\u00e2micas com ouvintes ao redor do mundo.<\/p>\n\n\n\n<p>Os ingressos das apresenta\u00e7\u00f5es no Brasil est\u00e3o \u00e0 venda no site&nbsp;<a href=\"https:\/\/click.cse360.com.br\/Click\/AddCampaignEmailClick\/adad9fb2-b7f9-4f12-4e86-08dc49d36c72\/https%253a%252f%252fwww.eventim.com.br%252fcampaign%252fandreabocelli\/84a13bf5-1001-4b37-93cf-9aa5931b4a9b\/vimagazine@vimagazine.com.br\/True\" rel=\"noreferrer noopener\" target=\"_blank\">Eventim<\/a>. \u00c9 poss\u00edvel adquirir a Entrada Social, acess\u00edvel ao p\u00fablico em geral, com parte de sua receita destinada \u00e0 organiza\u00e7\u00e3o M\u00e9dicos Sem Fronteiras (MSF), uma das organiza\u00e7\u00f5es humanit\u00e1rias globais mais ativas. Especialmente em Bras\u00edlia, a doa\u00e7\u00e3o ser\u00e1 destinada a uma institui\u00e7\u00e3o local, o Hospital Infantil Jos\u00e9 Alencar, que oferece acesso a cuidados abrangentes e humanizados em servi\u00e7os de sa\u00fade p\u00fablicos de m\u00e9dia e alta complexidade para crian\u00e7as e adolescentes.<\/p>\n\n\n\n<p>Considerado o artista de maior sucesso na hist\u00f3ria da m\u00fasica cl\u00e1ssica, Andrea Bocelli j\u00e1 realizou cinco turn\u00eas no Brasil, a \u00faltima vez em 2018, todas produzidas pela&nbsp;<strong>Dan\u00e7ar Marketing<\/strong>. Conhe\u00e7a mais sobre suas apresenta\u00e7\u00f5es realizadas no pa\u00eds em&nbsp;<a href=\"https:\/\/click.cse360.com.br\/Click\/AddCampaignEmailClick\/adad9fb2-b7f9-4f12-4e86-08dc49d36c72\/http%253a%252f%252fwww.andreabocellibrasil.com.br\/84a13bf5-1001-4b37-93cf-9aa5931b4a9b\/vimagazine@vimagazine.com.br\/True\" rel=\"noreferrer noopener\" target=\"_blank\">www.andreabocellibrasil.com.br<\/a><\/p>\n\n\n\n<p><strong>Sobre Andrea Bocelli<\/strong><\/p>\n\n\n\n<p>Um dos grandes \u00edcones mundiais da m\u00fasica, o tenor toscano Andrea Bocelli j\u00e1 vendeu mais de 90 milh\u00f5es de discos. O grande reconhecimento de Bocelli teve in\u00edcio em 1994, quando venceu o Festival de M\u00fasica de Sanremo, na It\u00e1lia. Sua carreira teve in\u00edcio com o repert\u00f3rio cl\u00e1ssico, apresentando obras-primas da \u00f3pera no palco conduzidos por Lorin Maazel, Seiji Ozawa e Zubin Mehta.&nbsp;<\/p>\n\n\n\n<p>Bocelli j\u00e1 se apresentou para 4 presidentes dos Estados Unidos da Am\u00e9rica, 3 Papas, para a fam\u00edlia real brit\u00e2nica, primeiros-ministros e nas cerim\u00f4nias dos Jogos Ol\u00edmpicos, na Expo Universal de Xangai em 2010, na Expo Universal de Mil\u00e3o em 2015 (junto com a Orquestra do Teatro alla Scala) e na inaugura\u00e7\u00e3o da Expo Dubai em 2021.<\/p>\n\n\n\n<p>Andrea Bocelli protagonizou um momento hist\u00f3rico no in\u00edcio da pandemia. Em 12 de abril de 2020, domingo de P\u00e1scoa, ele se apresentou em frente ao Duomo de Mil\u00e3o, totalmente deserto. Transmitido via&nbsp;<em>streaming<\/em>, o &#8220;<em>Music for Hope&#8221;<\/em>&nbsp;foi concebido como um momento de ora\u00e7\u00e3o e esperan\u00e7a e \u00e9 considerado uma das maiores apresenta\u00e7\u00f5es musicais ao vivo de todos os tempos, com mais de 2,8 milh\u00f5es de espectadores simult\u00e2neos. O v\u00eddeo no YouTube recebeu mais de 28 milh\u00f5es de visualiza\u00e7\u00f5es nas primeiras 24 horas.<\/p>\n\n\n\n<p>Em dezembro do mesmo ano, o mundo aplaudiu o concerto&nbsp;<em>&#8220;Believe in Christmas&#8221;<\/em>, transmitido ao vivo do Teatro Regio de Parma. Foi neste evento que Virginia Bocelli, com ent\u00e3o oito anos, fez sua estreia em dueto com o pai, numa vers\u00e3o comovente de &#8220;<em>Hallelujah<\/em>&#8220;, de Leonard Cohen.<\/p>\n\n\n\n<p>Em maio de 2021 um novo desafio: o cantor percorreu mais de 350 quil\u00f4metros a cavalo em peregrina\u00e7\u00e3o desde a Bas\u00edlica de S\u00e3o Pedro, em Roma (onde recebeu a b\u00ean\u00e7\u00e3o do Papa Francisco) at\u00e9 sua cidade natal, Lajatico, na Toscana. &#8220;The Journey \u2013 Andrea Bocelli&#8221; est\u00e1 sendo produzido como um document\u00e1rio de TV com foco na jornada cultural e espiritual do artista.<\/p>\n\n\n\n<p>No final de 2022, Bocelli lan\u00e7ou o \u00e1lbum&nbsp;<em>&#8220;A Family Christmas&#8221;<\/em>, de can\u00e7\u00f5es religiosas e natalinas ao lado de seus dois filhos, Matteo e Virginia, al\u00e9m de tr\u00eas novas produ\u00e7\u00f5es de \u00f3pera &#8211;&nbsp;<em>Lucia di Lammermoor<\/em>,&nbsp;<em>La Forza del destino<\/em>&nbsp;e&nbsp;<em>Otello<\/em>.<\/p>\n\n\n\n<p>Em julho de 2023, Andrea Bocelli emocionou cerca de 15 mil pessoas durante sua apresenta\u00e7\u00e3o ao ar livre, diante da Bas\u00edlica de Nossa Senhora, no Santu\u00e1rio de Lourdes, na Fran\u00e7a. Foi o terceiro concerto do tenor no projeto realizado pela Dan\u00e7ar Marketing e pelo Col\u00e9gio V\u00e9rtice, o qual integra um ciclo de apresenta\u00e7\u00f5es em Santu\u00e1rios Marianos ao redor do mundo, oferecidas gratuitamente aos peregrinos.<\/p>\n\n\n\n<p><strong>Sobre Matteo Bocelli<\/strong><\/p>\n\n\n\n<p>Com apenas 25 anos, o cantor e compositor Matteo Bocelli j\u00e1 se apresentou em alguns dos maiores palcos do mundo, compartilhando suas m\u00fasicas sens\u00edveis e performances vocais din\u00e2micas com ouvintes ao redor do mundo. Matteo cresceu ouvindo \u00f3pera, m\u00fasica cl\u00e1ssica e as &#8220;grandes vozes&#8221; como Whitney Houston e Frank Sinatra, mas, na adolesc\u00eancia, come\u00e7ou a expandir seus horizontes musicais para incluir pop moderno.<\/p>\n\n\n\n<p>Como filho e \u00e0s vezes colaborador do renomado tenor Andrea Bocelli, foi criado com uma educa\u00e7\u00e3o musical e uma natureza curiosa. Em 2020, Matteo lan\u00e7ou &#8220;Solo&#8221;, uma can\u00e7\u00e3o de amor de tirar o f\u00f4lego que lembra tanto \u00e1rias cl\u00e1ssicas quanto sucessos elegantes de r\u00e1dio, e desde ent\u00e3o, se aprofundou ainda mais em seu apre\u00e7o pelo pop &#8211; o resultado \u00e9 &#8220;Matteo&#8221;, primeiro \u00e1lbum do cantor, lan\u00e7ado em 2023.<\/p>\n\n\n\n<p>Ele co-escreveu m\u00fasicas em todo o projeto, como o single &#8220;For You&#8221;, uma faixa triunfante e pulsante. Embora a voz de Matteo seja a \u00fanica ouvida no \u00e1lbum, ele conta com participa\u00e7\u00e3o do fen\u00f4meno do pop, Ed Sheeran, que escreveu a faixa &#8220;Chasing Stars&#8221;.<\/p>\n\n\n\n<p>Imerso na m\u00fasica desde muito jovem, Matteo come\u00e7ou a ter aulas de piano quando crian\u00e7a. Embora seu pai quisesse que ele conhecesse o mundo antes de se lan\u00e7ar em uma carreira musical, Matteo percebeu sua voca\u00e7\u00e3o na adolesc\u00eancia. &#8220;Eu sempre amei m\u00fasica, desde que era pequeno&#8221;, ele diz. &#8220;Mas percebi que a m\u00fasica estava se tornando algo mais do que apenas uma paix\u00e3o por volta dos 16 ou 17 anos.&#8221; Sua primeira apresenta\u00e7\u00e3o ao vivo foi no Coliseu de Roma, aos 18 anos, e em 2018 ele e seu pai lan\u00e7aram &#8220;Fall on Me&#8221;, um dueto emocionante sobre a rela\u00e7\u00e3o entre pais e filhos, que acumulou mais de 400 milh\u00f5es de streams globais at\u00e9 hoje.<\/p>\n\n\n\n<p><strong>Sobre a Dan\u00e7ar Marketing<\/strong><\/p>\n\n\n\n<p>Fundada em 1982, a&nbsp;Dan\u00e7ar Marketing<strong>&nbsp;<\/strong>cria experi\u00eancias memor\u00e1veis por meio da cultura e do entretenimento. S\u00e3o mais de 40 anos concebendo projetos e solu\u00e7\u00f5es criativas que conectam pessoas, marcas e oportunidades, reunindo ao longo dos anos mais&nbsp;de 50 milh\u00f5es de pessoas em seus&nbsp;1.500 eventos (dos quais mil gratuitos), 160 shows open air, al\u00e9m de mais de 35 projetos propriet\u00e1rios e sociais como o AstraZeneca Viva a Cultura!, Avon&nbsp;Women&nbsp;in Concert, Cria\u00e7\u00e3o Teatral Volkswagen, Viagem Nestl\u00e9 pela Literatura, entre outros; exposi\u00e7\u00f5es como Riachuelo Mostra Moda e Samsung Rock Exhibition (com acervo de Jimi Hendrix, Nirvana e Rita Lee em suas \u00faltimas edi\u00e7\u00f5es) e festivais como Telef\u00f4nica Open Jazz, Festival da Padroeira, eFestival e Best of Blues and Rock \u2013 no qual alguns dos maiores guitarristas do mundo como Buddy Guy, Jeff Beck, Richie Sambora, Joe Satriani, Tom Morello, Zakk Wylde, Steve Vai e Joe Perry j\u00e1 se apresentaram. Em seu portf\u00f3lio est\u00e3o grandes turn\u00eas internacionais e shows de artistas ic\u00f4nicos como Andrea Bocelli, Luciano Pavarotti, Jos\u00e9 Carreras, Sarah Brightman, Kiri Te Kanawa, Chris Cornell, George Benson, Joss Stone, Norah Jones, Diana Krall, al\u00e9m de consultorias em leis de incentivo para empresas como Vale, Deloitte, Libbs, Volkswagen, Nestl\u00e9, Roche, Ambev, entre outras.<\/p>\n","protected":false},"excerpt":{"rendered":"<p>Pela primeira vez no pa\u00eds, Matteo completa a lista de convidados, ao lado da cantora&#8230;<\/p>\n","protected":false},"author":1,"featured_media":13292,"comment_status":"closed","ping_status":"open","sticky":false,"template":"","format":"standard","meta":{"om_disable_all_campaigns":false,"_monsterinsights_skip_tracking":false,"_monsterinsights_sitenote_active":false,"_monsterinsights_sitenote_note":"","_monsterinsights_sitenote_category":0,"spay_email":""},"categories":[26,1],"tags":[],"jetpack_featured_media_url":"https:\/\/vimagazine.com.br\/wp-content\/uploads\/2024\/03\/d39d0dfc-fc02-4bbc-a0cf-9d33f219fc10.jpg","_links":{"self":[{"href":"https:\/\/vimagazine.com.br\/index.php?rest_route=\/wp\/v2\/posts\/13291"}],"collection":[{"href":"https:\/\/vimagazine.com.br\/index.php?rest_route=\/wp\/v2\/posts"}],"about":[{"href":"https:\/\/vimagazine.com.br\/index.php?rest_route=\/wp\/v2\/types\/post"}],"author":[{"embeddable":true,"href":"https:\/\/vimagazine.com.br\/index.php?rest_route=\/wp\/v2\/users\/1"}],"replies":[{"embeddable":true,"href":"https:\/\/vimagazine.com.br\/index.php?rest_route=%2Fwp%2Fv2%2Fcomments&post=13291"}],"version-history":[{"count":1,"href":"https:\/\/vimagazine.com.br\/index.php?rest_route=\/wp\/v2\/posts\/13291\/revisions"}],"predecessor-version":[{"id":13293,"href":"https:\/\/vimagazine.com.br\/index.php?rest_route=\/wp\/v2\/posts\/13291\/revisions\/13293"}],"wp:featuredmedia":[{"embeddable":true,"href":"https:\/\/vimagazine.com.br\/index.php?rest_route=\/wp\/v2\/media\/13292"}],"wp:attachment":[{"href":"https:\/\/vimagazine.com.br\/index.php?rest_route=%2Fwp%2Fv2%2Fmedia&parent=13291"}],"wp:term":[{"taxonomy":"category","embeddable":true,"href":"https:\/\/vimagazine.com.br\/index.php?rest_route=%2Fwp%2Fv2%2Fcategories&post=13291"},{"taxonomy":"post_tag","embeddable":true,"href":"https:\/\/vimagazine.com.br\/index.php?rest_route=%2Fwp%2Fv2%2Ftags&post=13291"}],"curies":[{"name":"wp","href":"https:\/\/api.w.org\/{rel}","templated":true}]}}