{"id":13294,"date":"2024-03-26T10:13:15","date_gmt":"2024-03-26T13:13:15","guid":{"rendered":"https:\/\/vimagazine.com.br\/?p=13294"},"modified":"2024-03-26T10:13:15","modified_gmt":"2024-03-26T13:13:15","slug":"claudia-metne-na-rede-gospel-com-dicas-de-moda-no-programa-bispa-fe-em-familia","status":"publish","type":"post","link":"https:\/\/vimagazine.com.br\/?p=13294","title":{"rendered":"Claudia M\u00e9tne na Rede Gospel com dicas de Moda no programa &#8220;Bispa Fe em Fam\u00edlia&#8221;"},"content":{"rendered":"\n<figure class=\"wp-block-image aligncenter size-large is-resized\"><img src=\"https:\/\/vimagazine.com.br\/wp-content\/uploads\/2024\/03\/WhatsApp-Image-2024-03-25-at-12.46.06-768x1024.jpeg\" alt=\"\" class=\"wp-image-13295\" width=\"497\" height=\"663\" srcset=\"https:\/\/vimagazine.com.br\/wp-content\/uploads\/2024\/03\/WhatsApp-Image-2024-03-25-at-12.46.06-768x1024.jpeg 768w, https:\/\/vimagazine.com.br\/wp-content\/uploads\/2024\/03\/WhatsApp-Image-2024-03-25-at-12.46.06-225x300.jpeg 225w, https:\/\/vimagazine.com.br\/wp-content\/uploads\/2024\/03\/WhatsApp-Image-2024-03-25-at-12.46.06-1152x1536.jpeg 1152w, https:\/\/vimagazine.com.br\/wp-content\/uploads\/2024\/03\/WhatsApp-Image-2024-03-25-at-12.46.06-1024x1365.jpeg 1024w, https:\/\/vimagazine.com.br\/wp-content\/uploads\/2024\/03\/WhatsApp-Image-2024-03-25-at-12.46.06.jpeg 1200w\" sizes=\"(max-width: 497px) 100vw, 497px\" \/><\/figure>\n\n\n\n<p>Claudia M\u00e9tne, produtora de moda e influencer, marcou presen\u00e7a no programa &#8220;Bispa Fe em Fam\u00edlia&#8221;, apresentado pela bispa Fernanda Hernandes na Rede Gospel. Durante sua participa\u00e7\u00e3o, Claudia apresentou uma mostra de roupas para o outono\/inverno 2024 da marca Alo\u00edcia Modas, al\u00e9m de compartilhar dicas valiosas sobre como se vestir de acordo com o biotipo de cada pessoa.<\/p>\n\n\n\n<p>Um dos destaques da apresenta\u00e7\u00e3o de Claudia foi a forte presen\u00e7a do look em preto e branco, apontado como uma das tend\u00eancias mais marcantes para a esta\u00e7\u00e3o mais fria do ano. Essa combina\u00e7\u00e3o cl\u00e1ssica e atemporal, sempre popular, parece ter ganhado ainda mais for\u00e7a no outono\/inverno de 2024.<\/p>\n\n\n\n<p>O preto e branco oferece uma gama de possibilidades, desde looks mais formais at\u00e9 combina\u00e7\u00f5es casuais e despojadas. A versatilidade dessa paleta permite que cada pessoa personalize seu estilo, adaptando-o ao seu gosto e biotipo.<\/p>\n","protected":false},"excerpt":{"rendered":"<p>Claudia M\u00e9tne, produtora de moda e influencer, marcou presen\u00e7a no programa &#8220;Bispa Fe em Fam\u00edlia&#8221;,&#8230;<\/p>\n","protected":false},"author":19,"featured_media":13296,"comment_status":"closed","ping_status":"open","sticky":false,"template":"","format":"standard","meta":{"om_disable_all_campaigns":false,"_monsterinsights_skip_tracking":false,"_monsterinsights_sitenote_active":false,"_monsterinsights_sitenote_note":"","_monsterinsights_sitenote_category":0,"spay_email":""},"categories":[26],"tags":[],"jetpack_featured_media_url":"https:\/\/vimagazine.com.br\/wp-content\/uploads\/2024\/03\/WhatsApp-Image-2024-03-25-at-12.46.06-1.jpeg","_links":{"self":[{"href":"https:\/\/vimagazine.com.br\/index.php?rest_route=\/wp\/v2\/posts\/13294"}],"collection":[{"href":"https:\/\/vimagazine.com.br\/index.php?rest_route=\/wp\/v2\/posts"}],"about":[{"href":"https:\/\/vimagazine.com.br\/index.php?rest_route=\/wp\/v2\/types\/post"}],"author":[{"embeddable":true,"href":"https:\/\/vimagazine.com.br\/index.php?rest_route=\/wp\/v2\/users\/19"}],"replies":[{"embeddable":true,"href":"https:\/\/vimagazine.com.br\/index.php?rest_route=%2Fwp%2Fv2%2Fcomments&post=13294"}],"version-history":[{"count":1,"href":"https:\/\/vimagazine.com.br\/index.php?rest_route=\/wp\/v2\/posts\/13294\/revisions"}],"predecessor-version":[{"id":13297,"href":"https:\/\/vimagazine.com.br\/index.php?rest_route=\/wp\/v2\/posts\/13294\/revisions\/13297"}],"wp:featuredmedia":[{"embeddable":true,"href":"https:\/\/vimagazine.com.br\/index.php?rest_route=\/wp\/v2\/media\/13296"}],"wp:attachment":[{"href":"https:\/\/vimagazine.com.br\/index.php?rest_route=%2Fwp%2Fv2%2Fmedia&parent=13294"}],"wp:term":[{"taxonomy":"category","embeddable":true,"href":"https:\/\/vimagazine.com.br\/index.php?rest_route=%2Fwp%2Fv2%2Fcategories&post=13294"},{"taxonomy":"post_tag","embeddable":true,"href":"https:\/\/vimagazine.com.br\/index.php?rest_route=%2Fwp%2Fv2%2Ftags&post=13294"}],"curies":[{"name":"wp","href":"https:\/\/api.w.org\/{rel}","templated":true}]}}