{"id":13298,"date":"2024-03-26T10:23:54","date_gmt":"2024-03-26T13:23:54","guid":{"rendered":"https:\/\/vimagazine.com.br\/?p=13298"},"modified":"2024-03-26T10:23:54","modified_gmt":"2024-03-26T13:23:54","slug":"thiago-de-moraes-esta-entusiasmado-com-os-projetos-que-ira-anunciar-em-breve","status":"publish","type":"post","link":"https:\/\/vimagazine.com.br\/?p=13298","title":{"rendered":"Thiago de Moraes est\u00e1  entusiasmado com os projetos que ir\u00e1 anunciar em breve"},"content":{"rendered":"\n<figure class=\"wp-block-image aligncenter size-large is-resized\"><img src=\"https:\/\/vimagazine.com.br\/wp-content\/uploads\/2024\/03\/IMG_7784-1-827x1024.jpg\" alt=\"\" class=\"wp-image-13299\" width=\"506\" height=\"627\" srcset=\"https:\/\/vimagazine.com.br\/wp-content\/uploads\/2024\/03\/IMG_7784-1-827x1024.jpg 827w, https:\/\/vimagazine.com.br\/wp-content\/uploads\/2024\/03\/IMG_7784-1-242x300.jpg 242w, https:\/\/vimagazine.com.br\/wp-content\/uploads\/2024\/03\/IMG_7784-1-768x951.jpg 768w, https:\/\/vimagazine.com.br\/wp-content\/uploads\/2024\/03\/IMG_7784-1-1241x1536.jpg 1241w, https:\/\/vimagazine.com.br\/wp-content\/uploads\/2024\/03\/IMG_7784-1-1024x1268.jpg 1024w, https:\/\/vimagazine.com.br\/wp-content\/uploads\/2024\/03\/IMG_7784-1.jpg 1551w\" sizes=\"(max-width: 506px) 100vw, 506px\" \/><\/figure>\n\n\n\n<p>Thiago de Moraes, um jornalista, jurista e apresentador multifacetado, encontrou-se em uma situa\u00e7\u00e3o inspiradora ao compartilhar seus projetos inovadores com o p\u00fablico.<\/p>\n\n\n\n<p>Sua incurs\u00e3o para encontrar espa\u00e7os para lan\u00e7ar seus projetos revelou uma resposta surpreendente e entusi\u00e1stica das pessoas ao seu redor. O p\u00fablico ficou euf\u00f3rico ao saber dos temas dos lan\u00e7amentos, demonstrando um interesse significativo nos assuntos que abrangem n\u00e3o apenas o Brasil, mas toda a Am\u00e9rica Latina.&nbsp;<\/p>\n\n\n\n<p>As perguntas provocadas pelos temas joviais enriqueceram ainda mais o repert\u00f3rio de Thiago, evidenciando o interesse genu\u00edno do p\u00fablico nos conte\u00fados que ele est\u00e1 prestes a lan\u00e7ar. A intera\u00e7\u00e3o durante as perguntas permitiu a Thiago compartilhar mais detalhes sobre seus projetos, enfatizando a import\u00e2ncia da inova\u00e7\u00e3o tecnol\u00f3gica e cultural para o progresso da sociedade.&nbsp;<\/p>\n\n\n\n<p>Thiago destacou a necessidade de investir em educa\u00e7\u00e3o e capacita\u00e7\u00e3o para os jovens, ressaltando como isso pode ter um impacto positivo amplo na sociedade. Seu discurso reflete n\u00e3o apenas um compromisso com a mudan\u00e7a, mas tamb\u00e9m uma vis\u00e3o otimista para o futuro.&nbsp;<\/p>\n\n\n\n<p>O apoio e entusiasmo recebidos pelo p\u00fablico motivaram e encorajaram Thiago a prosseguir com seus planos.<\/p>\n\n\n\n<p>Determinado, ele est\u00e1 agora finalizando seus projetos e preparando-se para sua inaugura\u00e7\u00e3o, onde os brasileiros ter\u00e3o a oportunidade de desfrutar de informa\u00e7\u00f5es valiosas compartilhadas por um especialista nos temas abordados, atrav\u00e9s de seus canais digitais. Este momento promete ser n\u00e3o apenas um marco em sua carreira, mas tamb\u00e9m uma contribui\u00e7\u00e3o significativa para o cen\u00e1rio cultural e tecnol\u00f3gico do Brasil e da Am\u00e9rica Latina.&nbsp;<\/p>\n","protected":false},"excerpt":{"rendered":"<p>Thiago de Moraes, um jornalista, jurista e apresentador multifacetado, encontrou-se em uma situa\u00e7\u00e3o inspiradora ao&#8230;<\/p>\n","protected":false},"author":19,"featured_media":13300,"comment_status":"closed","ping_status":"open","sticky":false,"template":"","format":"standard","meta":{"om_disable_all_campaigns":false,"_monsterinsights_skip_tracking":false,"_monsterinsights_sitenote_active":false,"_monsterinsights_sitenote_note":"","_monsterinsights_sitenote_category":0,"spay_email":""},"categories":[27,1],"tags":[],"jetpack_featured_media_url":"https:\/\/vimagazine.com.br\/wp-content\/uploads\/2024\/03\/IMG_7784-1-1.jpg","_links":{"self":[{"href":"https:\/\/vimagazine.com.br\/index.php?rest_route=\/wp\/v2\/posts\/13298"}],"collection":[{"href":"https:\/\/vimagazine.com.br\/index.php?rest_route=\/wp\/v2\/posts"}],"about":[{"href":"https:\/\/vimagazine.com.br\/index.php?rest_route=\/wp\/v2\/types\/post"}],"author":[{"embeddable":true,"href":"https:\/\/vimagazine.com.br\/index.php?rest_route=\/wp\/v2\/users\/19"}],"replies":[{"embeddable":true,"href":"https:\/\/vimagazine.com.br\/index.php?rest_route=%2Fwp%2Fv2%2Fcomments&post=13298"}],"version-history":[{"count":1,"href":"https:\/\/vimagazine.com.br\/index.php?rest_route=\/wp\/v2\/posts\/13298\/revisions"}],"predecessor-version":[{"id":13301,"href":"https:\/\/vimagazine.com.br\/index.php?rest_route=\/wp\/v2\/posts\/13298\/revisions\/13301"}],"wp:featuredmedia":[{"embeddable":true,"href":"https:\/\/vimagazine.com.br\/index.php?rest_route=\/wp\/v2\/media\/13300"}],"wp:attachment":[{"href":"https:\/\/vimagazine.com.br\/index.php?rest_route=%2Fwp%2Fv2%2Fmedia&parent=13298"}],"wp:term":[{"taxonomy":"category","embeddable":true,"href":"https:\/\/vimagazine.com.br\/index.php?rest_route=%2Fwp%2Fv2%2Fcategories&post=13298"},{"taxonomy":"post_tag","embeddable":true,"href":"https:\/\/vimagazine.com.br\/index.php?rest_route=%2Fwp%2Fv2%2Ftags&post=13298"}],"curies":[{"name":"wp","href":"https:\/\/api.w.org\/{rel}","templated":true}]}}