{"id":13306,"date":"2024-03-26T20:30:07","date_gmt":"2024-03-26T23:30:07","guid":{"rendered":"https:\/\/vimagazine.com.br\/?p=13306"},"modified":"2024-03-26T20:30:09","modified_gmt":"2024-03-26T23:30:09","slug":"pediatra-alerta-para-o-cuidado-com-os-exageros-na-pascoa","status":"publish","type":"post","link":"https:\/\/vimagazine.com.br\/?p=13306","title":{"rendered":"Pediatra alerta para o cuidado com os exageros na P\u00e1scoa"},"content":{"rendered":"\n<p class=\"has-text-align-center\">Quando se fala em chocolate, a primeira preocupa\u00e7\u00e3o dos pais com seus filhos s\u00e3o as \u00e9pocas festivas. E um exemplo muito presente \u00e9 a P\u00e1scoa.<\/p>\n\n\n\n<p class=\"has-text-align-center\"> \u00c9 quando a oferta de guloseimas aumenta, e a procura para presentear, principalmente as crian\u00e7as, tamb\u00e9m. <\/p>\n\n\n\n<p class=\"has-text-align-center\">Como controlar o exagero de chocolates, principalmente com os pequeninos? A maioria dos especialistas alerta que o ideal \u00e9 consumir entre 25g e 50g de chocolate por dia Isso vale para quem n\u00e3o tem problemas de sa\u00fade e n\u00e3o est\u00e1 de dieta. J\u00e1 o chocolate amargo, se consumido em por\u00e7\u00f5es pequenas, faz bem \u00e0 sa\u00fade.<\/p>\n\n\n\n<p class=\"has-text-align-center\">De acordo com as recomenda\u00e7\u00f5es da Sociedade Brasileira de Pediatria (SBP) e do Minist\u00e9rio da Sa\u00fade (MS), o consumo de chocolate na \u00e9poca de P\u00e1scoa e em outras comemora\u00e7\u00f5es festivas deve ser controlado pelos pais, para evitar que possam provocar diarreia, desconforto abdominal e ganho excessivo de peso. <\/p>\n\n\n\n<p class=\"has-text-align-center\">\u201cOs pais devem oferecer \u00e0s crian\u00e7as os chocolates mais escuros e com baixo teor de a\u00e7\u00facar e gordura, al\u00e9m de definir hor\u00e1rios de consumo da guloseima (ap\u00f3s as principais refei\u00e7\u00f5es, por exemplo), e limitar a duas por\u00e7\u00f5es por vez.<\/p>\n\n\n\n<p class=\"has-text-align-center\">N\u00e3o esquecer, claro, de orient\u00e1-los a escovar os dentes, ap\u00f3s\u201d, aconselha Andressa de Sousa Neves Petti, pediatra do Hospital Dona Helena, de Joinville (SC).<\/p>\n\n\n\n<p class=\"has-text-align-center\">A m\u00e9dica entende que a P\u00e1scoa \u00e9 uma boa oportunidade de educar as crian\u00e7as em rela\u00e7\u00e3o ao consumo de chocolates e ensinar sobre a pr\u00e1tica de nutri\u00e7\u00e3o e escolhas alimentares conscientes.<\/p>\n\n\n\n<p class=\"has-text-align-center\">Pais e familiares devem ensinar sobre a import\u00e2ncia do consumo moderado de doces e chocolates, incentivar o consumo de op\u00e7\u00f5es saud\u00e1veis, com baixo teor de a\u00e7\u00facar ou combinadas a frutas e castanhas. \u201cO cacau \u00e9 uma fonte rica de nutrientes que oferece v\u00e1rios benef\u00edcios para as crian\u00e7as quando consumido com modera\u00e7\u00e3o\u201d afirma a pediatra.<\/p>\n\n\n\n<p class=\"has-text-align-center\">\u00c9 dif\u00edcil ficar satisfeitos com um peda\u00e7o pequeno de chocolate, especialmente se temos v\u00e1rias op\u00e7\u00f5es ao nosso alcance. <\/p>\n\n\n\n<p class=\"has-text-align-center\">E isso ocorre principalmente com as crian\u00e7as e com quem n\u00e3o pode consumir por motivos de alergias e outras comorbidades.<\/p>\n\n\n\n<p class=\"has-text-align-center\">Por esse motivo, a pediatra aconselha que os pais consultem um m\u00e9dico ou nutricionista para a elabora\u00e7\u00e3o de plano alimentar personalizado, que leve em considera\u00e7\u00e3o as restri\u00e7\u00f5es alimentares e as necessidades espec\u00edficas de cada crian\u00e7a.<\/p>\n\n\n\n<p class=\"has-text-align-center\">Vale lembrar, que o ideal \u00e9 comprar chocolates que tenham mais de 40% de cacau em sua composi\u00e7\u00e3o e que o consumo exagerado de pode dar origem a doen\u00e7as como diabetes, sobrepeso e doen\u00e7as gastrointestinais.<\/p>\n\n\n\n<p class=\"has-text-align-center\">Assessoria de Imprensa do Hospital Dona Helena.<\/p>\n\n\n\n<p class=\"has-text-align-center\"> Texto: Lisiane Haas Eleot\u00e9rio. <\/p>\n\n\n\n<p class=\"has-text-align-center\">Jornalista respons\u00e1vel: Guilherme Diefenthaeler <\/p>\n\n\n\n<p class=\"has-text-align-center\">(reg. prof. 6207\/RS).<\/p>\n\n\n\n<p><\/p>\n","protected":false},"excerpt":{"rendered":"<p>Quando se fala em chocolate, a primeira preocupa\u00e7\u00e3o dos pais com seus filhos s\u00e3o as&#8230;<\/p>\n","protected":false},"author":3,"featured_media":13307,"comment_status":"closed","ping_status":"open","sticky":false,"template":"","format":"standard","meta":{"om_disable_all_campaigns":false,"_monsterinsights_skip_tracking":false,"_monsterinsights_sitenote_active":false,"_monsterinsights_sitenote_note":"","_monsterinsights_sitenote_category":0,"spay_email":""},"categories":[1],"tags":[],"jetpack_featured_media_url":"https:\/\/vimagazine.com.br\/wp-content\/uploads\/2024\/03\/WhatsApp-Image-2024-03-25-at-8.01.35-AM-1-e1711495695135.jpeg","_links":{"self":[{"href":"https:\/\/vimagazine.com.br\/index.php?rest_route=\/wp\/v2\/posts\/13306"}],"collection":[{"href":"https:\/\/vimagazine.com.br\/index.php?rest_route=\/wp\/v2\/posts"}],"about":[{"href":"https:\/\/vimagazine.com.br\/index.php?rest_route=\/wp\/v2\/types\/post"}],"author":[{"embeddable":true,"href":"https:\/\/vimagazine.com.br\/index.php?rest_route=\/wp\/v2\/users\/3"}],"replies":[{"embeddable":true,"href":"https:\/\/vimagazine.com.br\/index.php?rest_route=%2Fwp%2Fv2%2Fcomments&post=13306"}],"version-history":[{"count":1,"href":"https:\/\/vimagazine.com.br\/index.php?rest_route=\/wp\/v2\/posts\/13306\/revisions"}],"predecessor-version":[{"id":13308,"href":"https:\/\/vimagazine.com.br\/index.php?rest_route=\/wp\/v2\/posts\/13306\/revisions\/13308"}],"wp:featuredmedia":[{"embeddable":true,"href":"https:\/\/vimagazine.com.br\/index.php?rest_route=\/wp\/v2\/media\/13307"}],"wp:attachment":[{"href":"https:\/\/vimagazine.com.br\/index.php?rest_route=%2Fwp%2Fv2%2Fmedia&parent=13306"}],"wp:term":[{"taxonomy":"category","embeddable":true,"href":"https:\/\/vimagazine.com.br\/index.php?rest_route=%2Fwp%2Fv2%2Fcategories&post=13306"},{"taxonomy":"post_tag","embeddable":true,"href":"https:\/\/vimagazine.com.br\/index.php?rest_route=%2Fwp%2Fv2%2Ftags&post=13306"}],"curies":[{"name":"wp","href":"https:\/\/api.w.org\/{rel}","templated":true}]}}