{"id":13326,"date":"2024-03-28T18:32:38","date_gmt":"2024-03-28T21:32:38","guid":{"rendered":"https:\/\/vimagazine.com.br\/?p=13326"},"modified":"2024-03-28T18:32:43","modified_gmt":"2024-03-28T21:32:43","slug":"roberto-carlos-wanderlea-serao-homenageados-pela-cantora-selma-costa-no-beco-das-garrafas-no-dia-30-de-marco-2024-21h","status":"publish","type":"post","link":"https:\/\/vimagazine.com.br\/?p=13326","title":{"rendered":"ROBERTO CARLOS &amp; WANDERL\u00c9A ser\u00e3o homenageados pela cantora SELMA COSTA no Beco das Garrafas, no dia 30 de mar\u00e7o\/2024, 21h"},"content":{"rendered":"\n<p class=\"has-text-align-center\">O produtor cultural Jo\u00e3o Luiz Azevedo, orgulhosamente apresenta o show da cantora SELMA COSTA que est\u00e1 completando 30 anos de carreira art\u00edstica&#8230;<\/p>\n\n\n\n<p class=\"has-text-align-center\">Neste show, que a cantora SELMA COSTA apresentar\u00e1 o melhor do repert\u00f3rio desses 02 \u00edcones da jovem guarda: o \u2018rei\u2019 ROBERTO CARLOS e a \u2018ternurinha\u2019 WANDERL\u00c9A, ser\u00e1 apresentado no BECO DAS GARRAFAS \/ Bottle\u2019s Bar no dia 30 de mar\u00e7o\/2024, s\u00e1bado 21h.<\/p>\n\n\n\n<figure class=\"wp-block-image aligncenter size-large\"><img width=\"819\" height=\"1024\" src=\"https:\/\/vimagazine.com.br\/wp-content\/uploads\/2024\/03\/flyer-SELMA-COSTAAA-819x1024.jpeg\" alt=\"\" class=\"wp-image-13328\" srcset=\"https:\/\/vimagazine.com.br\/wp-content\/uploads\/2024\/03\/flyer-SELMA-COSTAAA-819x1024.jpeg 819w, https:\/\/vimagazine.com.br\/wp-content\/uploads\/2024\/03\/flyer-SELMA-COSTAAA-240x300.jpeg 240w, https:\/\/vimagazine.com.br\/wp-content\/uploads\/2024\/03\/flyer-SELMA-COSTAAA-768x960.jpeg 768w, https:\/\/vimagazine.com.br\/wp-content\/uploads\/2024\/03\/flyer-SELMA-COSTAAA-1229x1536.jpeg 1229w, https:\/\/vimagazine.com.br\/wp-content\/uploads\/2024\/03\/flyer-SELMA-COSTAAA-1024x1280.jpeg 1024w, https:\/\/vimagazine.com.br\/wp-content\/uploads\/2024\/03\/flyer-SELMA-COSTAAA.jpeg 1536w\" sizes=\"(max-width: 819px) 100vw, 819px\" \/><\/figure>\n\n\n\n<p class=\"has-text-align-center\">\u2018Emo\u00e7\u00f5es\u2019, \u2018Como \u00e9 Grande o meu Amor por Voc\u00ea\u2019, \u2018Ci\u00fames de Voc\u00ea\u2019, \u2018For\u00e7a Estranha\u2019, \u2018Detalhes\u2019, \u2018Esque\u00e7a\u2019, \u2018Quando\u2019, \u2018Eu Sou Terr\u00edvel\u2019, \u2018Sentado a Beira do Caminho\u2019, \u2018O Port\u00e3o\u2019, Outra Vez, \u2018Nossa Can\u00e7\u00e3o\u2019 do repert\u00f3rio do \u201crei\u201d e \u2018Foi Assim\u2019, \u2018Pare o Casamento\u2019, \u2018Te Amo\u2019, \u2018Ternura\u2019, \u2018Eu J\u00e1 nem Sei\u2019, \u2018Prova de Fogo\u2019 do repert\u00f3rio da \u201cternurinha\u201d.<\/p>\n\n\n\n<p class=\"has-text-align-center\">Para o fim do show, SELMA COSTA preparou uma grande surpresa para seus f\u00e3s&#8230; vale muito a pena esperar para conferir&#8230; &nbsp;<\/p>\n\n\n\n<p class=\"has-text-align-center\"><strong>Show *\u201dHOMENAGEM ao REI e a TERNURINHA\u201d*<\/strong><\/p>\n\n\n\n<p class=\"has-text-align-center\"><strong>Com a cantora Selma Costa e a participa\u00e7\u00e3o especial da Lucy Ribeiro ( voz &amp; viol\u00e3o )<\/strong><\/p>\n\n\n\n<p class=\"has-text-align-center\"><strong>Produ\u00e7\u00e3o e Assessoria de Imprensa: Jo\u00e3o Luiz Azevedo<\/strong><\/p>\n\n\n\n<p class=\"has-text-align-center\"><strong>*Beco das Garrafas \/ Bottle\u2019s Bar*<\/strong><\/p>\n\n\n\n<p class=\"has-text-align-center\"><strong>Rua Duvivier 37 \u2013 Copacabana<\/strong><\/p>\n\n\n\n<p class=\"has-text-align-center\"><strong>*Dia 30 de Mar\u00e7o \/2024*<\/strong><\/p>\n\n\n\n<p class=\"has-text-align-center\"><strong>S\u00e1bado 21h<\/strong><\/p>\n\n\n\n<p class=\"has-text-align-center\"><strong>*Couvert Art\u00edstico: 60 reais*.<\/strong><\/p>\n\n\n\n<p class=\"has-text-align-center\"><strong>Lista Amiga para ingressos antecipados: 50 reais. Informa\u00e7\u00f5es pelo tel\/zap: 21 -9.9605-3074&nbsp;&nbsp;<\/strong><\/p>\n\n\n\n<p class=\"has-text-align-center\"><strong>Livre para todas as idades.<\/strong><\/p>\n\n\n\n<p class=\"has-text-align-center\"><strong>Capacidade do local: 60 pessoas.<\/strong><\/p>\n\n\n\n<figure class=\"wp-block-image aligncenter size-full\"><img width=\"554\" height=\"554\" src=\"https:\/\/vimagazine.com.br\/wp-content\/uploads\/2024\/03\/SELMA-COSTA-04-foto-de-Rogerio-Fidalgo.jpg\" alt=\"\" class=\"wp-image-13329\" srcset=\"https:\/\/vimagazine.com.br\/wp-content\/uploads\/2024\/03\/SELMA-COSTA-04-foto-de-Rogerio-Fidalgo.jpg 554w, https:\/\/vimagazine.com.br\/wp-content\/uploads\/2024\/03\/SELMA-COSTA-04-foto-de-Rogerio-Fidalgo-300x300.jpg 300w, https:\/\/vimagazine.com.br\/wp-content\/uploads\/2024\/03\/SELMA-COSTA-04-foto-de-Rogerio-Fidalgo-150x150.jpg 150w\" sizes=\"(max-width: 554px) 100vw, 554px\" \/><\/figure>\n","protected":false},"excerpt":{"rendered":"<p>O produtor cultural Jo\u00e3o Luiz Azevedo, orgulhosamente apresenta o show da cantora SELMA COSTA que&#8230;<\/p>\n","protected":false},"author":3,"featured_media":13327,"comment_status":"closed","ping_status":"open","sticky":false,"template":"","format":"standard","meta":{"om_disable_all_campaigns":false,"_monsterinsights_skip_tracking":false,"_monsterinsights_sitenote_active":false,"_monsterinsights_sitenote_note":"","_monsterinsights_sitenote_category":0,"spay_email":""},"categories":[1],"tags":[],"jetpack_featured_media_url":"https:\/\/vimagazine.com.br\/wp-content\/uploads\/2024\/03\/SELMA-COSTA-01.jpeg","_links":{"self":[{"href":"https:\/\/vimagazine.com.br\/index.php?rest_route=\/wp\/v2\/posts\/13326"}],"collection":[{"href":"https:\/\/vimagazine.com.br\/index.php?rest_route=\/wp\/v2\/posts"}],"about":[{"href":"https:\/\/vimagazine.com.br\/index.php?rest_route=\/wp\/v2\/types\/post"}],"author":[{"embeddable":true,"href":"https:\/\/vimagazine.com.br\/index.php?rest_route=\/wp\/v2\/users\/3"}],"replies":[{"embeddable":true,"href":"https:\/\/vimagazine.com.br\/index.php?rest_route=%2Fwp%2Fv2%2Fcomments&post=13326"}],"version-history":[{"count":1,"href":"https:\/\/vimagazine.com.br\/index.php?rest_route=\/wp\/v2\/posts\/13326\/revisions"}],"predecessor-version":[{"id":13330,"href":"https:\/\/vimagazine.com.br\/index.php?rest_route=\/wp\/v2\/posts\/13326\/revisions\/13330"}],"wp:featuredmedia":[{"embeddable":true,"href":"https:\/\/vimagazine.com.br\/index.php?rest_route=\/wp\/v2\/media\/13327"}],"wp:attachment":[{"href":"https:\/\/vimagazine.com.br\/index.php?rest_route=%2Fwp%2Fv2%2Fmedia&parent=13326"}],"wp:term":[{"taxonomy":"category","embeddable":true,"href":"https:\/\/vimagazine.com.br\/index.php?rest_route=%2Fwp%2Fv2%2Fcategories&post=13326"},{"taxonomy":"post_tag","embeddable":true,"href":"https:\/\/vimagazine.com.br\/index.php?rest_route=%2Fwp%2Fv2%2Ftags&post=13326"}],"curies":[{"name":"wp","href":"https:\/\/api.w.org\/{rel}","templated":true}]}}