{"id":13339,"date":"2024-03-29T14:49:44","date_gmt":"2024-03-29T17:49:44","guid":{"rendered":"https:\/\/vimagazine.com.br\/?p=13339"},"modified":"2024-03-29T14:49:45","modified_gmt":"2024-03-29T17:49:45","slug":"tres-oleos-essenciais-para-aprimorar-o-foco-e-a-concentracao","status":"publish","type":"post","link":"https:\/\/vimagazine.com.br\/?p=13339","title":{"rendered":"Tr\u00eas \u00f3leos essenciais para aprimorar o foco e a concentra\u00e7\u00e3o"},"content":{"rendered":"\n<p><\/p>\n\n\n\n<p class=\"has-medium-font-size\"><em><strong>\u00d3leos atuam no c\u00e9rebro como estimulantes, aumentando o desempenho cognitivo, o racioc\u00ednio e a memoriza\u00e7\u00e3o<\/strong><\/em><\/p>\n\n\n\n<p><\/p>\n\n\n\n<p>A aromaterapia, pr\u00e1tica de aprimoramento da qualidade de vida e bem-estar atrav\u00e9s do uso de extratos naturais, \u00e9 internacionalmente reconhecida por seus benef\u00edcios. No exterior, \u00e9 o International Federation of Aromatherapists (IFA) &#8211; presente em 73 pa\u00edses &#8211; que define a aromaterapia como uma &#8220;antiga arte e ci\u00eancia de misturar \u00f3leos essenciais extra\u00eddos de plantas e outros compostos vegetais para equilibrar, harmonizar e promover a sa\u00fade do corpo e da mente&#8221;.<\/p>\n\n\n\n<p>Promessa de sustentabilidade, a aromaterapia \u00e9, tamb\u00e9m, um caminho para as pr\u00e1ticas de sa\u00fade com potencial redu\u00e7\u00e3o do uso de pl\u00e1sticos e micropl\u00e1sticos. Segundo uma&nbsp;<a href=\"https:\/\/click.cse360.com.br\/Click\/AddCampaignEmailClick\/ade57a9c-dd79-43fd-1942-08dc49d41cfc\/https%253a%252f%252fwww.theihc.org.uk%252f\/84a13bf5-1001-4b37-93cf-9aa5931b4a9b\/vimagazine@vimagazine.com.br\/True\" rel=\"noreferrer noopener\" target=\"_blank\">pesquisa<\/a>&nbsp;feita em mar\u00e7o de 2023 pelo Integrated Healthcare Collaborative (IHC), do qual o IFA \u00e9 membro principal, 85% dos terapeutas de sa\u00fade complementares, tradicionais e naturais n\u00e3o utilizam produtos \u00e0 base de pl\u00e1stico na sua pr\u00e1tica.<\/p>\n\n\n\n<p>O Brasil adota a defini\u00e7\u00e3o da Organiza\u00e7\u00e3o Mundial de Sa\u00fade (OMS) e reconhece a aromaterapia como um recurso terap\u00eautico leg\u00edtimo, por\u00e9m, assistencial. A t\u00e9cnica \u00e9 listada nas&nbsp;<a href=\"https:\/\/click.cse360.com.br\/Click\/AddCampaignEmailClick\/ade57a9c-dd79-43fd-1942-08dc49d41cfc\/https%253a%252f%252fwww.gov.br%252fsaude%252fpt-br%252fcomposicao%252fsaps%252fpics\/84a13bf5-1001-4b37-93cf-9aa5931b4a9b\/vimagazine@vimagazine.com.br\/True\" rel=\"noreferrer noopener\" target=\"_blank\">Pr\u00e1ticas Integrativas e Complementares<\/a>&nbsp;utilizadas pelo Sistema \u00danico de Sa\u00fade (SUS), auxiliando no tratamento de ansiedade, depress\u00e3o, ins\u00f4nia, enxaqueca, alergia, entre outras condi\u00e7\u00f5es.<\/p>\n\n\n\n<p><strong>\u00d3leos atuam no c\u00e9rebro como estimulantes<\/strong><\/p>\n\n\n\n<p>Segundo&nbsp;<a href=\"https:\/\/click.cse360.com.br\/Click\/AddCampaignEmailClick\/ade57a9c-dd79-43fd-1942-08dc49d41cfc\/https%253a%252f%252fwww.formularium.com.br%252f\/84a13bf5-1001-4b37-93cf-9aa5931b4a9b\/vimagazine@vimagazine.com.br\/True\" rel=\"noreferrer noopener\" target=\"_blank\">Paula Molari Abdo<\/a>, farmac\u00eautica pela USP, diretora t\u00e9cnica da&nbsp;<a href=\"https:\/\/click.cse360.com.br\/Click\/AddCampaignEmailClick\/ade57a9c-dd79-43fd-1942-08dc49d41cfc\/https%253a%252f%252fwww.instagram.com%252fformularium_referencia%252f\/84a13bf5-1001-4b37-93cf-9aa5931b4a9b\/vimagazine@vimagazine.com.br\/True\" rel=\"noreferrer noopener\" target=\"_blank\">Formularium<\/a>, e membro da ABC (Associa\u00e7\u00e3o Brasileira de Cosmetologia); os \u00f3leos podem ser utilizados pela aplica\u00e7\u00e3o na pele, atrav\u00e9s do uso de aromatizadores e de difusores ou pela aspira\u00e7\u00e3o do seu cheiro.<\/p>\n\n\n\n<p>&#8220;Quando inalados, o olfato reconhece as mol\u00e9culas dos \u00f3leos essenciais atrav\u00e9s de seus receptores, provocando altera\u00e7\u00f5es positivas associadas ao sistema l\u00edmbico, regi\u00e3o do c\u00e9rebro respons\u00e1vel por emo\u00e7\u00f5es e comportamentos sociais&#8221;.<\/p>\n\n\n\n<p>Entretanto, a especialista em Aten\u00e7\u00e3o Farmac\u00eautica pela USP e membro da ANFARMAG (Associa\u00e7\u00e3o Nacional de Farmac\u00eauticos Magistrais) faz um alerta.<\/p>\n\n\n\n<p>&#8220;Antes de fazer uso de algum \u00f3leo ou extrato, \u00e9 preciso saber a causa da sua dificuldade de foco e concentra\u00e7\u00e3o. Os motivos podem envolver desde fadiga, estresse e ansiedade, at\u00e9 outras condi\u00e7\u00f5es que exigem uma avalia\u00e7\u00e3o mais aprofundada. Da\u00ed a import\u00e2ncia de recorrer \u00e0 ajuda de um profissional de sa\u00fade&#8221;.<\/p>\n\n\n\n<p>Ap\u00f3s identificar as causas, fica mais f\u00e1cil saber quais extratos naturais s\u00e3o mais adequados \u00e0 sua situa\u00e7\u00e3o. &#8220;H\u00e1 \u00f3leos que aliviam dores, outros que provocam sensa\u00e7\u00e3o anest\u00e9sica tempor\u00e1ria, e outros que ajudam a relaxar e organizar a mente, otimizando a aten\u00e7\u00e3o, o foco e, consequentemente, a produtividade&#8221;.<\/p>\n\n\n\n<p>Para este \u00faltimo caso, a farmac\u00eautica indica 3 \u00f3leos essenciais que estimulam sua capacidade cognitiva:<\/p>\n\n\n\n<p><strong>\u00d3leo de Alecrim<\/strong>: no extenso cat\u00e1logo dos \u00f3leos essenciais \u2013 h\u00e1 mais de 400 extratos em uso atualmente \u2013 o \u00f3leo essencial de alecrim (<em>Rosmarinus officinalis<\/em>) ainda \u00e9 um dos mais recentemente explorados. No entanto, seu desempenho j\u00e1 vem sendo reconhecido.<\/p>\n\n\n\n<p>De acordo com uma&nbsp;<a href=\"https:\/\/click.cse360.com.br\/Click\/AddCampaignEmailClick\/ade57a9c-dd79-43fd-1942-08dc49d41cfc\/https%253a%252f%252fwww.ncbi.nlm.nih.gov%252fpmc%252farticles%252fPMC3700080%252f\/84a13bf5-1001-4b37-93cf-9aa5931b4a9b\/vimagazine@vimagazine.com.br\/True\" rel=\"noreferrer noopener\" target=\"_blank\">pesquisa<\/a>&nbsp;publicada no&nbsp;<em>Scientia Pharmaceutica<\/em>, o \u00f3leo de alecrim tem uma a\u00e7\u00e3o pronunciada no c\u00e9rebro e no sistema nervoso central (SNC), sendo uma ferramenta importante para &#8220;esvaziar a mente&#8221;. O mesmo estudo tamb\u00e9m aponta que o extrato tem propriedades estimulantes do c\u00e9rebro, aumentando a capacidade de racioc\u00ednio e memoriza\u00e7\u00e3o.<\/p>\n\n\n\n<p><strong>\u00d3leo de Capim-Lim\u00e3o<\/strong>: o capim-lim\u00e3o (<em>Cymbopogon citratus<\/em>) \u00e9 uma planta utilizada com abrang\u00eancia no sudeste asi\u00e1tico, sobretudo na Tail\u00e2ndia, seja para cozinhar, como para fins medicinais. Ela possui propriedades antiinflamat\u00f3rias, antinociceptivas (diminui a percep\u00e7\u00e3o da dor) e antioxidantes. Este \u00faltimo, reconhecido por proteger o c\u00e9rebro contra danos oxidativos, contribui para o decl\u00ednio cognitivo.<\/p>\n\n\n\n<p>Com o objetivo de examinar os impactos da exposi\u00e7\u00e3o do \u00f3leo essencial de capim-lim\u00e3o em regi\u00f5es espec\u00edficas do c\u00e9rebro, um&nbsp;<a href=\"https:\/\/click.cse360.com.br\/Click\/AddCampaignEmailClick\/ade57a9c-dd79-43fd-1942-08dc49d41cfc\/https%253a%252f%252fwww.researchgate.net%252fpublication%252f378775027_Deciphering_the_Mysteries_of_Aromatic_Incentive_of_Lemongrass_Essential_Oil_Inhalation_on_Brain_Activities_in_Healthy_Adults\/84a13bf5-1001-4b37-93cf-9aa5931b4a9b\/vimagazine@vimagazine.com.br\/True\" rel=\"noreferrer noopener\" target=\"_blank\">estudo<\/a>&nbsp;publicado em mar\u00e7o deste ano no&nbsp;<em>International Journal For Multidisciplinary Research<\/em>&nbsp;constatou que ao inalarem o \u00f3leo essencial de capim-lim\u00e3o, as participantes tiveram um aumento nas fun\u00e7\u00f5es das \u00e1reas pr\u00e9-frontal, frontal e occipital.<\/p>\n\n\n\n<p>Ou seja, as mulheres melhoraram seu desempenho cognitivo em rela\u00e7\u00e3o aos dom\u00ednios da aten\u00e7\u00e3o e da qualidade da mem\u00f3ria, enquanto os \u00edndices de calma e alerta da mente tamb\u00e9m apresentaram melhorias significativas.<\/p>\n\n\n\n<p><strong>\u00d3leo de Lavanda<\/strong>: um dos mais usados para desequil\u00edbrios emocionais, o \u00f3leo de lavanda pode reduzir os n\u00edveis de cortisol, beneficiando o sistema nervoso aut\u00f4nomo e aliviando sintomas de ansiedade generalizada, estresse cr\u00f4nico, irritabilidade e inquieta\u00e7\u00e3o.<\/p>\n\n\n\n<p>Segundo Paula Molari, um dos seus diferenciais \u00e9 a altera\u00e7\u00e3o qu\u00edmica dos neurotransmissores cerebrais, sem causar os comuns efeitos colaterais dos medicamentos sint\u00e9ticos alop\u00e1ticos, como a depend\u00eancia ou s\u00edndrome de abstin\u00eancia.<\/p>\n\n\n\n<p>&#8220;Vale lembrar que o acompanhamento m\u00e9dico \u00e9 indispens\u00e1vel, n\u00e3o sendo poss\u00edvel utilizar somente os \u00f3leos essenciais para o tratamento de doen\u00e7as ou sintomas. Contudo, em situa\u00e7\u00f5es em que n\u00e3o h\u00e1 algo patol\u00f3gico, os \u00f3leos essenciais s\u00e3o alternativas eficazes na interven\u00e7\u00e3o dos desequil\u00edbrios emocionais&#8221;, finaliza a farmac\u00eautica Paula Molari Abdo.<\/p>\n","protected":false},"excerpt":{"rendered":"<p>\u00d3leos atuam no c\u00e9rebro como estimulantes, aumentando o desempenho cognitivo, o racioc\u00ednio e a memoriza\u00e7\u00e3o&#8230;<\/p>\n","protected":false},"author":1,"featured_media":13340,"comment_status":"closed","ping_status":"open","sticky":false,"template":"","format":"standard","meta":{"om_disable_all_campaigns":false,"_monsterinsights_skip_tracking":false,"_monsterinsights_sitenote_active":false,"_monsterinsights_sitenote_note":"","_monsterinsights_sitenote_category":0,"spay_email":""},"categories":[1],"tags":[],"jetpack_featured_media_url":"https:\/\/vimagazine.com.br\/wp-content\/uploads\/2024\/03\/248d0f6b-38ac-4802-8bdf-458a35cb5711.jpg","_links":{"self":[{"href":"https:\/\/vimagazine.com.br\/index.php?rest_route=\/wp\/v2\/posts\/13339"}],"collection":[{"href":"https:\/\/vimagazine.com.br\/index.php?rest_route=\/wp\/v2\/posts"}],"about":[{"href":"https:\/\/vimagazine.com.br\/index.php?rest_route=\/wp\/v2\/types\/post"}],"author":[{"embeddable":true,"href":"https:\/\/vimagazine.com.br\/index.php?rest_route=\/wp\/v2\/users\/1"}],"replies":[{"embeddable":true,"href":"https:\/\/vimagazine.com.br\/index.php?rest_route=%2Fwp%2Fv2%2Fcomments&post=13339"}],"version-history":[{"count":1,"href":"https:\/\/vimagazine.com.br\/index.php?rest_route=\/wp\/v2\/posts\/13339\/revisions"}],"predecessor-version":[{"id":13341,"href":"https:\/\/vimagazine.com.br\/index.php?rest_route=\/wp\/v2\/posts\/13339\/revisions\/13341"}],"wp:featuredmedia":[{"embeddable":true,"href":"https:\/\/vimagazine.com.br\/index.php?rest_route=\/wp\/v2\/media\/13340"}],"wp:attachment":[{"href":"https:\/\/vimagazine.com.br\/index.php?rest_route=%2Fwp%2Fv2%2Fmedia&parent=13339"}],"wp:term":[{"taxonomy":"category","embeddable":true,"href":"https:\/\/vimagazine.com.br\/index.php?rest_route=%2Fwp%2Fv2%2Fcategories&post=13339"},{"taxonomy":"post_tag","embeddable":true,"href":"https:\/\/vimagazine.com.br\/index.php?rest_route=%2Fwp%2Fv2%2Ftags&post=13339"}],"curies":[{"name":"wp","href":"https:\/\/api.w.org\/{rel}","templated":true}]}}