{"id":13346,"date":"2024-03-29T15:02:20","date_gmt":"2024-03-29T18:02:20","guid":{"rendered":"https:\/\/vimagazine.com.br\/?p=13346"},"modified":"2024-03-29T15:02:21","modified_gmt":"2024-03-29T18:02:21","slug":"eduardo-kobra-inaugura-exposicao-em-celebracao-aos-40-anos-das-relacoes-bilaterais-entre-brasil-e-san-marino","status":"publish","type":"post","link":"https:\/\/vimagazine.com.br\/?p=13346","title":{"rendered":"Eduardo Kobra inaugura exposi\u00e7\u00e3o em celebra\u00e7\u00e3o aos 40 anos das rela\u00e7\u00f5es bilaterais entre Brasil e San Marino"},"content":{"rendered":"\n<p><\/p>\n\n\n\n<p class=\"has-medium-font-size\"><em><strong>Artista pl\u00e1stico ser\u00e1 um dos representantes brasileiros durante s\u00e9rie de eventos na rep\u00fablica mais antiga do mundo<\/strong><\/em><\/p>\n\n\n\n<p>Consagrado como um dos maiores nomes da arte urbana no mundo, o artista pl\u00e1stico Eduardo Kobra inaugura, nesta quinta-feira (28), uma exposi\u00e7\u00e3o especial em celebra\u00e7\u00e3o aos 40 anos das rela\u00e7\u00f5es bilaterais entre Brasil e San Marino. Ao todo, ser\u00e3o exibidas nove obras no Palazzo del Turismo, na Cidade de San Marino, capital sanmarinense, at\u00e9 o dia 3 de setembro. Entre elas, oito telas originais que estiveram na exposi\u00e7\u00e3o &#8220;Recortes&#8221;, no Museu Palazzo Plu, em Pisa, na It\u00e1lia.&nbsp;<\/p>\n\n\n\n<p>Representando a cultura brasileira na rep\u00fablica mais antiga do mundo, o muralista tamb\u00e9m desenvolveu uma arte exclusiva que mostra a paz entre as na\u00e7\u00f5es, simbolizada por duas m\u00e3os com as duas bandeiras nacionais e pombas brancas. O painel ser\u00e1 doado ao governo de San Marino e ficar\u00e1 no Pal\u00e1cio Nacional. A arte tamb\u00e9m vai ser transformada em um selo comemorativo.<\/p>\n\n\n\n<p>&#8220;Minha amizade com San Marino come\u00e7ou em 2022, quando pintei aqui um mural imenso sobre a hist\u00f3ria deste pequeno pa\u00eds, considerado o Estado nacional e a rep\u00fablica mais antigos do mundo. Estou aqui de novo para um importante evento: fui convidado para expor algumas de minhas telas para celebrar os 40 anos de rela\u00e7\u00f5es diplom\u00e1ticas entre San Marino e Brasil&#8221;, destaca Kobra.&nbsp;<\/p>\n\n\n\n<p>Outro destaque \u00e9 a exibi\u00e7\u00e3o do filme brasileiro &#8220;Kobra &#8211; Auto Retrato&#8221;, biografia do artista assinada pela consagrada cineasta Lina Chamie, que ser\u00e1 transmitida nesta quinta-feira, \u00e0s 21h, no Cinema Conc\u00f3rdia, na cidade de Valdragone. No mesmo dia, o artista vai receber uma condecora\u00e7\u00e3o da Ordem de Santa Cruz di Sant&#8217;Agata.&nbsp;<\/p>\n\n\n\n<p>Ele vai acompanhar, ainda, a cerim\u00f4nia de troca dos dois capit\u00e3es-regentes, que acontecer\u00e1 na pr\u00f3xima segunda-feira (1\u00ba). Tradicionalmente, o Grande Conselho Geral elege, a cada seis meses, dois capit\u00e3es-regentes que atuar\u00e3o em conjunto como chefes de Estado. Esse modelo de governo existe desde o ano 1243.<\/p>\n\n\n\n<p>Kobra levou o seu trabalho para mais de 40 pa\u00edses, em cinco continentes, ao longo das \u00faltimas tr\u00eas d\u00e9cadas. Em 2022, o artista produziu, a convite de autoridades de San Marino, uma de suas maiores obras, com 1,3 mil metros quadrados. Localizado em Faetano, com vista para o Monte Titano e as famosas Tr\u00eas Torres, o mural apresenta a hist\u00f3ria do povo e retrata pessoas reais com trajes tradicionais de \u00e9poca. A obra, inclusive, virou atra\u00e7\u00e3o tur\u00edstica depois que uma ponte foi constru\u00edda para facilitar o acesso de moradores e turistas. Pela primeira vez, uma arte dele foi transformada, tamb\u00e9m, em um selo comemorativo.<\/p>\n\n\n\n<p>&#8220;San Marino \u00e9 a primeira rep\u00fablica do mundo, com cerca de 1723 anos, e representa uma quebra de paradigma poder trazer uma arte t\u00e3o contempor\u00e2nea como a Street Art para um local tradicional&#8221;, finaliza Kobra.<\/p>\n\n\n\n<p><strong>Sobre Eduardo Kobra<\/strong><\/p>\n\n\n\n<p>Nascido na periferia de S\u00e3o Paulo em 1975, Eduardo Kobra alcan\u00e7ou reconhecimento global como um dos artistas mais renomados da atualidade. Sua jornada art\u00edstica come\u00e7ou como pichador na adolesc\u00eancia. Ao longo dos anos, Kobra desenvolveu seu estilo marcante de muralismo, caracterizado por cores vibrantes e contrastantes, e sua habilidade em retratar personalidades, fatos hist\u00f3ricos e quest\u00f5es sociais em murais gigantescos.<\/p>\n\n\n\n<p>Com obras em cinco continentes, Kobra quebrou recordes de tamanho de murais, incluindo o maior mural grafitado do mundo. Seu trabalho ganhou visibilidade internacional, com destaque para a obra &#8220;O Beijo&#8221; em Nova York. Al\u00e9m disso, ele recebeu convites de galerias, museus e organiza\u00e7\u00f5es, incluindo a ONU, para exibir suas obras e participar de projetos de prest\u00edgio.&nbsp;<\/p>\n\n\n\n<p>Kobra tamb\u00e9m se envolve em causas sociais, usando a arte como ve\u00edculo para promover mudan\u00e7as positivas. Seu Instituto Kobra busca aproximar a cultura a quem tem menos acesso e apoiar causas humanit\u00e1rias, enquanto suas parcerias com empresas contribuem para viabilizar seus projetos p\u00fablicos de grande escala. Sua trajet\u00f3ria \u00e9 um exemplo inspirador de como a arte pode transcender fronteiras e causar impacto positivo no mundo.<\/p>\n","protected":false},"excerpt":{"rendered":"<p>Artista pl\u00e1stico ser\u00e1 um dos representantes brasileiros durante s\u00e9rie de eventos na rep\u00fablica mais antiga&#8230;<\/p>\n","protected":false},"author":1,"featured_media":13347,"comment_status":"closed","ping_status":"open","sticky":false,"template":"","format":"standard","meta":{"om_disable_all_campaigns":false,"_monsterinsights_skip_tracking":false,"_monsterinsights_sitenote_active":false,"_monsterinsights_sitenote_note":"","_monsterinsights_sitenote_category":0,"spay_email":""},"categories":[1],"tags":[],"jetpack_featured_media_url":"https:\/\/vimagazine.com.br\/wp-content\/uploads\/2024\/03\/5e024d6a-d8b4-43ad-b0d6-3919a8c60802.jpeg","_links":{"self":[{"href":"https:\/\/vimagazine.com.br\/index.php?rest_route=\/wp\/v2\/posts\/13346"}],"collection":[{"href":"https:\/\/vimagazine.com.br\/index.php?rest_route=\/wp\/v2\/posts"}],"about":[{"href":"https:\/\/vimagazine.com.br\/index.php?rest_route=\/wp\/v2\/types\/post"}],"author":[{"embeddable":true,"href":"https:\/\/vimagazine.com.br\/index.php?rest_route=\/wp\/v2\/users\/1"}],"replies":[{"embeddable":true,"href":"https:\/\/vimagazine.com.br\/index.php?rest_route=%2Fwp%2Fv2%2Fcomments&post=13346"}],"version-history":[{"count":1,"href":"https:\/\/vimagazine.com.br\/index.php?rest_route=\/wp\/v2\/posts\/13346\/revisions"}],"predecessor-version":[{"id":13348,"href":"https:\/\/vimagazine.com.br\/index.php?rest_route=\/wp\/v2\/posts\/13346\/revisions\/13348"}],"wp:featuredmedia":[{"embeddable":true,"href":"https:\/\/vimagazine.com.br\/index.php?rest_route=\/wp\/v2\/media\/13347"}],"wp:attachment":[{"href":"https:\/\/vimagazine.com.br\/index.php?rest_route=%2Fwp%2Fv2%2Fmedia&parent=13346"}],"wp:term":[{"taxonomy":"category","embeddable":true,"href":"https:\/\/vimagazine.com.br\/index.php?rest_route=%2Fwp%2Fv2%2Fcategories&post=13346"},{"taxonomy":"post_tag","embeddable":true,"href":"https:\/\/vimagazine.com.br\/index.php?rest_route=%2Fwp%2Fv2%2Ftags&post=13346"}],"curies":[{"name":"wp","href":"https:\/\/api.w.org\/{rel}","templated":true}]}}